{"id":16537,"date":"2022-06-02T18:29:15","date_gmt":"2022-06-02T21:29:15","guid":{"rendered":"https:\/\/www.ifbaiano.edu.br\/unidades\/santaines\/?p=16537"},"modified":"2022-07-02T09:41:57","modified_gmt":"2022-07-02T12:41:57","slug":"campus-santa-ines-publica-edital-de-selecao-para-estagio-remunerado","status":"publish","type":"post","link":"https:\/\/www.ifbaiano.edu.br\/unidades\/santaines\/campus-santa-ines-publica-edital-de-selecao-para-estagio-remunerado\/","title":{"rendered":"Campus Santa In\u00eas publica edital de sele\u00e7\u00e3o para est\u00e1gio remunerado"},"content":{"rendered":"\n<p>O IF Baiano &#8211; Campus Santa In\u00eas publica o <a href=\"https:\/\/www.ifbaiano.edu.br\/unidades\/santaines\/files\/2022\/06\/EDITAL-N.o-14_2022-DE-02-DE-JUNHO-DE-2022-1.pdf\">Edital n\u00ba 14\/2022<\/a> com abertura de inscri\u00e7\u00f5es, no per\u00edodo de 06 a 12 de junho de 2022, destinadas \u00e0 sele\u00e7\u00e3o de estagi\u00e1rios para atuarem no Campus. O processo seletivo destina-se ao preenchimento de quatro vagas, sendo duas para n\u00edvel superior e duas para n\u00edvel m\u00e9dio. O edital tamb\u00e9m rege a sele\u00e7\u00e3o para forma\u00e7\u00e3o do cadastro de reserva.&nbsp;<\/p>\n\n\n\n<p>O est\u00e1gio acad\u00eamico desenvolvido no \u00e2mbito do IF Baiano \u2013 Campus Santa In\u00eas, tem por objetivo proporcionar aos estudantes a oportunidade de realiza\u00e7\u00e3o de est\u00e1gio remunerado, visando o aprendizado e \u00e0 complementa\u00e7\u00e3o da forma\u00e7\u00e3o acad\u00eamica. <\/p>\n\n\n\n<p>Os candidatos poder\u00e3o se inscrever de forma <em>online <\/em>onde \u00e9 necess\u00e1rio preencher a ficha de inscri\u00e7\u00e3o, digitalizar e enviar para o e-mail: comissao.estagio@si.ifbaiano.edu.br juntamente com as demais documenta\u00e7\u00f5es exigidas pelo edital, at\u00e9 \u00e0s 23h59min do dia 12\/06. E tamb\u00e9m de forma presencial onde dever\u00e1 se dirigir ao N\u00facleo de Atendimento Especializado ao Discente (antiga casa de cultura) localizada no IF Baiano \u2013 Campus Santa In\u00eas, no per\u00edodo de 06 a 12 de junho de 2022, no hor\u00e1rio de 07h40min \u00e0s 11h e das 14h \u00e0s 16h30min.<\/p>\n\n\n\n<p>Para as duas vagas de n\u00edvel m\u00e9dio, poder\u00e3o  concorrer, estudantes devidamente matriculados no 2\u00ba ano do Ensino M\u00e9dio da rede estadual de ensino do Munic\u00edpio de Santa In\u00eas. Para as vagas de n\u00edvel superior, poder\u00e3o concorrer, estudantes do Campus Santa In\u00eas, devidamente matriculados nos cursos de gradua\u00e7\u00e3o a partir do 2\u00ba semestre. <\/p>\n\n\n\n<p>O estagi\u00e1rio de n\u00edvel superior receber\u00e1 durante o per\u00edodo em que estiver atuando no est\u00e1gio, bolsa-aux\u00edlio mensal no valor de R$ 787,98 (Setecentos e oitenta e sete reais e noventa e oito centavos) para carga hor\u00e1ria de 04 (quatro) horas di\u00e1rias e o estagi\u00e1rio de n\u00edvel m\u00e9dio, o valor da bolsa- aux\u00edlio mensal \u00e9 de R$ 694,36 (Seiscentos e noventa e quatro reais e trinta e seis centavos) para carga hor\u00e1ria de 06 (seis) horas di\u00e1rias. Ambos receber\u00e3o, tamb\u00e9m, aux\u00edlio-transporte no valor de R$ 10,00 (dez reais) di\u00e1rios, al\u00e9m de garantia de seguro contra acidentes pessoais enquanto estiver nas depend\u00eancias do IF Baiano &#8211; Campus Santa In\u00eas.<\/p>\n\n\n\n<p>Os crit\u00e9rios de sele\u00e7\u00e3o e demais informa\u00e7\u00f5es sobre o processo seletivo poder\u00e3o ser consultados no <a href=\"https:\/\/www.ifbaiano.edu.br\/unidades\/santaines\/files\/2022\/06\/EDITAL-N.o-14_2022-DE-02-DE-JUNHO-DE-2022-1.pdf\">edital<\/a>. As d\u00favidas dever\u00e3o ser encaminhadas para o e-mail comissao.estagio@si.ifbaiano.edu.br.<\/p>\n\n\n\n<p>Os documentos referentes ao processo seletivo est\u00e3o dispon\u00edveis na <a href=\"https:\/\/concurso.ifbaiano.edu.br\/portal\/estagio-santa-ines-junho-2022\/\">P\u00e1gina de Concursos<\/a>, no portal do IF Baiano<\/p>\n\n\n\n<hr class=\"wp-block-separator\" \/>\n\n\n\n<p><br><strong>Documentos do processo seletivo<\/strong><\/p>\n\n\n\n<ul><li><a rel=\"noreferrer noopener\" target=\"_blank\" href=\"https:\/\/concurso.ifbaiano.edu.br\/portal\/estagio-santa-ines-junho-2022\/wp-content\/uploads\/sites\/607\/2022\/06\/EDITAL-N.o-14_2022-DE-02-DE-JUNHO-DE-2022.pdf\">Edital n\u00ba 14<\/a><\/li><li><a href=\"https:\/\/www.ifbaiano.edu.br\/unidades\/santaines\/files\/2022\/06\/Ficha-de-Inscricao-ESTAGIO.pdf\">Ficha de Inscri\u00e7\u00e3o<\/a><\/li><li><a rel=\"noreferrer noopener\" target=\"_blank\" href=\"https:\/\/concurso.ifbaiano.edu.br\/portal\/estagio-santa-ines-junho-2022\/wp-content\/uploads\/sites\/607\/2022\/06\/Edital-de-Retificacao-no-15.pdf\">Edital de Retifica\u00e7\u00e3o n\u00ba 15<\/a><\/li><li><a rel=\"noreferrer noopener\" target=\"_blank\" href=\"https:\/\/concurso.ifbaiano.edu.br\/portal\/estagio-santa-ines-junho-2022\/wp-content\/uploads\/sites\/607\/2022\/06\/Relacao-de-Inscricoes-Deferidas.pdf\">Rela\u00e7\u00e3o de Inscri\u00e7\u00f5es Deferidas<\/a><\/li><li><a href=\"https:\/\/www.ifbaiano.edu.br\/unidades\/santaines\/files\/2022\/06\/AGENDAMENTO-DAS-ENTREVISTAS-EDITAL-14_2022-ESTAGIARIOS-1.pdf\">Agendamento das Entrevistas<\/a><\/li><li><a href=\"https:\/\/www.ifbaiano.edu.br\/unidades\/santaines\/files\/2022\/06\/Inscricoes-homologadas-Estagio.pdf\">Inscri\u00e7\u00f5es Homologadas<\/a><\/li><li><a href=\"https:\/\/concurso.ifbaiano.edu.br\/portal\/estagio-santa-ines-junho-2022\/wp-content\/uploads\/sites\/607\/2022\/06\/Resultado-Preliminar.pdf\" data-type=\"URL\" data-id=\"https:\/\/concurso.ifbaiano.edu.br\/portal\/estagio-santa-ines-junho-2022\/wp-content\/uploads\/sites\/607\/2022\/06\/Resultado-Preliminar.pdf\">Resultado Preliminar<\/a><\/li><li><a href=\"https:\/\/www.ifbaiano.edu.br\/unidades\/santaines\/files\/2022\/06\/Resposta-ao-Recurso.pdf\" data-type=\"URL\" data-id=\"https:\/\/www.ifbaiano.edu.br\/unidades\/santaines\/files\/2022\/06\/Resposta-ao-Recurso.pdf\">Resposta ao Recurso<\/a><\/li><li><a href=\"https:\/\/www.ifbaiano.edu.br\/unidades\/santaines\/files\/2022\/06\/Retificacao-do-Resultado-Preliminar.pdf\" data-type=\"URL\" data-id=\"https:\/\/www.ifbaiano.edu.br\/unidades\/santaines\/files\/2022\/06\/Retificacao-do-Resultado-Preliminar.pdf\">Retifica\u00e7\u00e3o do Resultado Preliminar<\/a><\/li><li><a href=\"https:\/\/www.ifbaiano.edu.br\/unidades\/santaines\/files\/2022\/06\/Resultado-Final-PSS.pdf\" data-type=\"URL\" data-id=\"https:\/\/www.ifbaiano.edu.br\/unidades\/santaines\/files\/2022\/06\/Resultado-Final-PSS.pdf\">Resultado Final PSS<\/a><\/li><li><a href=\"https:\/\/www.ifbaiano.edu.br\/unidades\/santaines\/files\/2022\/07\/Homologacao-do-resultado-final.pdf\">Resultado Final Homologado<\/a><\/li><\/ul>\n","protected":false},"excerpt":{"rendered":"<p>Per\u00edodo de inscri\u00e7\u00e3o de 06 a 12 de junho de 2022<\/p>\n","protected":false},"author":86,"featured_media":0,"comment_status":"closed","ping_status":"closed","sticky":false,"template":"","format":"standard","meta":[],"categories":[4,5,8,57],"tags":[],"_links":{"self":[{"href":"https:\/\/www.ifbaiano.edu.br\/unidades\/santaines\/wp-json\/wp\/v2\/posts\/16537"}],"collection":[{"href":"https:\/\/www.ifbaiano.edu.br\/unidades\/santaines\/wp-json\/wp\/v2\/posts"}],"about":[{"href":"https:\/\/www.ifbaiano.edu.br\/unidades\/santaines\/wp-json\/wp\/v2\/types\/post"}],"author":[{"embeddable":true,"href":"https:\/\/www.ifbaiano.edu.br\/unidades\/santaines\/wp-json\/wp\/v2\/users\/86"}],"replies":[{"embeddable":true,"href":"https:\/\/www.ifbaiano.edu.br\/unidades\/santaines\/wp-json\/wp\/v2\/comments?post=16537"}],"version-history":[{"count":14,"href":"https:\/\/www.ifbaiano.edu.br\/unidades\/santaines\/wp-json\/wp\/v2\/posts\/16537\/revisions"}],"predecessor-version":[{"id":16697,"href":"https:\/\/www.ifbaiano.edu.br\/unidades\/santaines\/wp-json\/wp\/v2\/posts\/16537\/revisions\/16697"}],"wp:attachment":[{"href":"https:\/\/www.ifbaiano.edu.br\/unidades\/santaines\/wp-json\/wp\/v2\/media?parent=16537"}],"wp:term":[{"taxonomy":"category","embeddable":true,"href":"https:\/\/www.ifbaiano.edu.br\/unidades\/santaines\/wp-json\/wp\/v2\/categories?post=16537"},{"taxonomy":"post_tag","embeddable":true,"href":"https:\/\/www.ifbaiano.edu.br\/unidades\/santaines\/wp-json\/wp\/v2\/tags?post=16537"}],"curies":[{"name":"wp","href":"https:\/\/api.w.org\/{rel}","templated":true}]}}