{"id":1654,"date":"2012-04-04T12:29:40","date_gmt":"2012-04-04T15:29:40","guid":{"rendered":"http:\/\/www.ifbaiano.edu.br\/unidades\/santaines\/?p=1654"},"modified":"2012-04-04T12:29:40","modified_gmt":"2012-04-04T15:29:40","slug":"divulgados-resultados-para-vagas-remanescentes-dos-cursos-integrado-regular-e-proeja-do-campus-santa-ines-2","status":"publish","type":"post","link":"https:\/\/www.ifbaiano.edu.br\/unidades\/santaines\/divulgados-resultados-para-vagas-remanescentes-dos-cursos-integrado-regular-e-proeja-do-campus-santa-ines-2\/","title":{"rendered":"Divulgados resultados para vagas remanescentes dos cursos &#8211; Integrado Regular e Proeja, do Campus Santa In\u00eas"},"content":{"rendered":"<p>Confiram listas de classifica\u00e7\u00e3o, separadas por cursos:<\/p>\n<p><a href=\"http:\/\/www.ifbaiano.edu.br\/unidades\/santaines\/files\/2012\/04\/LISTA-DE-CLASSIFICADOS-CONVOCAcaO-PARA-MATRiCULA-INTEGRADO-Copia.pdf\" target=\"_blank\">Integrados<\/a><\/p>\n<p><a href=\"http:\/\/www.ifbaiano.edu.br\/unidades\/santaines\/files\/2012\/04\/LISTA-DE-CLASSIFICADOS-CONVOCAcaO-PARA-MATRiCULA-PROEJA.pdf\" target=\"_blank\">Proeja<\/a><\/p>\n","protected":false},"excerpt":{"rendered":"<p>Confiram listas de classifica\u00e7\u00e3o, separadas por cursos: Integrados Proeja<\/p>\n","protected":false},"author":26,"featured_media":0,"comment_status":"closed","ping_status":"closed","sticky":false,"template":"","format":"standard","meta":[],"categories":[10],"tags":[],"_links":{"self":[{"href":"https:\/\/www.ifbaiano.edu.br\/unidades\/santaines\/wp-json\/wp\/v2\/posts\/1654"}],"collection":[{"href":"https:\/\/www.ifbaiano.edu.br\/unidades\/santaines\/wp-json\/wp\/v2\/posts"}],"about":[{"href":"https:\/\/www.ifbaiano.edu.br\/unidades\/santaines\/wp-json\/wp\/v2\/types\/post"}],"author":[{"embeddable":true,"href":"https:\/\/www.ifbaiano.edu.br\/unidades\/santaines\/wp-json\/wp\/v2\/users\/26"}],"replies":[{"embeddable":true,"href":"https:\/\/www.ifbaiano.edu.br\/unidades\/santaines\/wp-json\/wp\/v2\/comments?post=1654"}],"version-history":[{"count":2,"href":"https:\/\/www.ifbaiano.edu.br\/unidades\/santaines\/wp-json\/wp\/v2\/posts\/1654\/revisions"}],"predecessor-version":[{"id":1656,"href":"https:\/\/www.ifbaiano.edu.br\/unidades\/santaines\/wp-json\/wp\/v2\/posts\/1654\/revisions\/1656"}],"wp:attachment":[{"href":"https:\/\/www.ifbaiano.edu.br\/unidades\/santaines\/wp-json\/wp\/v2\/media?parent=1654"}],"wp:term":[{"taxonomy":"category","embeddable":true,"href":"https:\/\/www.ifbaiano.edu.br\/unidades\/santaines\/wp-json\/wp\/v2\/categories?post=1654"},{"taxonomy":"post_tag","embeddable":true,"href":"https:\/\/www.ifbaiano.edu.br\/unidades\/santaines\/wp-json\/wp\/v2\/tags?post=1654"}],"curies":[{"name":"wp","href":"https:\/\/api.w.org\/{rel}","templated":true}]}}