{"id":16576,"date":"2022-06-13T17:07:59","date_gmt":"2022-06-13T20:07:59","guid":{"rendered":"https:\/\/www.ifbaiano.edu.br\/unidades\/santaines\/?p=16576"},"modified":"2022-06-13T17:08:00","modified_gmt":"2022-06-13T20:08:00","slug":"pos-graduacao-em-eja-articulada-a-educacao-profissional-convocacao-de-candidatos","status":"publish","type":"post","link":"https:\/\/www.ifbaiano.edu.br\/unidades\/santaines\/pos-graduacao-em-eja-articulada-a-educacao-profissional-convocacao-de-candidatos\/","title":{"rendered":"P\u00f3s-Gradua\u00e7\u00e3o em EJA Articulada \u00e0 Educa\u00e7\u00e3o Profissional &#8211; convoca\u00e7\u00e3o de candidatos"},"content":{"rendered":"\n<p>A comiss\u00e3o do Processo Seletivo da P\u00f3s-Gradua\u00e7\u00e3o em EJA Articulada \u00e0 Educa\u00e7\u00e3o Profissional, por meio do <a href=\"http:\/\/Convoca\u00e7\u00e3o para Avalia\u00e7\u00e3o da Autodeclara\u00e7\u00e3o\">Edital n\u00ba 34, de 05 de abril de 2022<\/a> convoca os(as) candidatos(as) a reserva de vagas para avalia\u00e7\u00e3o da Autodeclara\u00e7\u00e3o<strong>.<\/strong><\/p>\n\n\n\n<p>Os(as) candidatos(as) abaixo relacionados(as) dever\u00e3o comparecer, <strong>presencialmente,<\/strong> ao Instituto Federal de Educa\u00e7\u00e3o, Ci\u00eancia e Tecnologia &#8211; IF Baiano, Campus Santa In\u00eas, \u00e0s 9h do dia 15\/06\/2022 (quarta-feira), no Laborat\u00f3rio de Pr\u00e1tica de Ensino 2 do Pavilh\u00e3o dos cursos superiores para avalia\u00e7\u00e3o da autodeclara\u00e7\u00e3o.<\/p>\n\n\n\n<p>No momento do avalia\u00e7\u00e3o, o(a) candidato(a) deve portar documento de identifica\u00e7\u00e3o com foto.<\/p>\n\n\n\n<p><\/p>\n\n\n\n<figure class=\"wp-block-table\"><table><tbody><tr><td><strong>Nome<\/strong><\/td><td><strong>Situa\u00e7\u00e3o<\/strong><\/td><\/tr><tr><td>Adriana Bandeira Viana<\/td><td>Classificada<\/td><\/tr><tr><td>Genival do Nascimento Ribeiro<\/td><td>Classificado<\/td><\/tr><tr><td>Gessica Santos de Carvalho<\/td><td>Classificada<\/td><\/tr><tr><td>Gilmar Oliveira Carvalho<\/td><td>Classificado<\/td><\/tr><tr><td>Itana Cajaiba Dias Patr\u00edcio<\/td><td>Classificada<\/td><\/tr><tr><td>Ilzilaine de Oliveira Carvalho<\/td><td>Classificada<\/td><\/tr><tr><td>Josue Santos de Almeida J\u00fanior<\/td><td>Classificado<\/td><\/tr><tr><td>Juliana Lima da Silva<\/td><td>Classificada<\/td><\/tr><tr><td>Leila Rodrigues Gon\u00e7alves<\/td><td>Classificada<\/td><\/tr><tr><td>Ricardo Souza da Anuncia\u00e7\u00e3o<\/td><td>Classificado<\/td><\/tr><tr><td>Vaney Neri de Souza<\/td><td>Classificado<\/td><\/tr><tr><td>Viviane Guedes dos Santos<\/td><td>Classificada<\/td><\/tr><\/tbody><\/table><\/figure>\n\n\n\n<hr class=\"wp-block-separator\" \/>\n\n\n\n<p>Veja tamb\u00e9m: <a href=\"https:\/\/www.ifbaiano.edu.br\/unidades\/santaines\/especializacao-em-educacao-de-jovens-e-adultos-articulada-a-educacao-profissional-publicada-lista-de-homologacao-das-inscricoes\/\">Especializa\u00e7\u00e3o em Educa\u00e7\u00e3o de Jovens e Adultos articulada \u00e0 Educa\u00e7\u00e3o Profissional \u2013 Publicada lista de homologa\u00e7\u00e3o das inscri\u00e7\u00f5es<\/a> <\/p>\n\n\n\n<p><\/p>\n","protected":false},"excerpt":{"rendered":"<p>A comiss\u00e3o do Processo Seletivo da P\u00f3s-Gradua\u00e7\u00e3o em EJA Articulada \u00e0 Educa\u00e7\u00e3o Profissional, por meio do Edital n\u00ba 34, de 05 de abril de 2022 convoca os(as) candidatos(as) a reserva de vagas para avalia\u00e7\u00e3o da Autodeclara\u00e7\u00e3o. Os(as) candidatos(as) abaixo relacionados(as) dever\u00e3o comparecer, presencialmente, ao Instituto Federal de Educa\u00e7\u00e3o, Ci\u00eancia e Tecnologia &#8211; IF Baiano, Campus [&hellip;]<\/p>\n","protected":false},"author":86,"featured_media":16348,"comment_status":"closed","ping_status":"closed","sticky":false,"template":"","format":"standard","meta":[],"categories":[4,5,8,57],"tags":[],"_links":{"self":[{"href":"https:\/\/www.ifbaiano.edu.br\/unidades\/santaines\/wp-json\/wp\/v2\/posts\/16576"}],"collection":[{"href":"https:\/\/www.ifbaiano.edu.br\/unidades\/santaines\/wp-json\/wp\/v2\/posts"}],"about":[{"href":"https:\/\/www.ifbaiano.edu.br\/unidades\/santaines\/wp-json\/wp\/v2\/types\/post"}],"author":[{"embeddable":true,"href":"https:\/\/www.ifbaiano.edu.br\/unidades\/santaines\/wp-json\/wp\/v2\/users\/86"}],"replies":[{"embeddable":true,"href":"https:\/\/www.ifbaiano.edu.br\/unidades\/santaines\/wp-json\/wp\/v2\/comments?post=16576"}],"version-history":[{"count":1,"href":"https:\/\/www.ifbaiano.edu.br\/unidades\/santaines\/wp-json\/wp\/v2\/posts\/16576\/revisions"}],"predecessor-version":[{"id":16577,"href":"https:\/\/www.ifbaiano.edu.br\/unidades\/santaines\/wp-json\/wp\/v2\/posts\/16576\/revisions\/16577"}],"wp:featuredmedia":[{"embeddable":true,"href":"https:\/\/www.ifbaiano.edu.br\/unidades\/santaines\/wp-json\/wp\/v2\/media\/16348"}],"wp:attachment":[{"href":"https:\/\/www.ifbaiano.edu.br\/unidades\/santaines\/wp-json\/wp\/v2\/media?parent=16576"}],"wp:term":[{"taxonomy":"category","embeddable":true,"href":"https:\/\/www.ifbaiano.edu.br\/unidades\/santaines\/wp-json\/wp\/v2\/categories?post=16576"},{"taxonomy":"post_tag","embeddable":true,"href":"https:\/\/www.ifbaiano.edu.br\/unidades\/santaines\/wp-json\/wp\/v2\/tags?post=16576"}],"curies":[{"name":"wp","href":"https:\/\/api.w.org\/{rel}","templated":true}]}}