{"id":16583,"date":"2022-06-14T19:16:17","date_gmt":"2022-06-14T22:16:17","guid":{"rendered":"https:\/\/www.ifbaiano.edu.br\/unidades\/santaines\/?p=16583"},"modified":"2022-06-14T20:15:14","modified_gmt":"2022-06-14T23:15:14","slug":"visite-a-exposicao-memoria-e-territorio-no-campus-santa-ines","status":"publish","type":"post","link":"https:\/\/www.ifbaiano.edu.br\/unidades\/santaines\/visite-a-exposicao-memoria-e-territorio-no-campus-santa-ines\/","title":{"rendered":"Visite a exposi\u00e7\u00e3o \u201cMem\u00f3ria e Territ\u00f3rio\u201d no Campus Santa In\u00eas"},"content":{"rendered":"\n<p>Foi inaugurada&nbsp;hoje&nbsp;(14), no campus Santa In\u00eas, a exposi\u00e7\u00e3o \u201cMem\u00f3ria e Territ\u00f3rio\u201d, que fecha as comemora\u00e7\u00f5es dos 25 anos do campus.&nbsp;A exposi\u00e7\u00e3o pode ser visitada no pavilh\u00e3o da biblioteca, durante o hor\u00e1rio de funcionamento do campus.<\/p>\n\n\n\n<p>O\u00a0projeto das comemora\u00e7\u00f5es se iniciou no dia do anivers\u00e1rio do campus,\u00a017 de junho\u00a0de 2021, e contou com cerim\u00f4nia de abertura das comemora\u00e7\u00f5es, que aconteceu ao vivo e foi apresentada\u00a0<a rel=\"noreferrer noopener\" href=\"https:\/\/www.youtube.com\/watch?v=pqHs5ZjyvQY\" target=\"_blank\">no canal do Youtube do campus<\/a>; cria\u00e7\u00e3o de\u00a0<a rel=\"noreferrer noopener\" href=\"https:\/\/eventos.ifbaiano.edu.br\/portal\/25-anos-campus-santa-ines\/\" target=\"_blank\">site comemorativo<\/a> com Linha do Tempo da hist\u00f3ria do campus;\u00a0ato simb\u00f3lico, com a presen\u00e7a do Reitor, de\u00a0<a rel=\"noreferrer noopener\" href=\"https:\/\/www.ifbaiano.edu.br\/unidades\/santaines\/em-ato-simbolico-if-baiano-campus-santa-ines-deposita-capsula-do-tempo-com-mensagens-da-comunidade-e-realiza-plantio-de-arvore\/\" target=\"_blank\">guarda de uma c\u00e1psula do tempo e plantio de uma \u00e1rvore<\/a>\u00a0no pr\u00e9dio administrativo da unidade;\u00a0<a rel=\"noreferrer noopener\" href=\"http:\/\/youtube.com\/tvbembaiano\" target=\"_blank\">document\u00e1rio<\/a>\u00a0e exposi\u00e7\u00e3o\u00a0\u201cMem\u00f3ria e Territ\u00f3rio: 25 anos do IF Baiano \u2013\u00a0<em>Campus\u00a0<\/em>Santa In\u00eas\u201d. Mais informa\u00e7\u00f5es no site\u00a0<strong><a rel=\"noreferrer noopener\" href=\"http:\/\/santaines25anos.ifbaiano.edu.br\/\" target=\"_blank\">santaines25anos.ifbaiano.edu.br<\/a><\/strong>.<\/p>\n\n\n\n<p><strong>Inaugura\u00e7\u00e3o foi momento de agradecimentos<\/strong><\/p>\n\n\n\n<figure class=\"wp-block-image size-full\"><a href=\"https:\/\/www.ifbaiano.edu.br\/unidades\/santaines\/files\/2022\/06\/14.jpg\"><img decoding=\"async\" loading=\"lazy\" width=\"1600\" height=\"316\" src=\"https:\/\/www.ifbaiano.edu.br\/unidades\/santaines\/files\/2022\/06\/14.jpg\" alt=\"\" class=\"wp-image-16587\" \/><\/a><\/figure>\n\n\n\n<figure class=\"wp-block-gallery columns-3 is-cropped wp-block-gallery-1 is-layout-flex\"><ul class=\"blocks-gallery-grid\"><li class=\"blocks-gallery-item\"><figure><a href=\"https:\/\/www.ifbaiano.edu.br\/unidades\/santaines\/files\/2022\/06\/11.jpg\"><img decoding=\"async\" loading=\"lazy\" width=\"1600\" height=\"1200\" src=\"https:\/\/www.ifbaiano.edu.br\/unidades\/santaines\/files\/2022\/06\/11.jpg\" alt=\"\" data-id=\"16584\" data-link=\"https:\/\/www.ifbaiano.edu.br\/unidades\/santaines\/?attachment_id=16584\" class=\"wp-image-16584\" \/><\/a><\/figure><\/li><li class=\"blocks-gallery-item\"><figure><a href=\"https:\/\/www.ifbaiano.edu.br\/unidades\/santaines\/files\/2022\/06\/0fa6d1b1-fdfc-43af-b486-51ead6894a4a.jpg\"><img decoding=\"async\" loading=\"lazy\" width=\"1600\" height=\"1200\" src=\"https:\/\/www.ifbaiano.edu.br\/unidades\/santaines\/files\/2022\/06\/0fa6d1b1-fdfc-43af-b486-51ead6894a4a.jpg\" alt=\"\" data-id=\"16598\" data-link=\"https:\/\/www.ifbaiano.edu.br\/unidades\/santaines\/?attachment_id=16598\" class=\"wp-image-16598\" \/><\/a><\/figure><\/li><li class=\"blocks-gallery-item\"><figure><a href=\"https:\/\/www.ifbaiano.edu.br\/unidades\/santaines\/files\/2022\/06\/94099dac-53a0-46ac-9e6f-f02dc5e0a3de.jpg\"><img decoding=\"async\" loading=\"lazy\" width=\"1600\" height=\"1200\" src=\"https:\/\/www.ifbaiano.edu.br\/unidades\/santaines\/files\/2022\/06\/94099dac-53a0-46ac-9e6f-f02dc5e0a3de.jpg\" alt=\"\" data-id=\"16601\" data-link=\"https:\/\/www.ifbaiano.edu.br\/unidades\/santaines\/?attachment_id=16601\" class=\"wp-image-16601\" \/><\/a><\/figure><\/li><\/ul><\/figure>\n\n\n\n<p>A Diretora-Geral, professora Genilda Lima, fez a abertura da cerim\u00f4nia, saudando a todos os presentes e ressaltando se tratar de um momento especial da campanha que contou a hist\u00f3ria&nbsp;do campus Santa In\u00eas, mostrando como a educa\u00e7\u00e3o ofertada pelo campus contribuiu para transformar vidas no Vale do Jiquiri\u00e7\u00e1.<\/p>\n\n\n\n<p>A professora Genilda se referiu, tamb\u00e9m, \u00e0 relevante contribui\u00e7\u00e3o dada por cada um dos gestores ao longo desses 25 anos e a todos que os acompanharam nessa tarefa \u00e1rdua de gest\u00e3o e acrescentou: \u201cquero tamb\u00e9m agradecer e ressaltar a todos os colegas servidores, estudantes, egressos, que ao longo desses anos contribu\u00edram para que pud\u00e9ssemos ser o que somos\u00a0hoje\u201d.<\/p>\n\n\n\n<p>Por fim, a professora Genilda parabenizou a todos os envolvidos no projeto; falou dos desafios enfrentados durante o mesmo, iniciado durante a pandemia; e destacou o trabalho desenvolvido pela Diretoria de Comunica\u00e7\u00e3o do IF Baiano e pela servidora T\u00e2nia Nunes, do N\u00facleo de Comunica\u00e7\u00e3o do Campus, a quem convidou para desla\u00e7o da fita inaugural.<\/p>\n\n\n\n<figure class=\"wp-block-gallery columns-3 is-cropped wp-block-gallery-3 is-layout-flex\"><ul class=\"blocks-gallery-grid\"><li class=\"blocks-gallery-item\"><figure><a href=\"https:\/\/www.ifbaiano.edu.br\/unidades\/santaines\/files\/2022\/06\/4.jpg\"><img decoding=\"async\" loading=\"lazy\" width=\"1600\" height=\"1200\" src=\"https:\/\/www.ifbaiano.edu.br\/unidades\/santaines\/files\/2022\/06\/4.jpg\" alt=\"\" data-id=\"16594\" data-link=\"https:\/\/www.ifbaiano.edu.br\/unidades\/santaines\/?attachment_id=16594\" class=\"wp-image-16594\" \/><\/a><\/figure><\/li><li class=\"blocks-gallery-item\"><figure><a href=\"https:\/\/www.ifbaiano.edu.br\/unidades\/santaines\/files\/2022\/06\/9-1.jpg\"><img decoding=\"async\" loading=\"lazy\" width=\"1600\" height=\"1200\" src=\"https:\/\/www.ifbaiano.edu.br\/unidades\/santaines\/files\/2022\/06\/9-1.jpg\" alt=\"\" data-id=\"16591\" data-link=\"https:\/\/www.ifbaiano.edu.br\/unidades\/santaines\/?attachment_id=16591\" class=\"wp-image-16591\" \/><\/a><\/figure><\/li><li class=\"blocks-gallery-item\"><figure><a href=\"https:\/\/www.ifbaiano.edu.br\/unidades\/santaines\/files\/2022\/06\/8.jpg\"><img decoding=\"async\" loading=\"lazy\" width=\"1600\" height=\"1200\" src=\"https:\/\/www.ifbaiano.edu.br\/unidades\/santaines\/files\/2022\/06\/8.jpg\" alt=\"\" data-id=\"16592\" data-link=\"https:\/\/www.ifbaiano.edu.br\/unidades\/santaines\/?attachment_id=16592\" class=\"wp-image-16592\" \/><\/a><\/figure><\/li><li class=\"blocks-gallery-item\"><figure><a href=\"https:\/\/www.ifbaiano.edu.br\/unidades\/santaines\/files\/2022\/06\/15.jpg\"><img decoding=\"async\" loading=\"lazy\" width=\"1600\" height=\"1200\" src=\"https:\/\/www.ifbaiano.edu.br\/unidades\/santaines\/files\/2022\/06\/15.jpg\" alt=\"\" data-id=\"16589\" data-link=\"https:\/\/www.ifbaiano.edu.br\/unidades\/santaines\/?attachment_id=16589\" class=\"wp-image-16589\" \/><\/a><\/figure><\/li><\/ul><\/figure>\n\n\n\n<hr class=\"wp-block-separator\" \/>\n\n\n\n<p><\/p>\n\n\n\n<p><br><\/p>\n","protected":false},"excerpt":{"rendered":"<p>\u00a0A exposi\u00e7\u00e3o pode ser visitada no pavilh\u00e3o da biblioteca, durante o hor\u00e1rio de funcionamento do campus<\/p>\n","protected":false},"author":86,"featured_media":16610,"comment_status":"closed","ping_status":"closed","sticky":false,"template":"","format":"standard","meta":[],"categories":[4,5,7,37,57],"tags":[],"_links":{"self":[{"href":"https:\/\/www.ifbaiano.edu.br\/unidades\/santaines\/wp-json\/wp\/v2\/posts\/16583"}],"collection":[{"href":"https:\/\/www.ifbaiano.edu.br\/unidades\/santaines\/wp-json\/wp\/v2\/posts"}],"about":[{"href":"https:\/\/www.ifbaiano.edu.br\/unidades\/santaines\/wp-json\/wp\/v2\/types\/post"}],"author":[{"embeddable":true,"href":"https:\/\/www.ifbaiano.edu.br\/unidades\/santaines\/wp-json\/wp\/v2\/users\/86"}],"replies":[{"embeddable":true,"href":"https:\/\/www.ifbaiano.edu.br\/unidades\/santaines\/wp-json\/wp\/v2\/comments?post=16583"}],"version-history":[{"count":10,"href":"https:\/\/www.ifbaiano.edu.br\/unidades\/santaines\/wp-json\/wp\/v2\/posts\/16583\/revisions"}],"predecessor-version":[{"id":16614,"href":"https:\/\/www.ifbaiano.edu.br\/unidades\/santaines\/wp-json\/wp\/v2\/posts\/16583\/revisions\/16614"}],"wp:featuredmedia":[{"embeddable":true,"href":"https:\/\/www.ifbaiano.edu.br\/unidades\/santaines\/wp-json\/wp\/v2\/media\/16610"}],"wp:attachment":[{"href":"https:\/\/www.ifbaiano.edu.br\/unidades\/santaines\/wp-json\/wp\/v2\/media?parent=16583"}],"wp:term":[{"taxonomy":"category","embeddable":true,"href":"https:\/\/www.ifbaiano.edu.br\/unidades\/santaines\/wp-json\/wp\/v2\/categories?post=16583"},{"taxonomy":"post_tag","embeddable":true,"href":"https:\/\/www.ifbaiano.edu.br\/unidades\/santaines\/wp-json\/wp\/v2\/tags?post=16583"}],"curies":[{"name":"wp","href":"https:\/\/api.w.org\/{rel}","templated":true}]}}