{"id":16644,"date":"2022-06-22T09:38:29","date_gmt":"2022-06-22T12:38:29","guid":{"rendered":"https:\/\/www.ifbaiano.edu.br\/unidades\/santaines\/?p=16644"},"modified":"2022-07-12T09:48:27","modified_gmt":"2022-07-12T12:48:27","slug":"selecao-para-ingresso-de-estudantes-no-curso-tecnico-subsequente-informatica","status":"publish","type":"post","link":"https:\/\/www.ifbaiano.edu.br\/unidades\/santaines\/selecao-para-ingresso-de-estudantes-no-curso-tecnico-subsequente-informatica\/","title":{"rendered":"Sele\u00e7\u00e3o para ingresso de estudantes no curso T\u00e9cnico Subsequente &#8211; Inform\u00e1tica"},"content":{"rendered":"\n<p>O Campus Santa In\u00eas lan\u00e7a edital de processo seletivo com 20 vagas para ingresso de estudantes em 2022, turma 2021.2, no curso da Educa\u00e7\u00e3o Profissional T\u00e9cnica de N\u00edvel M\u00e9dio Subsequente na modalidade presencial destinados aos(\u00e0s) candidatos(a s) que est\u00e3o concluindo ou j\u00e1 conclu\u00edram o Ensino M\u00e9dio (3\u00ba ano).<\/p>\n\n\n\n<p>As inscri\u00e7\u00f5es s\u00e3o gratuitas, come\u00e7am no dia 29 de junho e v\u00e3o at\u00e9 o dia 11 de julho de 2022. Para se inscrever o(a) candidato(a) deve enviar o formul\u00e1rio de manifesta\u00e7\u00e3o de interesse para o e-mail prosel@si.ifbaiano.edu.br onde, tamb\u00e9m, deve anexar arquivo PDF ou JPEG do CPF e Hist\u00f3rico Escolar do 3\u00ba ano do ensino m\u00e9dio (ou documento equivalente) ou declara\u00e7\u00e3o de que est\u00e1 cursando o 3\u00ba ano do ensino m\u00e9dio.<\/p>\n\n\n\n<p>Os(As) candidatos(as) que n\u00e3o t\u00eam acesso \u00e0 INTERNET, poder\u00e3o realizar as inscri\u00e7\u00f5es de forma presencial, no per\u00edodo de 29\/06 a 11\/07, no campus, na sala do N\u00facleo de Atendimento \u00e0s Pessoas com Necessidades Educacionais Espec\u00edficas &#8211; NAPNE nos hor\u00e1rios das 8h \u00e0s 11h e das 14h \u00e0s 17h.<\/p>\n\n\n\n<p>\u00c9 imprescind\u00edvel a leitura do edital, pelos(as) candidatos(as), para conhecimento de todos os procedimentos e informa\u00e7\u00f5es do processo seletivo. D\u00favidas dever\u00e3o ser encaminhadas para o e-mail: prosel@si.ifbaiano.edu.br ou pelos telefones (73) 3536-1210 \/ (73) 3536-1213 \/ (73) 3536-1214.<\/p>\n\n\n\n<hr class=\"wp-block-separator\" \/>\n\n\n\n<p>Documentos referentes ao processo seletivo:<\/p>\n\n\n\n<ul><li><a href=\"https:\/\/www.ifbaiano.edu.br\/unidades\/santaines\/files\/2022\/07\/Resultado-Preliminar-Homologacao-das-Inscricoes.pdf\">Resultado Preliminar Homologa\u00e7\u00e3o das Inscri\u00e7\u00f5es<\/a><\/li><li><a href=\"https:\/\/www.ifbaiano.edu.br\/unidades\/santaines\/edital-de-retificacao\/\">Edital de Retifica\u00e7\u00e3o<\/a><\/li><li><a href=\"https:\/\/www.ifbaiano.edu.br\/unidades\/santaines\/files\/2022\/06\/Edital-No-18_2022-Ingresso-de-Estudantes-curso-subsequente.pdf\">Edital<\/a><\/li><li><a href=\"https:\/\/www.ifbaiano.edu.br\/unidades\/santaines\/files\/2022\/06\/Anexo-I-Formulario-para-recurso.pdf\">Anexo I &#8211; Formul\u00e1rio para recurso<\/a><\/li><li><a href=\"https:\/\/www.ifbaiano.edu.br\/unidades\/santaines\/files\/2022\/06\/Anexo-II-Formulario-para-manifestacao-de-interesse-na-vaga-disponivel-para-ingresso-no-Curso-Tecnico-Subsequente-ao-Ensino-Medio-2021.2.pdf\">Anexo II &#8211; Formul\u00e1rio para manifesta\u00e7\u00e3o de interesse na vaga<\/a><\/li><\/ul>\n\n\n\n<p><\/p>\n","protected":false},"excerpt":{"rendered":"<p>O Campus Santa In\u00eas lan\u00e7a edital de processo seletivo com 20 vagas para ingresso de estudantes em 2022, turma 2021.2, no curso da Educa\u00e7\u00e3o Profissional T\u00e9cnica de N\u00edvel M\u00e9dio Subsequente na modalidade presencial destinados aos(\u00e0s) candidatos(a s) que est\u00e3o concluindo ou j\u00e1 conclu\u00edram o Ensino M\u00e9dio (3\u00ba ano). As inscri\u00e7\u00f5es s\u00e3o gratuitas, come\u00e7am no dia [&hellip;]<\/p>\n","protected":false},"author":86,"featured_media":16647,"comment_status":"closed","ping_status":"closed","sticky":false,"template":"","format":"standard","meta":[],"categories":[4,13,5,8,57],"tags":[],"_links":{"self":[{"href":"https:\/\/www.ifbaiano.edu.br\/unidades\/santaines\/wp-json\/wp\/v2\/posts\/16644"}],"collection":[{"href":"https:\/\/www.ifbaiano.edu.br\/unidades\/santaines\/wp-json\/wp\/v2\/posts"}],"about":[{"href":"https:\/\/www.ifbaiano.edu.br\/unidades\/santaines\/wp-json\/wp\/v2\/types\/post"}],"author":[{"embeddable":true,"href":"https:\/\/www.ifbaiano.edu.br\/unidades\/santaines\/wp-json\/wp\/v2\/users\/86"}],"replies":[{"embeddable":true,"href":"https:\/\/www.ifbaiano.edu.br\/unidades\/santaines\/wp-json\/wp\/v2\/comments?post=16644"}],"version-history":[{"count":7,"href":"https:\/\/www.ifbaiano.edu.br\/unidades\/santaines\/wp-json\/wp\/v2\/posts\/16644\/revisions"}],"predecessor-version":[{"id":16767,"href":"https:\/\/www.ifbaiano.edu.br\/unidades\/santaines\/wp-json\/wp\/v2\/posts\/16644\/revisions\/16767"}],"wp:featuredmedia":[{"embeddable":true,"href":"https:\/\/www.ifbaiano.edu.br\/unidades\/santaines\/wp-json\/wp\/v2\/media\/16647"}],"wp:attachment":[{"href":"https:\/\/www.ifbaiano.edu.br\/unidades\/santaines\/wp-json\/wp\/v2\/media?parent=16644"}],"wp:term":[{"taxonomy":"category","embeddable":true,"href":"https:\/\/www.ifbaiano.edu.br\/unidades\/santaines\/wp-json\/wp\/v2\/categories?post=16644"},{"taxonomy":"post_tag","embeddable":true,"href":"https:\/\/www.ifbaiano.edu.br\/unidades\/santaines\/wp-json\/wp\/v2\/tags?post=16644"}],"curies":[{"name":"wp","href":"https:\/\/api.w.org\/{rel}","templated":true}]}}