{"id":1666,"date":"2012-04-12T08:26:16","date_gmt":"2012-04-12T11:26:16","guid":{"rendered":"http:\/\/www.ifbaiano.edu.br\/unidades\/santaines\/?p=1666"},"modified":"2012-04-12T08:34:25","modified_gmt":"2012-04-12T11:34:25","slug":"cobegeo-ocorrera-em-nosso-campus-nos-dias-13-14-e-15-de-abril","status":"publish","type":"post","link":"https:\/\/www.ifbaiano.edu.br\/unidades\/santaines\/cobegeo-ocorrera-em-nosso-campus-nos-dias-13-14-e-15-de-abril\/","title":{"rendered":"COBEGEO Ocorrer\u00e1 em nosso Campus nos dias 13, 14 e 15 de abril"},"content":{"rendered":"<p>A comiss\u00e3o organizadora do COBEGEO- Conselho Baiano dos Estudantes de Geografia, formada pelos alunos de Geografia do Instituto Federal de Educa\u00e7\u00e3o, Ci\u00eancia e Tecnologia Baiano- IF Baiano Santa In\u00eas, que sediar\u00e1 o encontro supracitado nos dia 13, 14 e 15 de abril de 2012, vem por meio deste, divulgar a programa\u00e7\u00e3o do encontro.<\/p>\n<p>Informa\u00e7\u00e3o: Rafael Argolo e Jackson Santos (via Facebook)<\/p>\n<p><span style=\"color: #000000\"><strong>13\/04 (Sexta)<\/strong><\/span><\/p>\n<p>17:00h-Recep\u00e7\u00e3o e credenciamento dos participantes do COBEGEO<br \/>\n20:00h- Apresenta\u00e7\u00e3o art\u00edstica do PROJOVEM- Santa In\u00eas<br \/>\n\u2022 Local- Audit\u00f3rio do Campus<\/p>\n<p><span style=\"color: #000000\"><strong>14\/04 (S\u00e1bado)<\/strong><\/span><\/p>\n<p>A partir das 08:00h<br \/>\n1. Informes<br \/>\n2. Presta\u00e7\u00e3o de Contas da CEBEGEO (Gest\u00e3o 2010\/2011)<br \/>\n3. Presta\u00e7\u00e3o de Contas do VIII EBEGEO (UESC &#8211; Ilh\u00e9us\/BA)<br \/>\n4. Posse da Nova CEBEGEO (Gest\u00e3o 2012\/2013)<br \/>\n\u2022 Local- Audit\u00f3rio do Campus<\/p>\n<p>13:30h-Sa\u00edda de campo para a Cachoeira dos Prazeres com retorno as 17:00h<\/p>\n<p>19:00- Visita a cidade Santa In\u00eas com retorno as 23:00<\/p>\n<p><span style=\"color: #000000\"><strong>15\/04 (Domingo \u00e0s 07:00h)<\/strong><\/span><\/p>\n<p>1. Discuss\u00e3o sobre o modelo atual de CEBEGEO e COBEGEO<br \/>\n2. Constru\u00e7\u00e3o do IX EBEGEO (UEFS &#8211; F. de Santana\/BA)<br \/>\n3. O que ocorrer<br \/>\n\u2022Local- Audit\u00f3rio do Campus<\/p>\n<p>Obs.: Trazer colchonete.<\/p>\n","protected":false},"excerpt":{"rendered":"<p>A comiss\u00e3o organizadora do COBEGEO- Conselho Baiano dos Estudantes de Geografia, formada pelos alunos de Geografia do Instituto Federal de Educa\u00e7\u00e3o, Ci\u00eancia e Tecnologia Baiano- IF Baiano Santa In\u00eas, que sediar\u00e1 o encontro supracitado nos dia 13, 14 e 15 de abril de 2012, vem por meio deste, divulgar a programa\u00e7\u00e3o do encontro. Informa\u00e7\u00e3o: Rafael [&hellip;]<\/p>\n","protected":false},"author":26,"featured_media":0,"comment_status":"closed","ping_status":"closed","sticky":false,"template":"","format":"standard","meta":[],"categories":[10],"tags":[],"_links":{"self":[{"href":"https:\/\/www.ifbaiano.edu.br\/unidades\/santaines\/wp-json\/wp\/v2\/posts\/1666"}],"collection":[{"href":"https:\/\/www.ifbaiano.edu.br\/unidades\/santaines\/wp-json\/wp\/v2\/posts"}],"about":[{"href":"https:\/\/www.ifbaiano.edu.br\/unidades\/santaines\/wp-json\/wp\/v2\/types\/post"}],"author":[{"embeddable":true,"href":"https:\/\/www.ifbaiano.edu.br\/unidades\/santaines\/wp-json\/wp\/v2\/users\/26"}],"replies":[{"embeddable":true,"href":"https:\/\/www.ifbaiano.edu.br\/unidades\/santaines\/wp-json\/wp\/v2\/comments?post=1666"}],"version-history":[{"count":3,"href":"https:\/\/www.ifbaiano.edu.br\/unidades\/santaines\/wp-json\/wp\/v2\/posts\/1666\/revisions"}],"predecessor-version":[{"id":1668,"href":"https:\/\/www.ifbaiano.edu.br\/unidades\/santaines\/wp-json\/wp\/v2\/posts\/1666\/revisions\/1668"}],"wp:attachment":[{"href":"https:\/\/www.ifbaiano.edu.br\/unidades\/santaines\/wp-json\/wp\/v2\/media?parent=1666"}],"wp:term":[{"taxonomy":"category","embeddable":true,"href":"https:\/\/www.ifbaiano.edu.br\/unidades\/santaines\/wp-json\/wp\/v2\/categories?post=1666"},{"taxonomy":"post_tag","embeddable":true,"href":"https:\/\/www.ifbaiano.edu.br\/unidades\/santaines\/wp-json\/wp\/v2\/tags?post=1666"}],"curies":[{"name":"wp","href":"https:\/\/api.w.org\/{rel}","templated":true}]}}