{"id":16701,"date":"2022-07-04T12:23:42","date_gmt":"2022-07-04T15:23:42","guid":{"rendered":"https:\/\/www.ifbaiano.edu.br\/unidades\/santaines\/?p=16701"},"modified":"2022-07-04T12:23:43","modified_gmt":"2022-07-04T15:23:43","slug":"oficinas-de-geotecnologias-capacitarao-professores-de-geografia-da-rede-publica-e-discentes-de-graduacao","status":"publish","type":"post","link":"https:\/\/www.ifbaiano.edu.br\/unidades\/santaines\/oficinas-de-geotecnologias-capacitarao-professores-de-geografia-da-rede-publica-e-discentes-de-graduacao\/","title":{"rendered":"Oficinas de Geotecnologias capacitar\u00e3o professores de Geografia da rede p\u00fablica e discentes de gradua\u00e7\u00e3o"},"content":{"rendered":"\n<p>O Laborat\u00f3rio de Geoprocessamento do IF Baiano \u2013 Campus Santa In\u00eas realizar\u00e1, no per\u00edodo de 14 de julho a\u00a011 de agosto de 2022, uma sequ\u00eancia de oficinas de Geotecnologias para capacitar professores de Geografia da rede p\u00fablica e discentes de gradua\u00e7\u00e3o no uso de softwares que podem ser utilizados como recursos did\u00e1ticos para o ensino de Geografia.<\/p>\n\n\n\n<p>Essas atividades est\u00e3o vinculadas ao Projeto de Extens\u00e3o, coordenado pelo Professor Leonardo Sousa, \u201cGeotecnologias como subs\u00eddio para o ensino de Geografia nas escolas da rede p\u00fablica do Vale do Jiquiri\u00e7\u00e1 (BA)\u201d &#8211; Edital de Extens\u00e3o n\u00ba 81\/2021, dispon\u00edvel na <a href=\"https:\/\/concurso.ifbaiano.edu.br\/portal\/pibiex-superior-2021\/\">p\u00e1gina de concursos do IF Baiano<\/a>.<\/p>\n\n\n\n<p>Ser\u00e3o realizadas cinco oficinas pr\u00e1ticas que acontecer\u00e3o \u00e0s quintas-feiras, no per\u00edodo de 14\/07 a\u00a011\/08\/2022, a partir das 19h. Cada oficina ter\u00e1 dura\u00e7\u00e3o prevista de 2h30min e os encontros acontecer\u00e3o virtualmente atrav\u00e9s do Google Meet. <\/p>\n\n\n\n<p>Ser\u00e3o ofertadas trinta vagas a serem preenchidas conforme a ordem de inscri\u00e7\u00e3o e haver\u00e1 emiss\u00e3o de certificado para os(as) participantes com frequ\u00eancia m\u00ednima de 75%.<\/p>\n\n\n\n<p>Para realizar a inscri\u00e7\u00e3o, o(a) candidato(a) dever\u00e1 preencher o <a href=\"https:\/\/docs.google.com\/forms\/d\/e\/1FAIpQLSdqYyUiDVGZhRqSvyfOEjaDhxvuvIqNYp7iVJnOcc0nIUFbLg\/viewform\">Formul\u00e1rio de inscri\u00e7\u00e3o<\/a><a rel=\"noreferrer noopener\" href=\"https:\/\/docs.google.com\/forms\/d\/e\/1FAIpQLSdqYyUiDVGZhRqSvyfOEjaDhxvuvIqNYp7iVJnOcc0nIUFbLg\/viewform\" target=\"_blank\">.<\/a><\/p>\n\n\n\n<p>As d\u00favidas\/contatos relacionadas ao projeto dever\u00e3o ser encaminhadas para o e-mail:\u00a0labgeoprocessamentocsi@gmail.com.<\/p>\n\n\n\n<hr class=\"wp-block-separator\" \/>\n\n\n\n<p><\/p>\n","protected":false},"excerpt":{"rendered":"<p>O Laborat\u00f3rio de Geoprocessamento do IF Baiano \u2013 Campus Santa In\u00eas realizar\u00e1, no per\u00edodo de 14 de julho a\u00a011 de agosto de 2022, uma sequ\u00eancia de oficinas de Geotecnologias para capacitar professores de Geografia da rede p\u00fablica e discentes de gradua\u00e7\u00e3o no uso de softwares que podem ser utilizados como recursos did\u00e1ticos para o ensino [&hellip;]<\/p>\n","protected":false},"author":86,"featured_media":0,"comment_status":"closed","ping_status":"closed","sticky":false,"template":"","format":"standard","meta":[],"categories":[4,20,10,57],"tags":[],"_links":{"self":[{"href":"https:\/\/www.ifbaiano.edu.br\/unidades\/santaines\/wp-json\/wp\/v2\/posts\/16701"}],"collection":[{"href":"https:\/\/www.ifbaiano.edu.br\/unidades\/santaines\/wp-json\/wp\/v2\/posts"}],"about":[{"href":"https:\/\/www.ifbaiano.edu.br\/unidades\/santaines\/wp-json\/wp\/v2\/types\/post"}],"author":[{"embeddable":true,"href":"https:\/\/www.ifbaiano.edu.br\/unidades\/santaines\/wp-json\/wp\/v2\/users\/86"}],"replies":[{"embeddable":true,"href":"https:\/\/www.ifbaiano.edu.br\/unidades\/santaines\/wp-json\/wp\/v2\/comments?post=16701"}],"version-history":[{"count":1,"href":"https:\/\/www.ifbaiano.edu.br\/unidades\/santaines\/wp-json\/wp\/v2\/posts\/16701\/revisions"}],"predecessor-version":[{"id":16702,"href":"https:\/\/www.ifbaiano.edu.br\/unidades\/santaines\/wp-json\/wp\/v2\/posts\/16701\/revisions\/16702"}],"wp:attachment":[{"href":"https:\/\/www.ifbaiano.edu.br\/unidades\/santaines\/wp-json\/wp\/v2\/media?parent=16701"}],"wp:term":[{"taxonomy":"category","embeddable":true,"href":"https:\/\/www.ifbaiano.edu.br\/unidades\/santaines\/wp-json\/wp\/v2\/categories?post=16701"},{"taxonomy":"post_tag","embeddable":true,"href":"https:\/\/www.ifbaiano.edu.br\/unidades\/santaines\/wp-json\/wp\/v2\/tags?post=16701"}],"curies":[{"name":"wp","href":"https:\/\/api.w.org\/{rel}","templated":true}]}}