{"id":16703,"date":"2022-07-05T09:09:43","date_gmt":"2022-07-05T12:09:43","guid":{"rendered":"https:\/\/www.ifbaiano.edu.br\/unidades\/santaines\/?p=16703"},"modified":"2022-08-08T09:20:11","modified_gmt":"2022-08-08T12:20:11","slug":"campus-santa-ines-publica-nova-portaria-com-orientacoes-para-prevencao-a-covid-19","status":"publish","type":"post","link":"https:\/\/www.ifbaiano.edu.br\/unidades\/santaines\/campus-santa-ines-publica-nova-portaria-com-orientacoes-para-prevencao-a-covid-19\/","title":{"rendered":"Campus Santa In\u00eas publica nova portaria com orienta\u00e7\u00f5es para preven\u00e7\u00e3o \u00e0 Covid-19"},"content":{"rendered":"\n<p>O Instituto Federal de Educa\u00e7\u00e3o, Ci\u00eancia e Tecnologia Baiano &#8211; Campus Santa In\u00eas publicou, dia 4 de julho, a <a href=\"https:\/\/www.ifbaiano.edu.br\/unidades\/santaines\/files\/2022\/07\/Portaria-Normativa-2-2022.pdf\">Portaria Normativa 2\/2022 &#8211; CSI-GAB\/CSI-DG\/RET\/IFBAIANO<\/a>, com orienta\u00e7\u00f5es para preven\u00e7\u00e3o \u00e0 Covid-19.<\/p>\n\n\n\n<p>A portaria prev\u00ea orienta\u00e7\u00e3o e determina\u00e7\u00e3o de medidas que evitem a propaga\u00e7\u00e3o da Covid-19 no \u00e2mbito da unidade do Campus. Assim, determina o uso obrigat\u00f3rio de m\u00e1scaras nas depend\u00eancias da Institui\u00e7\u00e3o at\u00e9 o dia 18 de julho de 2022, recomenda aten\u00e7\u00e3o ao distanciamento social e aos cuidados de higiene pessoal para preven\u00e7\u00e3o do<br>cont\u00e1gio e, ainda, refor\u00e7a a import\u00e2ncia da atualiza\u00e7\u00e3o das doses de refor\u00e7o.<\/p>\n\n\n\n<p>Ap\u00f3s reuni\u00e3o extraordin\u00e1ria realizada no dia 04 de julho de 2022, entre Dire\u00e7\u00e3o-Geral, Dire\u00e7\u00e3o Acad\u00eamica, Coordena\u00e7\u00e3o de Ensino, Coordena\u00e7\u00e3o de Assist\u00eancia ao Educando, Coordena\u00e7\u00f5es dos Cursos das<br>Licenciaturas, PROEJA, Inform\u00e1tica e o Comit\u00ea Local de Acompanhamento da Amea\u00e7a do Coronav\u00edrus (COVID-19) no IF Baiano &#8211; Campus Santa In\u00eas, a decis\u00e3o foi tomada considerando, entre outros fatores, o disposto no Art. 3\u00ba da <a href=\"https:\/\/www.ifbaiano.edu.br\/unidades\/santaines\/files\/2022\/07\/Instrucao-Normativa-no-10.pdf\">Instru\u00e7\u00e3o Normativa n\u00ba 10\/2022<\/a>, o aumento de casos confirmados e o <span style=\"font-size: revert;color: initial\">n\u00famero crescente de casos com sintomas respirat\u00f3rios suspeitos. <\/span> <\/p>\n\n\n\n<p>No dia 18 de julho, considerando o cen\u00e1rio epidemiol\u00f3gico da Covid-19, o qual remete \u00e0 necessidade da manuten\u00e7\u00e3o de medidas de prote\u00e7\u00e3o, foi publicada a <a href=\"https:\/\/www.ifbaiano.edu.br\/unidades\/santaines\/files\/2022\/08\/Portaria-Normativa-3-2022-de-18-de-julho-de-2022-altera-a-Portaria-Normativa-No-02-2022.pdf\">Portaria Normativa n\u00ba 3\/2022<\/a> alterando o inciso I, do Art. 1\u00ba, da Portaria Normativa n\u00ba 2\/2022, determinando o uso OBRIGATORIO de m\u00e1scaras nas depend\u00eancias da Institui\u00e7\u00e3o por tempo indeterminado.<\/p>\n\n\n\n<hr class=\"wp-block-separator\" \/>\n\n\n\n<p><\/p>\n","protected":false},"excerpt":{"rendered":"<p>O Instituto Federal de Educa\u00e7\u00e3o, Ci\u00eancia e Tecnologia Baiano &#8211; Campus Santa In\u00eas publicou, dia 4 de julho, a Portaria Normativa 2\/2022 &#8211; CSI-GAB\/CSI-DG\/RET\/IFBAIANO, com orienta\u00e7\u00f5es para preven\u00e7\u00e3o \u00e0 Covid-19. A portaria prev\u00ea orienta\u00e7\u00e3o e determina\u00e7\u00e3o de medidas que evitem a propaga\u00e7\u00e3o da Covid-19 no \u00e2mbito da unidade do Campus. Assim, determina o uso obrigat\u00f3rio [&hellip;]<\/p>\n","protected":false},"author":86,"featured_media":16378,"comment_status":"closed","ping_status":"closed","sticky":false,"template":"","format":"standard","meta":[],"categories":[4,5,7,10,57],"tags":[],"_links":{"self":[{"href":"https:\/\/www.ifbaiano.edu.br\/unidades\/santaines\/wp-json\/wp\/v2\/posts\/16703"}],"collection":[{"href":"https:\/\/www.ifbaiano.edu.br\/unidades\/santaines\/wp-json\/wp\/v2\/posts"}],"about":[{"href":"https:\/\/www.ifbaiano.edu.br\/unidades\/santaines\/wp-json\/wp\/v2\/types\/post"}],"author":[{"embeddable":true,"href":"https:\/\/www.ifbaiano.edu.br\/unidades\/santaines\/wp-json\/wp\/v2\/users\/86"}],"replies":[{"embeddable":true,"href":"https:\/\/www.ifbaiano.edu.br\/unidades\/santaines\/wp-json\/wp\/v2\/comments?post=16703"}],"version-history":[{"count":4,"href":"https:\/\/www.ifbaiano.edu.br\/unidades\/santaines\/wp-json\/wp\/v2\/posts\/16703\/revisions"}],"predecessor-version":[{"id":16928,"href":"https:\/\/www.ifbaiano.edu.br\/unidades\/santaines\/wp-json\/wp\/v2\/posts\/16703\/revisions\/16928"}],"wp:featuredmedia":[{"embeddable":true,"href":"https:\/\/www.ifbaiano.edu.br\/unidades\/santaines\/wp-json\/wp\/v2\/media\/16378"}],"wp:attachment":[{"href":"https:\/\/www.ifbaiano.edu.br\/unidades\/santaines\/wp-json\/wp\/v2\/media?parent=16703"}],"wp:term":[{"taxonomy":"category","embeddable":true,"href":"https:\/\/www.ifbaiano.edu.br\/unidades\/santaines\/wp-json\/wp\/v2\/categories?post=16703"},{"taxonomy":"post_tag","embeddable":true,"href":"https:\/\/www.ifbaiano.edu.br\/unidades\/santaines\/wp-json\/wp\/v2\/tags?post=16703"}],"curies":[{"name":"wp","href":"https:\/\/api.w.org\/{rel}","templated":true}]}}