{"id":1673,"date":"2012-04-12T12:35:38","date_gmt":"2012-04-12T15:35:38","guid":{"rendered":"http:\/\/www.ifbaiano.edu.br\/unidades\/santaines\/?p=1673"},"modified":"2012-04-18T16:02:34","modified_gmt":"2012-04-18T19:02:34","slug":"informacoes-aos-alunos-sobre-a-prova-de-qualidade-no-atendimento","status":"publish","type":"post","link":"https:\/\/www.ifbaiano.edu.br\/unidades\/santaines\/informacoes-aos-alunos-sobre-a-prova-de-qualidade-no-atendimento\/","title":{"rendered":"Informa\u00e7\u00f5es aos alunos sobre a Prova de \u201cQualidade no Atendimento\u201d."},"content":{"rendered":"<p style=\"text-align: justify\">\u00a0<strong><span style=\"color: #008000\">1 &#8211;<\/span><\/strong> A prova do curso \u201cQualidade no Atendimento\u201d ser\u00e1 realizada no dia 16.04.2012 (segunda-feira).<\/p>\n<p>\u00a0<strong><span style=\"color: #008000\">2 &#8211;<\/span><\/strong> O local e o hor\u00e1rio de realiza\u00e7\u00e3o para cada turma ser\u00e3o informados por cada tutor\/ institui\u00e7\u00e3o\/ gestor.<\/p>\n<p><strong><span style=\"color: #008000\">3 &#8211;<\/span><\/strong> O tempo total destinado \u00e0 realiza\u00e7\u00e3o das provas \u00e9 de 2 horas. Os alunos somente poder\u00e3o sair do local de prova depois de transcorrida 1 hora.<\/p>\n<p><strong><span style=\"color: #008000\">4 &#8211;<\/span><\/strong> A interpreta\u00e7\u00e3o dos itens faz parte da resolu\u00e7\u00e3o. Os aplicadores n\u00e3o responder\u00e3o a perguntas dessa natureza.<\/p>\n<p><strong><span style=\"color: #008000\">5 &#8211;<\/span><\/strong> O aluno dever\u00e1 levar apenas: sua carteira de identidade, seu n\u00famero de matr\u00edcula, l\u00e1pis, borracha e canetas esferogr\u00e1ficas de tinta azul ou preta.<\/p>\n<p><strong><span style=\"color: #008000\">6 &#8211;<\/span><\/strong> N\u00e3o ser\u00e1 permitido o uso de celular durante a prova.<\/p>\n<p><strong><span style=\"color: #008000\">7 &#8211;<\/span><\/strong> A prova \u00e9 estritamente individual, sendo proibida a consulta a qualquer tipo de documento.<\/p>\n<p><strong><span style=\"color: #008000\">8 &#8211;<\/span><\/strong> O aluno poder\u00e1 anotar as suas respostas numa folha de rascunho (a ser disponibilizada pelo fiscal) para conferir com o gabarito que ser\u00e1 disponibilizado posteriormente.<\/p>\n<p><strong><span style=\"color: #008000\">9 &#8211;<\/span><\/strong> O aluno dever\u00e1 assinar a lista de presen\u00e7a e conferir se o seu nome completo est\u00e1 correto para a emiss\u00e3o do certificado.<\/p>\n<p><strong><span style=\"color: #008000\">10 &#8211;<\/span><\/strong> O aluno ser\u00e1 aprovado se obtiver o acerto de 60% da prova.<\/p>\n<p><strong><span style=\"color: #008000\">11 &#8211;<\/span><\/strong> O resultado da prova ser\u00e1 divulgado em aproximadamente 15 dias.<\/p>\n<p><strong><span style=\"color: #008000\">12 &#8211;<\/span><\/strong> A prova acontecer\u00e1 em mesmo DIA e HOR\u00c1RIO para todos: 16.04, das 9h \u00e0s 11h. Se algu\u00e9m n\u00e3o obedecer a isso todo o processo ser\u00e1 ANULADO e o impacto ser\u00e1 negativo a todos.<\/p>\n<p><strong><span style=\"color: #008000\">13 &#8211;<\/span><\/strong> Os alunos que faltarem o dia da prova, se justificados, poder\u00e3o realizar outra prova. As justificativas dever\u00e3o ser plaus\u00edveis e cada institui\u00e7\u00e3o dever\u00e1 julgar cada caso. A depender da quantidade de alunos ausentes de todas as institui\u00e7\u00f5es, estes ir\u00e3o fazer a prova no final do curso da pr\u00f3xima turma (prevista para julho a novembro) ou ent\u00e3o haver\u00e1 uma segunda chamada. Isso ainda ser\u00e1 divulgado.<\/p>\n","protected":false},"excerpt":{"rendered":"<p>\u00a01 &#8211; A prova do curso \u201cQualidade no Atendimento\u201d ser\u00e1 realizada no dia 16.04.2012 (segunda-feira). \u00a02 &#8211; O local e o hor\u00e1rio de realiza\u00e7\u00e3o para cada turma ser\u00e3o informados por cada tutor\/ institui\u00e7\u00e3o\/ gestor. 3 &#8211; O tempo total destinado \u00e0 realiza\u00e7\u00e3o das provas \u00e9 de 2 horas. Os alunos somente poder\u00e3o sair do local [&hellip;]<\/p>\n","protected":false},"author":26,"featured_media":0,"comment_status":"closed","ping_status":"closed","sticky":false,"template":"","format":"standard","meta":[],"categories":[10],"tags":[],"_links":{"self":[{"href":"https:\/\/www.ifbaiano.edu.br\/unidades\/santaines\/wp-json\/wp\/v2\/posts\/1673"}],"collection":[{"href":"https:\/\/www.ifbaiano.edu.br\/unidades\/santaines\/wp-json\/wp\/v2\/posts"}],"about":[{"href":"https:\/\/www.ifbaiano.edu.br\/unidades\/santaines\/wp-json\/wp\/v2\/types\/post"}],"author":[{"embeddable":true,"href":"https:\/\/www.ifbaiano.edu.br\/unidades\/santaines\/wp-json\/wp\/v2\/users\/26"}],"replies":[{"embeddable":true,"href":"https:\/\/www.ifbaiano.edu.br\/unidades\/santaines\/wp-json\/wp\/v2\/comments?post=1673"}],"version-history":[{"count":15,"href":"https:\/\/www.ifbaiano.edu.br\/unidades\/santaines\/wp-json\/wp\/v2\/posts\/1673\/revisions"}],"predecessor-version":[{"id":1675,"href":"https:\/\/www.ifbaiano.edu.br\/unidades\/santaines\/wp-json\/wp\/v2\/posts\/1673\/revisions\/1675"}],"wp:attachment":[{"href":"https:\/\/www.ifbaiano.edu.br\/unidades\/santaines\/wp-json\/wp\/v2\/media?parent=1673"}],"wp:term":[{"taxonomy":"category","embeddable":true,"href":"https:\/\/www.ifbaiano.edu.br\/unidades\/santaines\/wp-json\/wp\/v2\/categories?post=1673"},{"taxonomy":"post_tag","embeddable":true,"href":"https:\/\/www.ifbaiano.edu.br\/unidades\/santaines\/wp-json\/wp\/v2\/tags?post=1673"}],"curies":[{"name":"wp","href":"https:\/\/api.w.org\/{rel}","templated":true}]}}