{"id":16801,"date":"2022-07-20T15:47:44","date_gmt":"2022-07-20T18:47:44","guid":{"rendered":"https:\/\/www.ifbaiano.edu.br\/unidades\/santaines\/?p=16801"},"modified":"2022-07-20T15:47:45","modified_gmt":"2022-07-20T18:47:45","slug":"campus-santa-ines-publica-edital-de-renovacao-de-matricula-para-os-cursos-tecnicos-integrados","status":"publish","type":"post","link":"https:\/\/www.ifbaiano.edu.br\/unidades\/santaines\/campus-santa-ines-publica-edital-de-renovacao-de-matricula-para-os-cursos-tecnicos-integrados\/","title":{"rendered":"Campus Santa In\u00eas publica Edital de renova\u00e7\u00e3o de matr\u00edcula para os Cursos T\u00e9cnicos Integrados"},"content":{"rendered":"\n<p>O Campus Santa In\u00eas publicou hoje, 20, o <a rel=\"noreferrer noopener\" target=\"_blank\" href=\"https:\/\/concurso.ifbaiano.edu.br\/portal\/renovacao-matricula-integrados-santa-ines-julho-2022\/wp-content\/uploads\/sites\/632\/2022\/07\/Edital-_-Renovacao-de-Matriculas-Cursos-Tecnicos-Integrados.pdf\">Edital n\u00ba 24<\/a> que trata da renova\u00e7\u00e3o de matr\u00edcula dos(as) discentes dos Cursos T\u00e9cnicos Integrados: Agropecu\u00e1ria, Zootecnia e  Alimentos, ofertados pelo Campus Santa In\u00eas, para o per\u00edodo letivo de 2022.<\/p>\n\n\n\n<p>A renova\u00e7\u00e3o de matr\u00edculas ser\u00e1 efetivada, de forma presencial, pelo estudante, quando maior de idade, por seu respons\u00e1vel legal, quando menor de idade ou por procurador legalmente constitu\u00eddo, na Secretaria de Registros Acad\u00eamicos (SRA) do Campus Santa In\u00eas, nos dias 20, 21, 22, 25 e 26 de julho de 2022, nos hor\u00e1rios das 8h \u00e0s 11h30min e das 13h30min \u00e0s 16h30min.<\/p>\n\n\n\n<p>Poder\u00e3o renovar a matr\u00edcula, todos os estudantes regularmente matriculados nos Cursos da Educa\u00e7\u00e3o Profissional T\u00e9cnica de N\u00edvel M\u00e9dio na modalidade Integrada, que estiverem cursando a 1\u00aa e 2\u00aa s\u00e9rie, estudantes reprovados na 3\u00aa s\u00e9rie e o requerente que obteve sua reintegra\u00e7\u00e3o no curso aprovada pelo Conselho de Curso.<\/p>\n\n\n\n<p>No ato da renova\u00e7\u00e3o da matr\u00edcula, o(a) estudante dever\u00e1 apresentar \u00e0 SRA, documento de identifica\u00e7\u00e3o com foto (se for maior) ou c\u00f3pia do documento de identifica\u00e7\u00e3o do respons\u00e1vel legal (se o discente for menor). No caso da renova\u00e7\u00e3o da matr\u00edcula por procura\u00e7\u00e3o, al\u00e9m da procura\u00e7\u00e3o, dever\u00e1 ser apresentado documento de identifica\u00e7\u00e3o com foto do procurador, c\u00f3pia do documento de identifica\u00e7\u00e3o do respons\u00e1vel legal (se o discente for menor) e c\u00f3pia da carteira de identidade do estudante.<\/p>\n\n\n\n<p>Todas as informa\u00e7\u00f5es referentes aos procedimentos para renova\u00e7\u00e3o de matr\u00edcula est\u00e3o descritas no edital dispon\u00edvel nesta p\u00e1gina e na <a href=\"https:\/\/concurso.ifbaiano.edu.br\/portal\/renovacao-matricula-integrados-santa-ines-julho-2022\/\">P\u00e1gina de Concursos<\/a>, no Portal do IF Baiano e dever\u00e1 ser de conhecimento de todos(as) os(as) discentes. As d\u00favidas referentes \u00e0 renova\u00e7\u00e3o de matr\u00edculas dever\u00e3o ser encaminhadas para o e-mail secretaria@si.ifbaiano.edu.br.<\/p>\n\n\n\n<hr class=\"wp-block-separator\" \/>\n","protected":false},"excerpt":{"rendered":"<p>O Campus Santa In\u00eas publicou hoje, 20, o Edital n\u00ba 24 que trata da renova\u00e7\u00e3o de matr\u00edcula dos(as) discentes dos Cursos T\u00e9cnicos Integrados: Agropecu\u00e1ria, Zootecnia e Alimentos, ofertados pelo Campus Santa In\u00eas, para o per\u00edodo letivo de 2022. A renova\u00e7\u00e3o de matr\u00edculas ser\u00e1 efetivada, de forma presencial, pelo estudante, quando maior de idade, por seu [&hellip;]<\/p>\n","protected":false},"author":86,"featured_media":0,"comment_status":"closed","ping_status":"closed","sticky":false,"template":"","format":"standard","meta":[],"categories":[4,38,13,5,57],"tags":[],"_links":{"self":[{"href":"https:\/\/www.ifbaiano.edu.br\/unidades\/santaines\/wp-json\/wp\/v2\/posts\/16801"}],"collection":[{"href":"https:\/\/www.ifbaiano.edu.br\/unidades\/santaines\/wp-json\/wp\/v2\/posts"}],"about":[{"href":"https:\/\/www.ifbaiano.edu.br\/unidades\/santaines\/wp-json\/wp\/v2\/types\/post"}],"author":[{"embeddable":true,"href":"https:\/\/www.ifbaiano.edu.br\/unidades\/santaines\/wp-json\/wp\/v2\/users\/86"}],"replies":[{"embeddable":true,"href":"https:\/\/www.ifbaiano.edu.br\/unidades\/santaines\/wp-json\/wp\/v2\/comments?post=16801"}],"version-history":[{"count":1,"href":"https:\/\/www.ifbaiano.edu.br\/unidades\/santaines\/wp-json\/wp\/v2\/posts\/16801\/revisions"}],"predecessor-version":[{"id":16802,"href":"https:\/\/www.ifbaiano.edu.br\/unidades\/santaines\/wp-json\/wp\/v2\/posts\/16801\/revisions\/16802"}],"wp:attachment":[{"href":"https:\/\/www.ifbaiano.edu.br\/unidades\/santaines\/wp-json\/wp\/v2\/media?parent=16801"}],"wp:term":[{"taxonomy":"category","embeddable":true,"href":"https:\/\/www.ifbaiano.edu.br\/unidades\/santaines\/wp-json\/wp\/v2\/categories?post=16801"},{"taxonomy":"post_tag","embeddable":true,"href":"https:\/\/www.ifbaiano.edu.br\/unidades\/santaines\/wp-json\/wp\/v2\/tags?post=16801"}],"curies":[{"name":"wp","href":"https:\/\/api.w.org\/{rel}","templated":true}]}}