{"id":16808,"date":"2022-08-03T11:21:00","date_gmt":"2022-08-03T14:21:00","guid":{"rendered":"https:\/\/www.ifbaiano.edu.br\/unidades\/santaines\/?p=16808"},"modified":"2022-08-19T16:01:47","modified_gmt":"2022-08-19T19:01:47","slug":"campus-santa-ines-publica-edital-de-vagas-remanescentes-no-curso-tecnico-em-informatica-subsequente-ao-ensino-medio","status":"publish","type":"post","link":"https:\/\/www.ifbaiano.edu.br\/unidades\/santaines\/campus-santa-ines-publica-edital-de-vagas-remanescentes-no-curso-tecnico-em-informatica-subsequente-ao-ensino-medio\/","title":{"rendered":"Campus Santa In\u00eas publica edital de vagas remanescentes no Curso T\u00e9cnico em Inform\u00e1tica Subsequente ao Ensino M\u00e9dio"},"content":{"rendered":"\n<p>O curso T\u00e9cnico em Inform\u00e1tica de que trata <a href=\"https:\/\/www.ifbaiano.edu.br\/unidades\/santaines\/files\/2022\/07\/Edital-Vagas-Remanescentes_Curso-Tecnico-em-Informatica-Subsequente.pdf\">este edital <\/a>\u00e9 um curso da Educa\u00e7\u00e3o Profissional T\u00e9cnica de N\u00edvel M\u00e9dio Subsequente, na modalidade presencial, com dura\u00e7\u00e3o de tr\u00eas semestres e ofertado em turno noturno.<\/p>\n\n\n\n<p>Est\u00e3o sendo disponibilizadas 35 vagas para ingresso de estudantes em 2022 e poder\u00e3o se inscrever, candidatos(as) que tenham concluindo o Ensino M\u00e9dio (3\u00ba ano) at\u00e9 o in\u00edcio das aulas. As inscri\u00e7\u00f5es para este processo seletivo acontecem no per\u00edodo de 25 de julho de 2022 \u00e0 01 de agosto de 2022 e poder\u00e3o ser realizadas de duas formas:<\/p>\n\n\n\n<ul><li><strong>Mediante preenchimento de <a href=\"https:\/\/abre.ai\/eHr5\">Formul\u00e1rio Espec\u00edfico<\/a>:<\/strong>&nbsp;onde o(a candidato(a) dever\u00e1 preencher o formul\u00e1rio <em>online <\/em>com as informa\u00e7\u00f5es dos dados pessoais, socioecon\u00f4mico e inserir arquivo PDF ou JPEG do CPF e Hist\u00f3rico Escolar do 3\u00ba ano do ensino m\u00e9dio (ou documento equivalente); ou<\/li><\/ul>\n\n\n\n<ul><li><strong>Via e-mail <a href=\"mailto:prosel@si.ifbaiano.edu.br\">prosel@si.ifbaiano.edu.br<\/a>.<\/strong> Nesta modalidade de inscri\u00e7\u00e3o, o(a) candidato(a) deve anexar ao e-mail: Formul\u00e1rio de manifesta\u00e7\u00e3o de interesse na vaga, c\u00f3pia do seu CPF e Hist\u00f3rico Escolar do 3\u00ba ano do ensino m\u00e9dio (ou documento equivalente).<\/li><\/ul>\n\n\n\n<p>Importante lembrar que, para efetuar a manifesta\u00e7\u00e3o de interesse pela vaga, o(a) candidato(a) dever\u00e1, obrigatoriamente, ter o Cadastro de Pessoa F\u00edsica (CPF) e, tamb\u00e9m, possuir conta de e-mail pr\u00f3prio para ativa\u00e7\u00e3o do cadastro do(a) candidato(a), como forma de contato, caso se fa\u00e7a necess\u00e1rio.<\/p>\n\n\n\n<p>Todas as informa\u00e7\u00f5es referentes a este processo seletivo est\u00e3o dispostas no edital nesta p\u00e1gina, na P\u00e1gina de Concursos, no Portal do IF Baiano e dever\u00e1 ser de conhecimento de todos(as) os(as) candidatos(as). As d\u00favidas dever\u00e3o ser encaminhadas para o e-mail prosel@si.ifbaiano.edu.br.<\/p>\n\n\n\n<hr class=\"wp-block-separator\" \/>\n\n\n\n<p><strong>Documentos do Processo seletivo:<\/strong><\/p>\n\n\n\n<ul><li><a href=\"https:\/\/www.ifbaiano.edu.br\/unidades\/santaines\/files\/2022\/07\/Edital-Vagas-Remanescentes_Curso-Tecnico-em-Informatica-Subsequente.pdf\">Edital<\/a><\/li><li><a href=\"https:\/\/www.ifbaiano.edu.br\/unidades\/santaines\/files\/2022\/07\/FORMULARIO-PARA-MANIFESTACAO-DE-INTERESSE-NA-VAGA_CURSO-TECNICO-EM-INFORMATICA-SUBSEQUENTE.pdf\">Formul\u00e1rio de manifesta\u00e7\u00e3o de interesse na vaga<\/a><\/li><li><a href=\"https:\/\/www.ifbaiano.edu.br\/unidades\/santaines\/files\/2022\/08\/Resultado-Preliminar-Homologacao.pdf\">Homologa\u00e7\u00e3o das Inscri\u00e7\u00f5es &#8211; Resultado preliminar<\/a><\/li><li><a rel=\"noreferrer noopener\" target=\"_blank\" href=\"https:\/\/concurso.ifbaiano.edu.br\/portal\/ingresso-subsequente-santa-ines-junho-2022\/wp-content\/uploads\/sites\/615\/2022\/08\/Resultado-do-Recurso-Homologacao-de-Inscricao.pdf\">Resultado do Recurso \u2013 Homologa\u00e7\u00e3o de Inscri\u00e7\u00e3o<\/a><\/li><li><a rel=\"noreferrer noopener\" target=\"_blank\" href=\"https:\/\/concurso.ifbaiano.edu.br\/portal\/ingresso-subsequente-santa-ines-junho-2022\/wp-content\/uploads\/sites\/615\/2022\/08\/Resultado-Final-Vagas-Remanescentes.pdf\">Resultado Final<\/a><\/li><li><a rel=\"noreferrer noopener\" target=\"_blank\" href=\"https:\/\/concurso.ifbaiano.edu.br\/portal\/ingresso-subsequente-santa-ines-junho-2022\/wp-content\/uploads\/sites\/615\/2022\/08\/Edital-de-Retificacao-no-31-2022.pdf\">Edital de Retifica\u00e7\u00e3o n\u00ba 31<\/a><\/li><li><a href=\"https:\/\/www.ifbaiano.edu.br\/unidades\/santaines\/files\/2022\/08\/Edital-de-Retificacao-no-33-2022.pdf\">Edital de Retifica\u00e7\u00e3o n\u00ba 33<\/a><\/li><\/ul>\n\n\n\n<hr class=\"wp-block-separator\" \/>\n\n\n\n<p><\/p>\n","protected":false},"excerpt":{"rendered":"<p>As inscri\u00e7\u00f5es come\u00e7am dia 25 de julho e v\u00e3o at\u00e9 o dia 01 de agosto de 2022 <\/p>\n","protected":false},"author":86,"featured_media":16810,"comment_status":"closed","ping_status":"closed","sticky":false,"template":"","format":"standard","meta":[],"categories":[4,13,5,8],"tags":[],"_links":{"self":[{"href":"https:\/\/www.ifbaiano.edu.br\/unidades\/santaines\/wp-json\/wp\/v2\/posts\/16808"}],"collection":[{"href":"https:\/\/www.ifbaiano.edu.br\/unidades\/santaines\/wp-json\/wp\/v2\/posts"}],"about":[{"href":"https:\/\/www.ifbaiano.edu.br\/unidades\/santaines\/wp-json\/wp\/v2\/types\/post"}],"author":[{"embeddable":true,"href":"https:\/\/www.ifbaiano.edu.br\/unidades\/santaines\/wp-json\/wp\/v2\/users\/86"}],"replies":[{"embeddable":true,"href":"https:\/\/www.ifbaiano.edu.br\/unidades\/santaines\/wp-json\/wp\/v2\/comments?post=16808"}],"version-history":[{"count":12,"href":"https:\/\/www.ifbaiano.edu.br\/unidades\/santaines\/wp-json\/wp\/v2\/posts\/16808\/revisions"}],"predecessor-version":[{"id":17094,"href":"https:\/\/www.ifbaiano.edu.br\/unidades\/santaines\/wp-json\/wp\/v2\/posts\/16808\/revisions\/17094"}],"wp:featuredmedia":[{"embeddable":true,"href":"https:\/\/www.ifbaiano.edu.br\/unidades\/santaines\/wp-json\/wp\/v2\/media\/16810"}],"wp:attachment":[{"href":"https:\/\/www.ifbaiano.edu.br\/unidades\/santaines\/wp-json\/wp\/v2\/media?parent=16808"}],"wp:term":[{"taxonomy":"category","embeddable":true,"href":"https:\/\/www.ifbaiano.edu.br\/unidades\/santaines\/wp-json\/wp\/v2\/categories?post=16808"},{"taxonomy":"post_tag","embeddable":true,"href":"https:\/\/www.ifbaiano.edu.br\/unidades\/santaines\/wp-json\/wp\/v2\/tags?post=16808"}],"curies":[{"name":"wp","href":"https:\/\/api.w.org\/{rel}","templated":true}]}}