{"id":16828,"date":"2022-08-16T11:46:00","date_gmt":"2022-08-16T14:46:00","guid":{"rendered":"https:\/\/www.ifbaiano.edu.br\/unidades\/santaines\/?p=16828"},"modified":"2022-08-18T18:18:01","modified_gmt":"2022-08-18T21:18:01","slug":"campus-santa-ines-publica-editais-dos-programas-da-politica-de-assistencia-estudantil","status":"publish","type":"post","link":"https:\/\/www.ifbaiano.edu.br\/unidades\/santaines\/campus-santa-ines-publica-editais-dos-programas-da-politica-de-assistencia-estudantil\/","title":{"rendered":"Campus Santa In\u00eas publica editais dos programas da Pol\u00edtica de Assist\u00eancia Estudantil"},"content":{"rendered":"\n<p>O Instituto Federal Baiano (IF Baiano) \u2013 Campus Santa In\u00eas publicou dois editais de programas da Pol\u00edtica de Assist\u00eancia Estudantil da institui\u00e7\u00e3o, s\u00e3o eles: o&nbsp;<a href=\"https:\/\/concurso.ifbaiano.edu.br\/portal\/paise-santa-ines-julho-2022\/wp-content\/uploads\/sites\/637\/2022\/07\/Edital-No-27_2022-PAISE.pdf\">Programa de Assist\u00eancia e Inclus\u00e3o Social do Estudante<\/a>&nbsp;(Paise), o&nbsp;<a href=\"https:\/\/concurso.ifbaiano.edu.br\/portal\/pae-santa-ines-julho-2022\/wp-content\/uploads\/sites\/636\/2022\/07\/Edital-No-26_2022-PAE.pdf\">Programa de Aux\u00edlios Eventuais<\/a>&nbsp;(PAE). Os editais trazem informa\u00e7\u00f5es gerais sobre os programas, como normas e crit\u00e9rios para sele\u00e7\u00e3o priorit\u00e1ria de estudantes em vulnerabilidade socioecon\u00f4mica de cursos presenciais e \u00e0 dist\u00e2ncia e informa\u00e7\u00f5es espec\u00edficas sobre cada sele\u00e7\u00e3o.<\/p>\n\n\n\n<p>Para ter direito aos benef\u00edcios, o estudante dever\u00e1 ser discente ativo com matr\u00edcula regular em cursos de Educa\u00e7\u00e3o Profissional T\u00e9cnica de N\u00edvel M\u00e9dio (integrado e subsequente), Ensino Superior ou Educa\u00e7\u00e3o de Jovens e Adultos (PROEJA) no IF Baiano. Informa\u00e7\u00f5es sobre o procedimento para inscri\u00e7\u00e3o e&nbsp;cronograma estar\u00e3o dispon\u00edveis nos respectivos editais e, em caso de d\u00favidas, o(a) estudante pode procurar a Comiss\u00e3o Local de Assist\u00eancia Estudantil ou encaminhar mensagem para o e-mail clae@si.ibaiano.edu.br.<\/p>\n\n\n\n<p>Todas as informa\u00e7\u00f5es referentes ao processo seletivo de cada edital est\u00e3o dispon\u00edveis nos respectivos endere\u00e7os eletr\u00f4nicos, na p\u00e1gina de Cursos e Concursos do IF Baiano:<\/p>\n\n\n\n<ul><li><a href=\"https:\/\/concurso.ifbaiano.edu.br\/portal\/paise-santa-ines-julho-2022\/\">Programa de Assist\u00eancia e Inclus\u00e3o Social do Estudante<\/a>&nbsp;(Paise)<\/li><li><a href=\"https:\/\/concurso.ifbaiano.edu.br\/portal\/pae-santa-ines-julho-2022\/\">Programa de Aux\u00edlios Eventuais<\/a>&nbsp;(PAE)<\/li><\/ul>\n\n\n\n<p><strong>Sobre os programas<\/strong><\/p>\n\n\n\n<p>O Programa de Assist\u00eancia e Inclus\u00e3o Social do Estudante do IF Baiano&nbsp;(PAISE)&nbsp;visa contribuir para o bem estar biopsicossocial, perman\u00eancia e \u00eaxito nas atividades acad\u00eamicas de estudantes em vulnerabilidade socioecon\u00f4mica. Disp\u00f5e de benef\u00edcios como aux\u00edlio moradia, aux\u00edlio alimenta\u00e7\u00e3o, aux\u00edlio transporte, aux\u00edlio material acad\u00eamico, entre outros.<\/p>\n\n\n\n<p>J\u00e1 o Programa de Aux\u00edlios Eventuais&nbsp;(PAE) visa contribuir para o atendimento de diferentes demandas apresentadas pelos(as) estudantes e\/ou identificadas pela equipe de profissionais da assist\u00eancia estudantil ou demais servidores, sendo estas situa\u00e7\u00f5es eventuais, ou seja, situa\u00e7\u00f5es inesperadas e que tenham car\u00e1ter tempor\u00e1rio que tendem a interferir diretamente nos processos de ensino e aprendizagem do(a) estudante.<\/p>\n\n\n\n<hr class=\"wp-block-separator\" \/>\n\n\n\n<h2 class=\"wp-block-heading\"> <strong>Documentos \/ etapas do programa:<\/strong> <\/h2>\n\n\n\n<ul><li><a rel=\"noreferrer noopener\" target=\"_blank\" href=\"https:\/\/concurso.ifbaiano.edu.br\/portal\/paise-santa-ines-julho-2022\/wp-content\/uploads\/sites\/637\/2022\/07\/Edital-No-27_2022-PAISE.pdf\">Edital n\u00ba 27<\/a><\/li><li><a rel=\"noreferrer noopener\" target=\"_blank\" href=\"https:\/\/concurso.ifbaiano.edu.br\/portal\/paise-santa-ines-julho-2022\/wp-content\/uploads\/sites\/637\/2022\/07\/ANEXO-III-%E2%80%93-FORMULARIO-DE-INSCRICAO.pdf\">Anexo III \u2013 Formul\u00e1rio de inscri\u00e7\u00e3o<\/a><\/li><li><a rel=\"noreferrer noopener\" target=\"_blank\" href=\"https:\/\/concurso.ifbaiano.edu.br\/portal\/paise-santa-ines-julho-2022\/wp-content\/uploads\/sites\/637\/2022\/07\/ANEXO-IV-%E2%80%93-FORMULARIO-DE-INTERPOSICAO-DE-RECURSO.pdf\">Anexo IV \u2013 Formul\u00e1rio de interposi\u00e7\u00e3o de recurso<\/a><\/li><li><a rel=\"noreferrer noopener\" target=\"_blank\" href=\"https:\/\/concurso.ifbaiano.edu.br\/portal\/paise-santa-ines-julho-2022\/wp-content\/uploads\/sites\/637\/2022\/07\/ANEXO-V-%E2%80%93-TERMO-DE-COMPROMISSO.pdf\">Anexo V \u2013 Termo de compromisso<\/a><\/li><li><a rel=\"noreferrer noopener\" target=\"_blank\" href=\"https:\/\/concurso.ifbaiano.edu.br\/portal\/paise-santa-ines-julho-2022\/wp-content\/uploads\/sites\/637\/2022\/08\/lista-de-pre-selecionados-PDF.pdf\">Lista de pr\u00e9-selecionados<\/a><\/li><li><a rel=\"noreferrer noopener\" target=\"_blank\" href=\"https:\/\/concurso.ifbaiano.edu.br\/portal\/paise-santa-ines-julho-2022\/wp-content\/uploads\/sites\/637\/2022\/08\/Cronograma-para-Interposicao-de-Recurso.pdf\">Cronograma para Interposi\u00e7\u00e3o de Recurso<\/a><\/li><li><a href=\"https:\/\/www.ifbaiano.edu.br\/unidades\/santaines\/files\/2022\/08\/Resultado-Recurso-PAISE-2022.pdf\">Resultado de Interposi\u00e7\u00e3o de Recurso<\/a><\/li><li><a href=\"https:\/\/www.ifbaiano.edu.br\/unidades\/santaines\/files\/2022\/08\/lista-de-selecionados-PAISE-2022.pdf\">Lista de selecionados<\/a><\/li><\/ul>\n\n\n\n<hr class=\"wp-block-separator\" \/>\n","protected":false},"excerpt":{"rendered":"<p>Programas s\u00e3o destinados a estudantes do IF Baiano Campus Santa In\u00eas em vulnerabilidade social.<\/p>\n","protected":false},"author":86,"featured_media":0,"comment_status":"closed","ping_status":"closed","sticky":false,"template":"","format":"standard","meta":[],"categories":[4,5,57],"tags":[],"_links":{"self":[{"href":"https:\/\/www.ifbaiano.edu.br\/unidades\/santaines\/wp-json\/wp\/v2\/posts\/16828"}],"collection":[{"href":"https:\/\/www.ifbaiano.edu.br\/unidades\/santaines\/wp-json\/wp\/v2\/posts"}],"about":[{"href":"https:\/\/www.ifbaiano.edu.br\/unidades\/santaines\/wp-json\/wp\/v2\/types\/post"}],"author":[{"embeddable":true,"href":"https:\/\/www.ifbaiano.edu.br\/unidades\/santaines\/wp-json\/wp\/v2\/users\/86"}],"replies":[{"embeddable":true,"href":"https:\/\/www.ifbaiano.edu.br\/unidades\/santaines\/wp-json\/wp\/v2\/comments?post=16828"}],"version-history":[{"count":5,"href":"https:\/\/www.ifbaiano.edu.br\/unidades\/santaines\/wp-json\/wp\/v2\/posts\/16828\/revisions"}],"predecessor-version":[{"id":17088,"href":"https:\/\/www.ifbaiano.edu.br\/unidades\/santaines\/wp-json\/wp\/v2\/posts\/16828\/revisions\/17088"}],"wp:attachment":[{"href":"https:\/\/www.ifbaiano.edu.br\/unidades\/santaines\/wp-json\/wp\/v2\/media?parent=16828"}],"wp:term":[{"taxonomy":"category","embeddable":true,"href":"https:\/\/www.ifbaiano.edu.br\/unidades\/santaines\/wp-json\/wp\/v2\/categories?post=16828"},{"taxonomy":"post_tag","embeddable":true,"href":"https:\/\/www.ifbaiano.edu.br\/unidades\/santaines\/wp-json\/wp\/v2\/tags?post=16828"}],"curies":[{"name":"wp","href":"https:\/\/api.w.org\/{rel}","templated":true}]}}