{"id":16863,"date":"2022-08-02T09:23:58","date_gmt":"2022-08-02T12:23:58","guid":{"rendered":"https:\/\/www.ifbaiano.edu.br\/unidades\/santaines\/?p=16863"},"modified":"2022-08-02T09:23:58","modified_gmt":"2022-08-02T12:23:58","slug":"reitor-e-diretores-gerais-dos-campi-do-if-baiano-deliberam-pela-suspensao-de-novos-editais-do-programa-de-gestao-teletrabalho-para-os-docentes","status":"publish","type":"post","link":"https:\/\/www.ifbaiano.edu.br\/unidades\/santaines\/reitor-e-diretores-gerais-dos-campi-do-if-baiano-deliberam-pela-suspensao-de-novos-editais-do-programa-de-gestao-teletrabalho-para-os-docentes\/","title":{"rendered":"Reitor e Diretores-Gerais dos Campi do IF Baiano deliberam pela suspens\u00e3o de novos editais do Programa de Gest\u00e3o -Teletrabalho para os docentes"},"content":{"rendered":"\n<p>Em reuni\u00e3o realizada, na \u00faltima quinta-feira, 28 de julho, o Reitor e Diretores-Gerais dos Campi, do Instituto Federal Baiano, atendendo \u00e0 solicita\u00e7\u00e3o de Coletivos de Docentes de alguns Campi e Organiza\u00e7\u00f5es Sindicais do IF Baiano, deliberaram pela n\u00e3o publica\u00e7\u00e3o de novos editais do Programa de Gest\u00e3o -Teletrabalho para a categoria Docente, at\u00e9 que se consolidem os di\u00e1logos e a compreens\u00e3o dessa modalidade de trabalho, e se estabele\u00e7a a nova Regulamenta\u00e7\u00e3o da Atividade Docente, sem preju\u00edzo assim, para a categoria dos T\u00e9cnico-Administrativos.<\/p>\n\n\n\n<p>No caso dos campi que j\u00e1 publicaram Editais do Programa de Gest\u00e3o -Teletrabalho para a categoria docente, ficou acordada a garantia ao servidor, que realizou a inscri\u00e7\u00e3o, de optar por permanecer no Programa de Gest\u00e3o \u2013 Teletrabalho ou solicitar a desist\u00eancia.<\/p>\n\n\n\n<p>Ser\u00e1 encaminhada ainda ao Conselho Superior uma proposta de altera\u00e7\u00e3o do caput do art. 15, da Resolu\u00e7\u00e3o 182 \u2013 OS-CONSUP\/IF Baiano, que trata do Programa de Gest\u00e3o-Teletrabalho, para prever a possibilidade de publica\u00e7\u00e3o de editais de fluxo cont\u00ednuo para participa\u00e7\u00e3o no Programa.<\/p>\n\n\n\n<p>Foi esclarecido durante a reuni\u00e3o que, diante do disposto no Decreto n\u00b0 1.590\/95, art. 6\u00ba, \u00a74\u00ba, e da facultatividade da ades\u00e3o do servidor ao Programa de Gest\u00e3o \u2013 Teletrabalho, os docentes que executarem, fora da unidade do IF Baiano, atividades de organiza\u00e7\u00e3o de ensino em conformidade com o previsto no Art. 9\u00ba, \u00a73\u00ba, da Regulamenta\u00e7\u00e3o da Atividade Docente do IF Baiano vigente (Resolu\u00e7\u00e3o Consup n\u00b0 22\/2019), podem utilizar Boletim Semanal.<\/p>\n\n\n\n<hr class=\"wp-block-separator\" \/>\n\n\n\n<p>Mat\u00e9ria ASCOM dispon\u00edvel em: https:\/\/ifbaiano.edu.br\/portal\/blog\/reitor-e-diretores-gerais-dos-campi-do-if-baiano-deliberam-pela-suspensao-de-novos-editais-do-programa-de-gestao-teletrabalho-para-os-docentes\/<\/p>\n","protected":false},"excerpt":{"rendered":"<p>A medida \u00e9 em atendimento \u00e0 solicita\u00e7\u00e3o de Coletivos de Docentes e de Organiza\u00e7\u00f5es Sindicais<\/p>\n","protected":false},"author":86,"featured_media":16864,"comment_status":"closed","ping_status":"closed","sticky":false,"template":"","format":"standard","meta":[],"categories":[4,38,5,57],"tags":[],"_links":{"self":[{"href":"https:\/\/www.ifbaiano.edu.br\/unidades\/santaines\/wp-json\/wp\/v2\/posts\/16863"}],"collection":[{"href":"https:\/\/www.ifbaiano.edu.br\/unidades\/santaines\/wp-json\/wp\/v2\/posts"}],"about":[{"href":"https:\/\/www.ifbaiano.edu.br\/unidades\/santaines\/wp-json\/wp\/v2\/types\/post"}],"author":[{"embeddable":true,"href":"https:\/\/www.ifbaiano.edu.br\/unidades\/santaines\/wp-json\/wp\/v2\/users\/86"}],"replies":[{"embeddable":true,"href":"https:\/\/www.ifbaiano.edu.br\/unidades\/santaines\/wp-json\/wp\/v2\/comments?post=16863"}],"version-history":[{"count":1,"href":"https:\/\/www.ifbaiano.edu.br\/unidades\/santaines\/wp-json\/wp\/v2\/posts\/16863\/revisions"}],"predecessor-version":[{"id":16865,"href":"https:\/\/www.ifbaiano.edu.br\/unidades\/santaines\/wp-json\/wp\/v2\/posts\/16863\/revisions\/16865"}],"wp:featuredmedia":[{"embeddable":true,"href":"https:\/\/www.ifbaiano.edu.br\/unidades\/santaines\/wp-json\/wp\/v2\/media\/16864"}],"wp:attachment":[{"href":"https:\/\/www.ifbaiano.edu.br\/unidades\/santaines\/wp-json\/wp\/v2\/media?parent=16863"}],"wp:term":[{"taxonomy":"category","embeddable":true,"href":"https:\/\/www.ifbaiano.edu.br\/unidades\/santaines\/wp-json\/wp\/v2\/categories?post=16863"},{"taxonomy":"post_tag","embeddable":true,"href":"https:\/\/www.ifbaiano.edu.br\/unidades\/santaines\/wp-json\/wp\/v2\/tags?post=16863"}],"curies":[{"name":"wp","href":"https:\/\/api.w.org\/{rel}","templated":true}]}}