{"id":1687,"date":"2012-04-12T16:54:43","date_gmt":"2012-04-12T19:54:43","guid":{"rendered":"http:\/\/www.ifbaiano.edu.br\/unidades\/santaines\/?p=1687"},"modified":"2012-04-13T16:57:53","modified_gmt":"2012-04-13T19:57:53","slug":"divulgada-lista-de-contemplados-com-residencia-estudantil-para-2012","status":"publish","type":"post","link":"https:\/\/www.ifbaiano.edu.br\/unidades\/santaines\/divulgada-lista-de-contemplados-com-residencia-estudantil-para-2012\/","title":{"rendered":"Divulgada lista de contemplados com resid\u00eancia estudantil para 2012"},"content":{"rendered":"<p>A Comiss\u00e3o Disciplinar de Acompanhamento dos Estudantes e Sele\u00e7\u00e3o de Estudantes Residentes do Instituto Federal de Educa\u00e7\u00e3o, Ci\u00eancia e Tecnologia Baiano \u2013 Campus Santa In\u00eas, divulga o resultado da sele\u00e7\u00e3o para resid\u00eancia para o ano letivo de 2012. O processo foi realizado no per\u00edodo de 12 de mar\u00e7o a 12 de abril de 2012, tendo como base a Pol\u00edtica de Assist\u00eancia Estudantil do Instituto Federal de Educa\u00e7\u00e3o, Ci\u00eancia e Tecnologia Baiano e as Normas Disciplinares do IF Baiano \u2013 Campus Santa In\u00eas. Desta forma, o processo de sele\u00e7\u00e3o foi realizado com base nos seguintes crit\u00e9rios:<br \/>\n&#8211; Quantidade de vagas dispon\u00edveis (39 vagas para Masculino e 22 vagas para o feminino).<br \/>\n&#8211; Renda familiar per capita (an\u00e1lise do question\u00e1rio socioecon\u00f4mico, comprova\u00e7\u00e3o da renda familiar atrav\u00e9s da entrega da c\u00f3pia de todos os documentos solicitados.)<br \/>\n&#8211; Entrevista e avalia\u00e7\u00e3o do N\u00facleo Psicossocial (realizada atrav\u00e9s da visita domiciliar).<br \/>\n&#8211; Dist\u00e2ncia do munic\u00edpio para o Campus do IF Baiano \u2013 Santa In\u00eas.<br \/>\n&#8211; Dificuldade de acesso da resid\u00eancia ao Campus do IF Baiano \u2013 Santa In\u00eas.<br \/>\nA Comiss\u00e3o ressalta que o processo de sele\u00e7\u00e3o foi realizado com todos os estudantes que solicitaram vagas nas resid\u00eancias e que, para tal, apresentaram perfil socioecon\u00f4mico de vulnerabilidade social e entregaram as c\u00f3pias de todos os documentos comprobat\u00f3rios solicitados para a sele\u00e7\u00e3o. A rela\u00e7\u00e3o dos estudantes aprovados dentro do limite de vagas, dispon\u00edveis para o ano de 2012 pode ser conferida nos links abaixo. Havendo desist\u00eancias durante o ano letivo de 2012, ser\u00e3o convocados os estudantes classificados neste Processo Seletivo.<\/p>\n<p>Coordena\u00e7\u00e3o Geral de Assist\u00eancia ao Educando<\/p>\n<p><a href=\"http:\/\/www.ifbaiano.edu.br\/unidades\/santaines\/files\/2012\/04\/RESULTADO-DA-SELECAO-PARA-VAGAS-DOS-ALOJAMENTOS-FEMININOS-E-MASCULINOS.pdf\">RESULTADO DA SELE\u00c7\u00c3O PARA VAGAS DOS ALOJAMENTOS FEMININOS E MASCULINOS<\/a><\/p>\n<p><a href=\"http:\/\/www.ifbaiano.edu.br\/unidades\/santaines\/files\/2012\/04\/RELACAO-DOS-ESTUDANTES-RESIDENTES-POR-APARTAMENTO-FEMININO-E-MASCULINO.pdf\">RELA\u00c7\u00c3O DOS ESTUDANTES RESIDENTES POR APARTAMENTO &#8211; FEMININO E MASCULINO<\/a><\/p>\n<p><a href=\"http:\/\/www.ifbaiano.edu.br\/unidades\/santaines\/files\/2012\/04\/LISTA-DE-MATERIAL-PARA-OS-ALUNOS-RESIDENTES.pdf\">LISTA DE MATERIAL PARA OS ALUNOS RESIDENTES<\/a><\/p>\n<p>&nbsp;<\/p>\n<p>&nbsp;<\/p>\n<p>&nbsp;<\/p>\n","protected":false},"excerpt":{"rendered":"<p>A Comiss\u00e3o Disciplinar de Acompanhamento dos Estudantes e Sele\u00e7\u00e3o de Estudantes Residentes do Instituto Federal de Educa\u00e7\u00e3o, Ci\u00eancia e Tecnologia Baiano \u2013 Campus Santa In\u00eas, divulga o resultado da sele\u00e7\u00e3o para resid\u00eancia para o ano letivo de 2012. O processo foi realizado no per\u00edodo de 12 de mar\u00e7o a 12 de abril de 2012, tendo [&hellip;]<\/p>\n","protected":false},"author":29,"featured_media":0,"comment_status":"closed","ping_status":"closed","sticky":false,"template":"","format":"standard","meta":[],"categories":[10],"tags":[],"_links":{"self":[{"href":"https:\/\/www.ifbaiano.edu.br\/unidades\/santaines\/wp-json\/wp\/v2\/posts\/1687"}],"collection":[{"href":"https:\/\/www.ifbaiano.edu.br\/unidades\/santaines\/wp-json\/wp\/v2\/posts"}],"about":[{"href":"https:\/\/www.ifbaiano.edu.br\/unidades\/santaines\/wp-json\/wp\/v2\/types\/post"}],"author":[{"embeddable":true,"href":"https:\/\/www.ifbaiano.edu.br\/unidades\/santaines\/wp-json\/wp\/v2\/users\/29"}],"replies":[{"embeddable":true,"href":"https:\/\/www.ifbaiano.edu.br\/unidades\/santaines\/wp-json\/wp\/v2\/comments?post=1687"}],"version-history":[{"count":4,"href":"https:\/\/www.ifbaiano.edu.br\/unidades\/santaines\/wp-json\/wp\/v2\/posts\/1687\/revisions"}],"predecessor-version":[{"id":1699,"href":"https:\/\/www.ifbaiano.edu.br\/unidades\/santaines\/wp-json\/wp\/v2\/posts\/1687\/revisions\/1699"}],"wp:attachment":[{"href":"https:\/\/www.ifbaiano.edu.br\/unidades\/santaines\/wp-json\/wp\/v2\/media?parent=1687"}],"wp:term":[{"taxonomy":"category","embeddable":true,"href":"https:\/\/www.ifbaiano.edu.br\/unidades\/santaines\/wp-json\/wp\/v2\/categories?post=1687"},{"taxonomy":"post_tag","embeddable":true,"href":"https:\/\/www.ifbaiano.edu.br\/unidades\/santaines\/wp-json\/wp\/v2\/tags?post=1687"}],"curies":[{"name":"wp","href":"https:\/\/api.w.org\/{rel}","templated":true}]}}