{"id":16898,"date":"2022-08-16T22:17:00","date_gmt":"2022-08-17T01:17:00","guid":{"rendered":"https:\/\/www.ifbaiano.edu.br\/unidades\/santaines\/?p=16898"},"modified":"2022-08-18T17:40:19","modified_gmt":"2022-08-18T20:40:19","slug":"processo-seletivo-concessao-de-bolsas-de-monitoria-para-estudantes-dos-cursos-tecnicos-e-de-graduacao","status":"publish","type":"post","link":"https:\/\/www.ifbaiano.edu.br\/unidades\/santaines\/processo-seletivo-concessao-de-bolsas-de-monitoria-para-estudantes-dos-cursos-tecnicos-e-de-graduacao\/","title":{"rendered":"Processo seletivo: concess\u00e3o de bolsas de monitoria para estudantes dos Cursos T\u00e9cnicos e de Gradua\u00e7\u00e3o"},"content":{"rendered":"\n<p>O IF Baiano &#8211; Campus Santa In\u00eas publicou Edital de processo seletivo para concess\u00e3o de bolsas de monitoria para estudantes dos Cursos T\u00e9cnicos Integrados e Subsequente, e para os Cursos Superiores de Gradua\u00e7\u00e3o. As inscri\u00e7\u00f5es come\u00e7aram dia 04 de agosto, se estenderam at\u00e9 as 23h59min do dia 07 de agosto de 2022 e foram realizadas de forma EXCLUSIVAMENTE eletr\u00f4nica onde o candidato precisava preencher a <a href=\"https:\/\/forms.gle\/sUqDhyKq9VjCb1JX7\">Ficha de Inscri\u00e7\u00e3o<\/a> <em>online<\/em>.<\/p>\n\n\n\n<p>Este processo seletivo disponibiliza 10 (dez) vagas para monitoria com bolsa no valor fixo mensal de R$ 100,00 (cem&nbsp;reais). Essas vagas s\u00e3o distribu\u00eddas por curso, sendo que, os cursos de Bacharelado em Zootecnia, Licenciatura em Ci\u00eancias Biol\u00f3gicas e Licenciatura em Geografia, ter\u00e3o 02 vagas cada; e os cursos T\u00e9cnicos Integrados em Alimentos, Agropecu\u00e1ria, Inform\u00e1tica e Zootecnia, 01 vaga cada. <\/p>\n\n\n\n<p>Puderam se inscrever estudantes com matr\u00edcula e frequ\u00eancia regular nos cursos do IF Baiano \u2013&nbsp;<em>Campus<\/em>&nbsp;Santa In\u00eas. Os(As) estudantes interessados(as) em se inscrever deveriam observar o quadro de vagas dispon\u00edvel no edital e precisavam cumprir os seguintes pr\u00e9-requisitos: <\/p>\n\n\n\n<ul><li>Ter obtido aprova\u00e7\u00e3o no componente curricular&nbsp;no qual realizou inscri\u00e7\u00e3o para monitoria de ensino (m\u00e9dia seis para os Cursos T\u00e9cnicos e sete para os Cursos Superiores);<\/li><li>Ter disponibilidade de 8&nbsp;horas semanais para atender \u00e0s atividades de monitoria, conforme plano de trabalho.<\/li><li>N\u00e3o usufruir de outro tipo de bolsa, exceto aquelas de car\u00e1ter assistencial.<\/li><\/ul>\n\n\n\n<p>Os(As) discentes classificados(as), mas que n\u00e3o tenham sido contemplados(as) com a bolsa, poder\u00e3o realizar a monitoria volunt\u00e1ria, caso seja de comum acordo com o(a) docente orientador(a) essa modalidade de oferta.<\/p>\n\n\n\n<p>Todas as informa\u00e7\u00f5es referentes a este processo seletivo est\u00e3o dispostas no edital nesta p\u00e1gina, na <a href=\"https:\/\/concurso.ifbaiano.edu.br\/portal\/monitores-cursos-tecnicos-integrados-subsequentes-graduacao-santa-ines\/\">P\u00e1gina de Concursos<\/a>, no Portal do IF Baiano e dever\u00e1 ser de conhecimento de todos(as) os(as) interessados(as). As d\u00favidas dever\u00e3o ser encaminhadas para o e-mail selecaomonitoria@si.ifbaiano.edu.br. <\/p>\n\n\n\n<p><strong>Sobre o programa Monitoria de Ensino<\/strong><\/p>\n\n\n\n<p>A Monitoria de Ensino \u00e9 uma pol\u00edtica institucional com normativa pr\u00f3pria,&nbsp;regulamentado pela <a href=\"https:\/\/ifbaiano.edu.br\/portal\/ensino\/wp-content\/uploads\/sites\/2\/2016\/06\/REGULAMENTO_DE_MONITORIA_DE_ENSINO.pdf\">Resolu\u00e7\u00e3o Consup\/IF Baiano n.\u00ba 08, de 30 de mar\u00e7o de 2016<\/a> e \u00e9 compreendida como uma atividade acad\u00eamica para a melhoria do ensino dos Cursos T\u00e9cnicos de N\u00edvel M\u00e9dio e dos Cursos de Gradua\u00e7\u00e3o, atrav\u00e9s do estabelecimento de novas pr\u00e1ticas e experi\u00eancias educacionais, a articula\u00e7\u00e3o entre teoria e pr\u00e1tica, bem como a integra\u00e7\u00e3o curricular em seus diferentes aspectos.<\/p>\n\n\n\n<hr class=\"wp-block-separator\" \/>\n\n\n\n<p><strong>Documentos referentes ao processo seletivo de Monitoria Discente 2022:<\/strong><\/p>\n\n\n\n<ul><li><a href=\"https:\/\/www.ifbaiano.edu.br\/unidades\/santaines\/files\/2022\/08\/EDITAL-No-29_2022-MONITORIA-DISCENTE.pdf\">Edital de Abertura<\/a><\/li><li><a href=\"https:\/\/www.ifbaiano.edu.br\/unidades\/santaines\/files\/2022\/08\/Edital-de-Retificacao-No-30_2022-Monitoria.pdf\">Edital de Retifica\u00e7\u00e3o m 30\/2022<\/a><\/li><li><a href=\"https:\/\/www.ifbaiano.edu.br\/unidades\/santaines\/files\/2022\/08\/Homologacao-das-Inscricoes-Monitoria.pdf\">Homologa\u00e7\u00e3o das Inscri\u00e7\u00f5es<\/a><\/li><li><a href=\"https:\/\/www.ifbaiano.edu.br\/unidades\/santaines\/files\/2022\/08\/Datas-e-horarios-das-Entrevistas-da-Selecao-de-Monitoria.pdf\">Lista com datas e hor\u00e1rios das entrevistas<\/a><\/li><li><a href=\"https:\/\/www.ifbaiano.edu.br\/unidades\/santaines\/files\/2022\/08\/RESULTADO-PRELIMINAR-MONITORIA-2022.pdf\">Resultado Preliminar de Classifica\u00e7\u00e3o<\/a><\/li><li><a href=\"https:\/\/www.ifbaiano.edu.br\/unidades\/santaines\/files\/2022\/08\/RESULTADO-FINAL-MONITORIA-2022.pdf\">Resultado Final Monitoria 2022<\/a><\/li><\/ul>\n\n\n\n<hr class=\"wp-block-separator\" \/>\n","protected":false},"excerpt":{"rendered":"<p>Per\u00edodo de inscri\u00e7\u00f5es de 04 a 07 de agosto de 2022<\/p>\n","protected":false},"author":86,"featured_media":0,"comment_status":"closed","ping_status":"closed","sticky":false,"template":"","format":"standard","meta":[],"categories":[4,38,5,8,57],"tags":[],"_links":{"self":[{"href":"https:\/\/www.ifbaiano.edu.br\/unidades\/santaines\/wp-json\/wp\/v2\/posts\/16898"}],"collection":[{"href":"https:\/\/www.ifbaiano.edu.br\/unidades\/santaines\/wp-json\/wp\/v2\/posts"}],"about":[{"href":"https:\/\/www.ifbaiano.edu.br\/unidades\/santaines\/wp-json\/wp\/v2\/types\/post"}],"author":[{"embeddable":true,"href":"https:\/\/www.ifbaiano.edu.br\/unidades\/santaines\/wp-json\/wp\/v2\/users\/86"}],"replies":[{"embeddable":true,"href":"https:\/\/www.ifbaiano.edu.br\/unidades\/santaines\/wp-json\/wp\/v2\/comments?post=16898"}],"version-history":[{"count":10,"href":"https:\/\/www.ifbaiano.edu.br\/unidades\/santaines\/wp-json\/wp\/v2\/posts\/16898\/revisions"}],"predecessor-version":[{"id":17084,"href":"https:\/\/www.ifbaiano.edu.br\/unidades\/santaines\/wp-json\/wp\/v2\/posts\/16898\/revisions\/17084"}],"wp:attachment":[{"href":"https:\/\/www.ifbaiano.edu.br\/unidades\/santaines\/wp-json\/wp\/v2\/media?parent=16898"}],"wp:term":[{"taxonomy":"category","embeddable":true,"href":"https:\/\/www.ifbaiano.edu.br\/unidades\/santaines\/wp-json\/wp\/v2\/categories?post=16898"},{"taxonomy":"post_tag","embeddable":true,"href":"https:\/\/www.ifbaiano.edu.br\/unidades\/santaines\/wp-json\/wp\/v2\/tags?post=16898"}],"curies":[{"name":"wp","href":"https:\/\/api.w.org\/{rel}","templated":true}]}}