{"id":1695,"date":"2012-04-13T16:57:22","date_gmt":"2012-04-13T19:57:22","guid":{"rendered":"http:\/\/www.ifbaiano.edu.br\/unidades\/santaines\/?p=1695"},"modified":"2012-04-18T10:24:18","modified_gmt":"2012-04-18T13:24:18","slug":"jornada-pedagogica-2012-campus-santa-ines","status":"publish","type":"post","link":"https:\/\/www.ifbaiano.edu.br\/unidades\/santaines\/jornada-pedagogica-2012-campus-santa-ines\/","title":{"rendered":"Jornada Pedag\u00f3gica 2012 &#8211; Campus Santa In\u00eas"},"content":{"rendered":"<p>Entre os dias 17 e 20 de abril acontecer\u00e1 a Jornada Pedag\u00f3gica 2012 pautada no tema: \u201cA natureza do trabalho docente\u201d. O evento ocorrer\u00e1 no audit\u00f3rio do nosso c\u00e2mpus e discutir\u00e1 assuntos relevantes ao dia a dia dos professores, como refletir acerca do trabalho docente vislumbrando sempre a melhoria da qualidade do ensino e a boa forma\u00e7\u00e3o dos estudantes.<br \/>\nComo conferencistas foram convidados o Prof\u00ba. Ms. em Educa\u00e7\u00e3o Neilton da Silva (UFRB) e a Prof\u00aa. Ms. em Educa\u00e7\u00e3o C\u00e1cia Cristina Fran\u00e7a Rehem (UESB).<\/p>\n<p><em>O servi\u00e7o de refeit\u00f3rio n\u00e3o estar\u00e1 dispon\u00edvel neste per\u00edodo, tendo em vista que, no momento, passa por uma reforma para reestrutura\u00e7\u00e3o e amplia\u00e7\u00e3o.<\/em><\/p>\n<p>Para maiores informa\u00e7\u00f5es confiram o\u00a0<strong><a href=\"http:\/\/www.ifbaiano.edu.br\/unidades\/santaines\/files\/2012\/04\/FOLDER-DA-JORNADA.pdf\">FOLDER DA JORNADA PEDAG\u00d3GICA 2012<\/a><\/strong><\/p>\n","protected":false},"excerpt":{"rendered":"<p>Entre os dias 17 e 20 de abril acontecer\u00e1 a Jornada Pedag\u00f3gica 2012 pautada no tema: \u201cA natureza do trabalho docente\u201d. O evento ocorrer\u00e1 no audit\u00f3rio do nosso c\u00e2mpus e discutir\u00e1 assuntos relevantes ao dia a dia dos professores, como refletir acerca do trabalho docente vislumbrando sempre a melhoria da qualidade do ensino e a [&hellip;]<\/p>\n","protected":false},"author":29,"featured_media":0,"comment_status":"closed","ping_status":"closed","sticky":false,"template":"","format":"standard","meta":[],"categories":[10],"tags":[],"_links":{"self":[{"href":"https:\/\/www.ifbaiano.edu.br\/unidades\/santaines\/wp-json\/wp\/v2\/posts\/1695"}],"collection":[{"href":"https:\/\/www.ifbaiano.edu.br\/unidades\/santaines\/wp-json\/wp\/v2\/posts"}],"about":[{"href":"https:\/\/www.ifbaiano.edu.br\/unidades\/santaines\/wp-json\/wp\/v2\/types\/post"}],"author":[{"embeddable":true,"href":"https:\/\/www.ifbaiano.edu.br\/unidades\/santaines\/wp-json\/wp\/v2\/users\/29"}],"replies":[{"embeddable":true,"href":"https:\/\/www.ifbaiano.edu.br\/unidades\/santaines\/wp-json\/wp\/v2\/comments?post=1695"}],"version-history":[{"count":7,"href":"https:\/\/www.ifbaiano.edu.br\/unidades\/santaines\/wp-json\/wp\/v2\/posts\/1695\/revisions"}],"predecessor-version":[{"id":1706,"href":"https:\/\/www.ifbaiano.edu.br\/unidades\/santaines\/wp-json\/wp\/v2\/posts\/1695\/revisions\/1706"}],"wp:attachment":[{"href":"https:\/\/www.ifbaiano.edu.br\/unidades\/santaines\/wp-json\/wp\/v2\/media?parent=1695"}],"wp:term":[{"taxonomy":"category","embeddable":true,"href":"https:\/\/www.ifbaiano.edu.br\/unidades\/santaines\/wp-json\/wp\/v2\/categories?post=1695"},{"taxonomy":"post_tag","embeddable":true,"href":"https:\/\/www.ifbaiano.edu.br\/unidades\/santaines\/wp-json\/wp\/v2\/tags?post=1695"}],"curies":[{"name":"wp","href":"https:\/\/api.w.org\/{rel}","templated":true}]}}