{"id":16956,"date":"2022-08-09T18:18:00","date_gmt":"2022-08-09T21:18:00","guid":{"rendered":"https:\/\/www.ifbaiano.edu.br\/unidades\/santaines\/?p=16956"},"modified":"2022-08-10T07:37:19","modified_gmt":"2022-08-10T10:37:19","slug":"profissionais-esclarecem-os-riscos-da-doenca-de-chagas-para-a-comunidade-do-imbe","status":"publish","type":"post","link":"https:\/\/www.ifbaiano.edu.br\/unidades\/santaines\/profissionais-esclarecem-os-riscos-da-doenca-de-chagas-para-a-comunidade-do-imbe\/","title":{"rendered":"Profissionais esclarecem os riscos da Doen\u00e7a de Chagas para a comunidade do Imb\u00e9"},"content":{"rendered":"\n<p>O professor de parasitologia do IF Baiano \u2013 Campus Santa In\u00eas, Fred Juli\u00e3o, juntamente com duas estudantes do curso de Bacharelado em Zootecnia e um representante da Secretaria de Educa\u00e7\u00e3o do Munic\u00edpio de Santa In\u00eas-BA, estiveram ontem (8), na comunidade do Imb\u00e9, zona rural do munic\u00edpio, reunidos com os moradores locais, com o prop\u00f3sito de orientar aquela comunidade sobre a preven\u00e7\u00e3o da doen\u00e7a de Chagas.<\/p>\n\n\n\n<figure class=\"wp-block-gallery columns-3 is-cropped wp-block-gallery-1 is-layout-flex\"><ul class=\"blocks-gallery-grid\"><li class=\"blocks-gallery-item\"><figure><a href=\"https:\/\/www.ifbaiano.edu.br\/unidades\/santaines\/files\/2022\/08\/2ebf3074-67f3-40a9-ba70-fb85c36a0180.jpg\"><img decoding=\"async\" loading=\"lazy\" width=\"1600\" height=\"1200\" src=\"https:\/\/www.ifbaiano.edu.br\/unidades\/santaines\/files\/2022\/08\/2ebf3074-67f3-40a9-ba70-fb85c36a0180.jpg\" alt=\"\" data-id=\"16957\" data-link=\"https:\/\/www.ifbaiano.edu.br\/unidades\/santaines\/?attachment_id=16957\" class=\"wp-image-16957\" \/><\/a><\/figure><\/li><li class=\"blocks-gallery-item\"><figure><a href=\"https:\/\/www.ifbaiano.edu.br\/unidades\/santaines\/files\/2022\/08\/49491b3c-8026-4348-b5bc-adba9119a6c8.jpg\"><img decoding=\"async\" loading=\"lazy\" width=\"1600\" height=\"1200\" src=\"https:\/\/www.ifbaiano.edu.br\/unidades\/santaines\/files\/2022\/08\/49491b3c-8026-4348-b5bc-adba9119a6c8.jpg\" alt=\"\" data-id=\"16959\" data-link=\"https:\/\/www.ifbaiano.edu.br\/unidades\/santaines\/?attachment_id=16959\" class=\"wp-image-16959\" \/><\/a><\/figure><\/li><li class=\"blocks-gallery-item\"><figure><a href=\"https:\/\/www.ifbaiano.edu.br\/unidades\/santaines\/files\/2022\/08\/0406a84d-7ed4-4395-99f8-740d83a0db02.jpg\"><img decoding=\"async\" loading=\"lazy\" width=\"1600\" height=\"1200\" src=\"https:\/\/www.ifbaiano.edu.br\/unidades\/santaines\/files\/2022\/08\/0406a84d-7ed4-4395-99f8-740d83a0db02.jpg\" alt=\"\" data-id=\"16958\" data-link=\"https:\/\/www.ifbaiano.edu.br\/unidades\/santaines\/?attachment_id=16958\" class=\"wp-image-16958\" \/><\/a><\/figure><\/li><\/ul><\/figure>\n\n\n\n<p>Segundo o professor Fred, na localidade (Imb\u00e9) existem quarenta e quatro casas e, em quatro delas, j\u00e1 foram capturados barbeiros (inseto transmissor da doen\u00e7a), nos dois \u00faltimos meses. <\/p>\n\n\n\n<p><strong>Sobre a doen\u00e7a<\/strong><\/p>\n\n\n\n<p>O professor Fred explica que a doen\u00e7a de Chagas \u00e9 uma doen\u00e7a antiga, que compromete o cora\u00e7\u00e3o ou sistema digestivo. A principal forma de infec\u00e7\u00e3o \u00e9 atrav\u00e9s das fezes do inseto barbeiro, que defeca durante a picada para alimenta\u00e7\u00e3o do sangue. Casas sem reboco, paredes de taipas, madeiras que descascam, ac\u00famulos de entulhos e proximidades de \u00e1rea rural, s\u00e3o exemplos de \u00e1reas que favorecem a manuten\u00e7\u00e3o e a reprodu\u00e7\u00e3o dos barbeiros.<\/p>\n\n\n\n<hr class=\"wp-block-separator\" \/>\n","protected":false},"excerpt":{"rendered":"<p>O professor de parasitologia do IF Baiano \u2013 Campus Santa In\u00eas, Fred Juli\u00e3o, juntamente com duas estudantes do curso de Bacharelado em Zootecnia e um representante da Secretaria de Educa\u00e7\u00e3o do Munic\u00edpio de Santa In\u00eas-BA, estiveram ontem (8), na comunidade do Imb\u00e9, zona rural do munic\u00edpio, reunidos com os moradores locais, com o prop\u00f3sito de [&hellip;]<\/p>\n","protected":false},"author":86,"featured_media":16959,"comment_status":"closed","ping_status":"closed","sticky":false,"template":"","format":"standard","meta":[],"categories":[4,10,57],"tags":[],"_links":{"self":[{"href":"https:\/\/www.ifbaiano.edu.br\/unidades\/santaines\/wp-json\/wp\/v2\/posts\/16956"}],"collection":[{"href":"https:\/\/www.ifbaiano.edu.br\/unidades\/santaines\/wp-json\/wp\/v2\/posts"}],"about":[{"href":"https:\/\/www.ifbaiano.edu.br\/unidades\/santaines\/wp-json\/wp\/v2\/types\/post"}],"author":[{"embeddable":true,"href":"https:\/\/www.ifbaiano.edu.br\/unidades\/santaines\/wp-json\/wp\/v2\/users\/86"}],"replies":[{"embeddable":true,"href":"https:\/\/www.ifbaiano.edu.br\/unidades\/santaines\/wp-json\/wp\/v2\/comments?post=16956"}],"version-history":[{"count":2,"href":"https:\/\/www.ifbaiano.edu.br\/unidades\/santaines\/wp-json\/wp\/v2\/posts\/16956\/revisions"}],"predecessor-version":[{"id":16961,"href":"https:\/\/www.ifbaiano.edu.br\/unidades\/santaines\/wp-json\/wp\/v2\/posts\/16956\/revisions\/16961"}],"wp:featuredmedia":[{"embeddable":true,"href":"https:\/\/www.ifbaiano.edu.br\/unidades\/santaines\/wp-json\/wp\/v2\/media\/16959"}],"wp:attachment":[{"href":"https:\/\/www.ifbaiano.edu.br\/unidades\/santaines\/wp-json\/wp\/v2\/media?parent=16956"}],"wp:term":[{"taxonomy":"category","embeddable":true,"href":"https:\/\/www.ifbaiano.edu.br\/unidades\/santaines\/wp-json\/wp\/v2\/categories?post=16956"},{"taxonomy":"post_tag","embeddable":true,"href":"https:\/\/www.ifbaiano.edu.br\/unidades\/santaines\/wp-json\/wp\/v2\/tags?post=16956"}],"curies":[{"name":"wp","href":"https:\/\/api.w.org\/{rel}","templated":true}]}}