{"id":16980,"date":"2022-08-17T15:32:00","date_gmt":"2022-08-17T18:32:00","guid":{"rendered":"https:\/\/www.ifbaiano.edu.br\/unidades\/santaines\/?p=16980"},"modified":"2022-08-23T11:53:53","modified_gmt":"2022-08-23T14:53:53","slug":"chamamento-de-voluntarios-para-treinamento-esportivo-de-discentes-do-campus-para-o-jeif-2022","status":"publish","type":"post","link":"https:\/\/www.ifbaiano.edu.br\/unidades\/santaines\/chamamento-de-voluntarios-para-treinamento-esportivo-de-discentes-do-campus-para-o-jeif-2022\/","title":{"rendered":"Chamamento de volunt\u00e1rios para treinamento esportivo de discentes do Campus para o JEIF 2022"},"content":{"rendered":"\n<p>O IF Baiano &#8211; Campus Santa In\u00eas publica edital de chamamento de volunt\u00e1rios para realizar treinamentos de discentes do Campus para participa\u00e7\u00e3o nos Jogos Escolares do IF Baiano 2022.  As inscri\u00e7\u00f5es dever\u00e3o ser realizadas no per\u00edodo de 12 a 14 de agosto de 2022 por meio de <a href=\"https:\/\/forms.gle\/Jg2SWmHHfhqcP7Yo6\">Formul\u00e1rio Eletr\u00f4nico para Inscri\u00e7\u00e3o<\/a>. <\/p>\n\n\n\n<p>O Campus fornecer\u00e1 certificado, ao volunt\u00e1rio, comprovando a realiza\u00e7\u00e3o da a\u00e7\u00e3o, informando nome do(s) volunt\u00e1rio(s) e da carga hor\u00e1ria da atividade desempenhada. VOLUNT\u00c1RIO, o <a href=\"https:\/\/concurso.ifbaiano.edu.br\/portal\/voluntarios-santa-ines-jeif-2022\/wp-content\/uploads\/sites\/649\/2022\/08\/Edital-32-2022-Chamamento-de-Voluntarios.pdf\">Edital<\/a>  define como pessoa f\u00edsica que presta atividade n\u00e3o remunerada a entidade p\u00fablica de qualquer natureza, que n\u00e3o gera v\u00ednculo empregat\u00edcio, nem obriga\u00e7\u00e3o de natureza trabalhista previdenci\u00e1ria ou afim, em conformidade com a <a href=\"http:\/\/www.planalto.gov.br\/ccivil_03\/leis\/l9608.htm\">Lei Federal n\u00ba 9.608, de 18 de fevereiro de 1998.<\/a> <\/p>\n\n\n\n<p>O edital define, tamb\u00e9m, que TREINAMENTOS ESPORTIVOS s\u00e3o atividades esportivas para selecionar e treinar os discentes do Campus para participa\u00e7\u00e3o nos jogos estudantis do Instituto Federal Baiano. S\u00e3o a\u00e7\u00f5es que colaboram com a educa\u00e7\u00e3o integral dos sujeitos na medida que consideram a atividade esportiva como dimens\u00f5es inerentes \u00e0 forma\u00e7\u00e3o humana, por isso mesmo, incentivadas pelo Instituto.<\/p>\n\n\n\n<p>A partir da escolha do(a) volunt\u00e1rio, nos termos do edital e atendendo o Art. 2\u00ba da Lei 9.608\/1998, ser\u00e1 celebrado um Termo de Ades\u00e3o entre o Campus e o prestador do servi\u00e7o volunt\u00e1rio. Neste constar\u00e1 o objeto, os prazos de exerc\u00edcio, as condi\u00e7\u00f5es e as obriga\u00e7\u00f5es ou contrapartidas de cada parte.<\/p>\n\n\n\n<p>Mediante a assinatura do Termo de Ades\u00e3o, o volunt\u00e1rio autoriza a cess\u00e3o gratuita, sem qualquer \u00f4nus, do direito \u00e0 imagem, voz, som, nome, bem como fotos, documentos e quaisquer outros decorrentes da a\u00e7\u00e3o. Essa utiliza\u00e7\u00e3o poder\u00e1 ocorrer de forma ilimitada, associada ou n\u00e3o a textos, t\u00edtulos, documentos, gr\u00e1ficos, e outros materiais, por todos os meios de comunica\u00e7\u00e3o l\u00edcitos, inclusive na m\u00eddia impressa, televisiva, radiof\u00f4nica ou eletr\u00f4nica, bem como em sites e p\u00e1ginas da internet.<\/p>\n\n\n\n<p>Informa\u00e7\u00f5es, d\u00favidas e\/ou esclarecimentos referentes a este chamamento poder\u00e3o ser enviados para o e-mail cae@si.ifbaiano.edu.br.<\/p>\n\n\n\n<hr class=\"wp-block-separator\" \/>\n\n\n\n<p><strong>Documentos \/ etapas do processo seletivo:<\/strong><\/p>\n\n\n\n<ul><li><a href=\"https:\/\/concurso.ifbaiano.edu.br\/portal\/voluntarios-santa-ines-jeif-2022\/wp-content\/uploads\/sites\/649\/2022\/08\/Edital-32-2022-Chamamento-de-Voluntarios.pdf\">Edital<\/a>  <\/li><li><a href=\"https:\/\/www.ifbaiano.edu.br\/unidades\/santaines\/files\/2022\/08\/HOMOLOGACAO-DAS-INSCRICOES.pdf\">Homologa\u00e7\u00e3o das Inscri\u00e7\u00f5es<\/a><\/li><li><a href=\"https:\/\/www.ifbaiano.edu.br\/unidades\/santaines\/files\/2022\/08\/Resultado-Preliminar-JEIF.pdf\">Resultado preliminar<\/a><\/li><li><a rel=\"noreferrer noopener\" target=\"_blank\" href=\"https:\/\/concurso.ifbaiano.edu.br\/portal\/voluntarios-santa-ines-jeif-2022\/wp-content\/uploads\/sites\/649\/2022\/08\/Resultado-Final-Chamamento.pdf\">Resultado Final<\/a><\/li><\/ul>\n","protected":false},"excerpt":{"rendered":"<p>As inscri\u00e7\u00f5es dever\u00e3o ser realizadas no per\u00edodo de 12 a 14 de agosto de 2022<\/p>\n","protected":false},"author":86,"featured_media":16567,"comment_status":"closed","ping_status":"closed","sticky":false,"template":"","format":"standard","meta":[],"categories":[4,5,57],"tags":[],"_links":{"self":[{"href":"https:\/\/www.ifbaiano.edu.br\/unidades\/santaines\/wp-json\/wp\/v2\/posts\/16980"}],"collection":[{"href":"https:\/\/www.ifbaiano.edu.br\/unidades\/santaines\/wp-json\/wp\/v2\/posts"}],"about":[{"href":"https:\/\/www.ifbaiano.edu.br\/unidades\/santaines\/wp-json\/wp\/v2\/types\/post"}],"author":[{"embeddable":true,"href":"https:\/\/www.ifbaiano.edu.br\/unidades\/santaines\/wp-json\/wp\/v2\/users\/86"}],"replies":[{"embeddable":true,"href":"https:\/\/www.ifbaiano.edu.br\/unidades\/santaines\/wp-json\/wp\/v2\/comments?post=16980"}],"version-history":[{"count":6,"href":"https:\/\/www.ifbaiano.edu.br\/unidades\/santaines\/wp-json\/wp\/v2\/posts\/16980\/revisions"}],"predecessor-version":[{"id":17095,"href":"https:\/\/www.ifbaiano.edu.br\/unidades\/santaines\/wp-json\/wp\/v2\/posts\/16980\/revisions\/17095"}],"wp:featuredmedia":[{"embeddable":true,"href":"https:\/\/www.ifbaiano.edu.br\/unidades\/santaines\/wp-json\/wp\/v2\/media\/16567"}],"wp:attachment":[{"href":"https:\/\/www.ifbaiano.edu.br\/unidades\/santaines\/wp-json\/wp\/v2\/media?parent=16980"}],"wp:term":[{"taxonomy":"category","embeddable":true,"href":"https:\/\/www.ifbaiano.edu.br\/unidades\/santaines\/wp-json\/wp\/v2\/categories?post=16980"},{"taxonomy":"post_tag","embeddable":true,"href":"https:\/\/www.ifbaiano.edu.br\/unidades\/santaines\/wp-json\/wp\/v2\/tags?post=16980"}],"curies":[{"name":"wp","href":"https:\/\/api.w.org\/{rel}","templated":true}]}}