{"id":16985,"date":"2022-08-11T17:42:11","date_gmt":"2022-08-11T20:42:11","guid":{"rendered":"https:\/\/www.ifbaiano.edu.br\/unidades\/santaines\/?p=16985"},"modified":"2022-08-11T17:42:11","modified_gmt":"2022-08-11T20:42:11","slug":"campus-santa-ines-realiza-reuniao-e-ambientacao-com-os-responsaveis-pelos-candidatos-do-prosel-2022","status":"publish","type":"post","link":"https:\/\/www.ifbaiano.edu.br\/unidades\/santaines\/campus-santa-ines-realiza-reuniao-e-ambientacao-com-os-responsaveis-pelos-candidatos-do-prosel-2022\/","title":{"rendered":"Campus Santa In\u00eas realiza reuni\u00e3o e ambienta\u00e7\u00e3o com os respons\u00e1veis pelos candidatos do PROSEL 2022"},"content":{"rendered":"\n<p>O IF Baiano &#8211; Campus Santa In\u00eas programou um momento de acolhida com pais, m\u00e3es e\/ou respons\u00e1veis dos candidatos inscritos para os Cursos T\u00e9cnicos Integrados 2022 (PROSEL 2022). O encontro acontece no pr\u00f3ximo dia 16, iniciando \u00e0s 8h, com recep\u00e7\u00e3o no audit\u00f3rio do Campus e previs\u00e3o de encerramento \u00e0s 12h com almo\u00e7o no refeit\u00f3rio do Campus. <\/p>\n\n\n\n<p>Constam na programa\u00e7\u00e3o, uma reuni\u00e3o com a Dire\u00e7\u00e3o Geral, Dire\u00e7\u00e3o Acad\u00eamica e Coordena\u00e7\u00e3o de Ensino para alinhamento sobre o ingresso dos candidatos no ano letivo 2022 no Campus e um momento de ambienta\u00e7\u00e3o. Ser\u00e1 uma oportunidade para os presentes conhecerem a institui\u00e7\u00e3o e esclarecerem suas d\u00favidas sobre o ingresso dos candidatos no ano letivo 2022. <\/p>\n\n\n\n<p> <\/p>\n\n\n\n<figure class=\"wp-block-image size-full is-resized\"><a href=\"https:\/\/www.ifbaiano.edu.br\/unidades\/santaines\/files\/2022\/08\/2993e083-8a42-45a6-a238-87df4606bd82.jpg\"><img decoding=\"async\" loading=\"lazy\" src=\"https:\/\/www.ifbaiano.edu.br\/unidades\/santaines\/files\/2022\/08\/2993e083-8a42-45a6-a238-87df4606bd82.jpg\" alt=\"\" class=\"wp-image-16986\" width=\"746\" height=\"746\" \/><\/a><\/figure>\n\n\n\n<p> <\/p>\n","protected":false},"excerpt":{"rendered":"<p>O encontro acontece no dia 16  de agosto no Audit\u00f3rio do Campus<\/p>\n","protected":false},"author":86,"featured_media":0,"comment_status":"closed","ping_status":"closed","sticky":false,"template":"","format":"standard","meta":[],"categories":[4,19,5,10,57],"tags":[],"_links":{"self":[{"href":"https:\/\/www.ifbaiano.edu.br\/unidades\/santaines\/wp-json\/wp\/v2\/posts\/16985"}],"collection":[{"href":"https:\/\/www.ifbaiano.edu.br\/unidades\/santaines\/wp-json\/wp\/v2\/posts"}],"about":[{"href":"https:\/\/www.ifbaiano.edu.br\/unidades\/santaines\/wp-json\/wp\/v2\/types\/post"}],"author":[{"embeddable":true,"href":"https:\/\/www.ifbaiano.edu.br\/unidades\/santaines\/wp-json\/wp\/v2\/users\/86"}],"replies":[{"embeddable":true,"href":"https:\/\/www.ifbaiano.edu.br\/unidades\/santaines\/wp-json\/wp\/v2\/comments?post=16985"}],"version-history":[{"count":2,"href":"https:\/\/www.ifbaiano.edu.br\/unidades\/santaines\/wp-json\/wp\/v2\/posts\/16985\/revisions"}],"predecessor-version":[{"id":16988,"href":"https:\/\/www.ifbaiano.edu.br\/unidades\/santaines\/wp-json\/wp\/v2\/posts\/16985\/revisions\/16988"}],"wp:attachment":[{"href":"https:\/\/www.ifbaiano.edu.br\/unidades\/santaines\/wp-json\/wp\/v2\/media?parent=16985"}],"wp:term":[{"taxonomy":"category","embeddable":true,"href":"https:\/\/www.ifbaiano.edu.br\/unidades\/santaines\/wp-json\/wp\/v2\/categories?post=16985"},{"taxonomy":"post_tag","embeddable":true,"href":"https:\/\/www.ifbaiano.edu.br\/unidades\/santaines\/wp-json\/wp\/v2\/tags?post=16985"}],"curies":[{"name":"wp","href":"https:\/\/api.w.org\/{rel}","templated":true}]}}