{"id":16991,"date":"2022-08-12T15:12:41","date_gmt":"2022-08-12T18:12:41","guid":{"rendered":"https:\/\/www.ifbaiano.edu.br\/unidades\/santaines\/?p=16991"},"modified":"2022-08-12T15:12:41","modified_gmt":"2022-08-12T18:12:41","slug":"nota-informativa-sobre-paise-2022","status":"publish","type":"post","link":"https:\/\/www.ifbaiano.edu.br\/unidades\/santaines\/nota-informativa-sobre-paise-2022\/","title":{"rendered":"Nota Informativa sobre PAISE 2022"},"content":{"rendered":"\n<hr class=\"wp-block-separator\" \/>\n\n\n\n<p id=\"block-6eac8ea1-809a-46f6-93c6-2ae4ef9a5094\">A comiss\u00e3o local de Assist\u00eancia Estudantil informa que devido ao n\u00famero de inscritos no <a href=\"https:\/\/concurso.ifbaiano.edu.br\/portal\/paise-santa-ines-julho-2022\/wp-content\/uploads\/sites\/637\/2022\/07\/Edital-No-27_2022-PAISE.pdf\">Programa de Assist\u00eancia e Inclus\u00e3o Social do Estudante<\/a>\u00a0(Paise) ter ultrapassado \u00e0s expectativas, n\u00e3o ser\u00e1 poss\u00edvel a divulga\u00e7\u00e3o do resultado preliminar,\u00a0hoje (12), conforme previsto no Edital n\u00ba 27\/2022, de 27 de julho de 2022.<\/p>\n\n\n\n<p> Na pr\u00f3xima segunda-feira (15) ser\u00e1 divulgando novo cronograma. <\/p>\n\n\n\n<hr class=\"wp-block-separator\" \/>\n\n\n\n<p>Veja mais informa\u00e7\u00f5es sobre os Programas de Assist\u00eancia Estudantil: https:\/\/www.ifbaiano.edu.br\/unidades\/santaines\/campus-santa-ines-publica-editais-dos-programas-da-politica-de-assistencia-estudantil\/<\/p>\n","protected":false},"excerpt":{"rendered":"<p>A comiss\u00e3o local de Assist\u00eancia Estudantil informa que devido ao n\u00famero de inscritos no Programa de Assist\u00eancia e Inclus\u00e3o Social do Estudante\u00a0(Paise) ter ultrapassado \u00e0s expectativas, n\u00e3o ser\u00e1 poss\u00edvel a divulga\u00e7\u00e3o do resultado preliminar,\u00a0hoje (12), conforme previsto no Edital n\u00ba 27\/2022, de 27 de julho de 2022. Na pr\u00f3xima segunda-feira (15) ser\u00e1 divulgando novo cronograma. [&hellip;]<\/p>\n","protected":false},"author":86,"featured_media":16864,"comment_status":"closed","ping_status":"closed","sticky":false,"template":"","format":"standard","meta":[],"categories":[4,38,5,10,57],"tags":[],"_links":{"self":[{"href":"https:\/\/www.ifbaiano.edu.br\/unidades\/santaines\/wp-json\/wp\/v2\/posts\/16991"}],"collection":[{"href":"https:\/\/www.ifbaiano.edu.br\/unidades\/santaines\/wp-json\/wp\/v2\/posts"}],"about":[{"href":"https:\/\/www.ifbaiano.edu.br\/unidades\/santaines\/wp-json\/wp\/v2\/types\/post"}],"author":[{"embeddable":true,"href":"https:\/\/www.ifbaiano.edu.br\/unidades\/santaines\/wp-json\/wp\/v2\/users\/86"}],"replies":[{"embeddable":true,"href":"https:\/\/www.ifbaiano.edu.br\/unidades\/santaines\/wp-json\/wp\/v2\/comments?post=16991"}],"version-history":[{"count":1,"href":"https:\/\/www.ifbaiano.edu.br\/unidades\/santaines\/wp-json\/wp\/v2\/posts\/16991\/revisions"}],"predecessor-version":[{"id":16995,"href":"https:\/\/www.ifbaiano.edu.br\/unidades\/santaines\/wp-json\/wp\/v2\/posts\/16991\/revisions\/16995"}],"wp:featuredmedia":[{"embeddable":true,"href":"https:\/\/www.ifbaiano.edu.br\/unidades\/santaines\/wp-json\/wp\/v2\/media\/16864"}],"wp:attachment":[{"href":"https:\/\/www.ifbaiano.edu.br\/unidades\/santaines\/wp-json\/wp\/v2\/media?parent=16991"}],"wp:term":[{"taxonomy":"category","embeddable":true,"href":"https:\/\/www.ifbaiano.edu.br\/unidades\/santaines\/wp-json\/wp\/v2\/categories?post=16991"},{"taxonomy":"post_tag","embeddable":true,"href":"https:\/\/www.ifbaiano.edu.br\/unidades\/santaines\/wp-json\/wp\/v2\/tags?post=16991"}],"curies":[{"name":"wp","href":"https:\/\/api.w.org\/{rel}","templated":true}]}}