{"id":17040,"date":"2022-08-16T16:49:46","date_gmt":"2022-08-16T19:49:46","guid":{"rendered":"https:\/\/www.ifbaiano.edu.br\/unidades\/santaines\/?p=17040"},"modified":"2022-08-16T17:04:27","modified_gmt":"2022-08-16T20:04:27","slug":"if-baiano-campus-santa-ines-e-convale-visam-parceria-para-elaboracao-de-projetos-e-celebracao-de-convenios","status":"publish","type":"post","link":"https:\/\/www.ifbaiano.edu.br\/unidades\/santaines\/if-baiano-campus-santa-ines-e-convale-visam-parceria-para-elaboracao-de-projetos-e-celebracao-de-convenios\/","title":{"rendered":"IF Baiano &#8211; Campus Santa In\u00eas e CONVALE visam parceria para elabora\u00e7\u00e3o de projetos e celebra\u00e7\u00e3o de conv\u00eanios"},"content":{"rendered":"\n<p>Na manh\u00e3 da \u00faltima segunda-feira, 15, os professores do IF Baiano &#8211; Campus Santa In\u00eas, Andr\u00e9 Leonardo e Valdinei Souza estiveram reunidos com Taise Anjos, Secret\u00e1ria Executiva e Haialla Rialli, Bi\u00f3loga, representantes do Cons\u00f3rcio do Vale do Jiquiri\u00e7\u00e1 \u2013 CONVALE, na sede do IF Baiano &#8211; Campus Santa In\u00eas.<\/p>\n\n\n\n<figure class=\"wp-block-image size-full\"><a href=\"https:\/\/www.ifbaiano.edu.br\/unidades\/santaines\/files\/2022\/08\/811bede7-e22c-4f44-83d0-616665144ad2.jpg\"><img decoding=\"async\" loading=\"lazy\" width=\"1280\" height=\"607\" src=\"https:\/\/www.ifbaiano.edu.br\/unidades\/santaines\/files\/2022\/08\/811bede7-e22c-4f44-83d0-616665144ad2.jpg\" alt=\"\" class=\"wp-image-17044\" \/><\/a><\/figure>\n\n\n\n<p>Na ocasi\u00e3o, trataram de parceria para elabora\u00e7\u00e3o de projetos e celebra\u00e7\u00e3o de conv\u00eanios entre o IF Baiano &#8211; Campus Santa In\u00eas e o CONVALE, objetivando fomentar a constru\u00e7\u00e3o de projetos nas \u00e1reas de meio ambiente e desenvolvimento social e sustent\u00e1vel.<\/p>\n\n\n\n<p>A reuni\u00e3o serviu para estreitar as rela\u00e7\u00f5es institucionais, possibilitou colaborar com a elabora\u00e7\u00e3o de uma proposta voltada para alguns munic\u00edpios, mas com a possibilidade de estender aos vinte munic\u00edpios que comp\u00f5em o Territ\u00f3rio Vale do Jiquiri\u00e7\u00e1.<\/p>\n\n\n\n<p>Na constru\u00e7\u00e3o de conv\u00eanios o IF Baiano &#8211; Campus Santa In\u00eas dever\u00e1 contar com a participa\u00e7\u00e3o e atua\u00e7\u00e3o de diversos profissionais das mais variadas \u00e1reas do conhecimento para representar o Instituto e promover a\u00e7\u00f5es com foco no desenvolvimento social sustent\u00e1vel.<\/p>\n\n\n\n<hr class=\"wp-block-separator\" \/>\n","protected":false},"excerpt":{"rendered":"<p>Na manh\u00e3 da \u00faltima segunda-feira, 15, os professores do IF Baiano &#8211; Campus Santa In\u00eas, Andr\u00e9 Leonardo e Valdinei Souza estiveram reunidos com Taise Anjos, Secret\u00e1ria Executiva e Haialla Rialli, Bi\u00f3loga, representantes do Cons\u00f3rcio do Vale do Jiquiri\u00e7\u00e1 \u2013 CONVALE, na sede do IF Baiano &#8211; Campus Santa In\u00eas. Na ocasi\u00e3o, trataram de parceria para [&hellip;]<\/p>\n","protected":false},"author":86,"featured_media":17048,"comment_status":"closed","ping_status":"closed","sticky":false,"template":"","format":"standard","meta":[],"categories":[4,5,57],"tags":[],"_links":{"self":[{"href":"https:\/\/www.ifbaiano.edu.br\/unidades\/santaines\/wp-json\/wp\/v2\/posts\/17040"}],"collection":[{"href":"https:\/\/www.ifbaiano.edu.br\/unidades\/santaines\/wp-json\/wp\/v2\/posts"}],"about":[{"href":"https:\/\/www.ifbaiano.edu.br\/unidades\/santaines\/wp-json\/wp\/v2\/types\/post"}],"author":[{"embeddable":true,"href":"https:\/\/www.ifbaiano.edu.br\/unidades\/santaines\/wp-json\/wp\/v2\/users\/86"}],"replies":[{"embeddable":true,"href":"https:\/\/www.ifbaiano.edu.br\/unidades\/santaines\/wp-json\/wp\/v2\/comments?post=17040"}],"version-history":[{"count":2,"href":"https:\/\/www.ifbaiano.edu.br\/unidades\/santaines\/wp-json\/wp\/v2\/posts\/17040\/revisions"}],"predecessor-version":[{"id":17047,"href":"https:\/\/www.ifbaiano.edu.br\/unidades\/santaines\/wp-json\/wp\/v2\/posts\/17040\/revisions\/17047"}],"wp:featuredmedia":[{"embeddable":true,"href":"https:\/\/www.ifbaiano.edu.br\/unidades\/santaines\/wp-json\/wp\/v2\/media\/17048"}],"wp:attachment":[{"href":"https:\/\/www.ifbaiano.edu.br\/unidades\/santaines\/wp-json\/wp\/v2\/media?parent=17040"}],"wp:term":[{"taxonomy":"category","embeddable":true,"href":"https:\/\/www.ifbaiano.edu.br\/unidades\/santaines\/wp-json\/wp\/v2\/categories?post=17040"},{"taxonomy":"post_tag","embeddable":true,"href":"https:\/\/www.ifbaiano.edu.br\/unidades\/santaines\/wp-json\/wp\/v2\/tags?post=17040"}],"curies":[{"name":"wp","href":"https:\/\/api.w.org\/{rel}","templated":true}]}}