{"id":17055,"date":"2022-08-17T12:05:10","date_gmt":"2022-08-17T15:05:10","guid":{"rendered":"https:\/\/www.ifbaiano.edu.br\/unidades\/santaines\/?p=17055"},"modified":"2022-08-17T12:17:52","modified_gmt":"2022-08-17T15:17:52","slug":"gestao-recepciona-responsaveis-pelos-futuros-estudantes-do-if-baiano-campus-santa-ines","status":"publish","type":"post","link":"https:\/\/www.ifbaiano.edu.br\/unidades\/santaines\/gestao-recepciona-responsaveis-pelos-futuros-estudantes-do-if-baiano-campus-santa-ines\/","title":{"rendered":"Gest\u00e3o recepciona respons\u00e1veis pelos futuros estudantes do IF Baiano &#8211; Campus Santa In\u00eas"},"content":{"rendered":"\n<p>Na manh\u00e3 da \u00faltima ter\u00e7a-feira, 16, no IF Baiano &#8211; Campus Santa In\u00eas, aconteceu uma reuni\u00e3o com os respons\u00e1veis pelos candidatos inscritos no Edital do \u00faltimo Processo Seletivo para os Cursos T\u00e9cnicos Integrados (PROSEL 2022). <\/p>\n\n\n\n<div class=\"wp-block-media-text alignwide is-stacked-on-mobile\"><figure class=\"wp-block-media-text__media\"><img decoding=\"async\" loading=\"lazy\" width=\"1600\" height=\"1200\" src=\"https:\/\/www.ifbaiano.edu.br\/unidades\/santaines\/files\/2022\/08\/8c345fdc-1328-4bf7-819c-1ccecdffdeb9.jpg\" alt=\"\" class=\"wp-image-17068 size-full\" \/><\/figure><div class=\"wp-block-media-text__content\">\n<div class=\"wp-block-group is-layout-flow\"><div class=\"wp-block-group__inner-container\">\n<div class=\"wp-block-columns is-layout-flex wp-container-2\">\n<div class=\"wp-block-column is-layout-flow\" style=\"flex-basis:100%\">\n<p>Houve um momento de di\u00e1logo com o Diretor Acad\u00eamico Prof. Guilherme Rodrigues e a Coordenadora de Ensino Prof.\u00aa Tharcilla Braz, com a colabora\u00e7\u00e3o da Pedagoga Arlene Luttgards, da Coordenadora de Extens\u00e3o, prof.\u00aa Patr\u00edcia Neves e da Diretora Administrativa, Prof.\u00aa Daniele Matos. Nesse encontro foram prestados esclarecimentos sobre o edital PROSEL 2022, sua conclus\u00e3o que acontece no pr\u00f3ximo dia 19 e posterior publica\u00e7\u00e3o do Edital de Matr\u00edculas. <\/p>\n<\/div>\n<\/div>\n<\/div><\/div>\n<\/div><\/div>\n\n\n\n<p>Foram tamb\u00e9m apresentadas, aos respons\u00e1veis e aos candidatos presentes, as atividades de nivelamento e oferta de cursos de Forma\u00e7\u00e3o Inicial e Continuada (FIC) do <em>campus <\/em>at\u00e9 o in\u00edcio do ano letivo, em Fevereiro de 2023.<\/p>\n\n\n\n<p>Para o prof. Guilherme Rodrigues a reuni\u00e3o com pais e\/ou respons\u00e1veis \u00e9 uma etapa importante no processo de ensino aprendizagem e anualmente eles [os pais] s\u00e3o convocados para esses encontros. Esse momento, em especial, foi importante, n\u00e3o apenas para tratar sobre o edital PROSEL 2022, mas tamb\u00e9m para os pais conhecerem o local onde seus filhos ir\u00e3o estudar. &#8220;\u00c9 importante os pais conhecerem a rotina dos seus filhos, as instala\u00e7\u00f5es da institui\u00e7\u00e3o, alguns docentes e pr\u00e1ticas relativas aos cursos t\u00e9cnicos que os candidatos se inscreveram&#8221;. <\/p>\n\n\n\n<p>Durante a ambienta\u00e7\u00e3o todos os presentes conheceram setores da institui\u00e7\u00e3o, como Avicultura, Cunicultura e a Agroind\u00fastria, onde puderam participar de uma atividade da aula pr\u00e1tica de Tecnologia de Carne, com colabora\u00e7\u00e3o da Prof.\u00aa Clementina C\u00e2ndida e degusta\u00e7\u00e3o de Hamb\u00farguer gourmet, feitos no momento na visita. Tamb\u00e9m  participaram de atividade pr\u00e1tica de Qu\u00edmica, com o prof. Valdinei Souza, e no Melipon\u00e1rio, com a prof.\u00aa Renata Froes. Ao meio dia, o encontro encerrou com um almo\u00e7o no refeit\u00f3rio do Campus. <\/p>\n\n\n\n<figure class=\"wp-block-gallery columns-3 is-cropped wp-block-gallery-4 is-layout-flex\"><ul class=\"blocks-gallery-grid\"><li class=\"blocks-gallery-item\"><figure><a href=\"https:\/\/www.ifbaiano.edu.br\/unidades\/santaines\/files\/2022\/08\/85c0b925-66d4-4f70-a300-67fe01efba19.jpg\"><img decoding=\"async\" loading=\"lazy\" width=\"1600\" height=\"1200\" src=\"https:\/\/www.ifbaiano.edu.br\/unidades\/santaines\/files\/2022\/08\/85c0b925-66d4-4f70-a300-67fe01efba19.jpg\" alt=\"\" data-id=\"17075\" data-link=\"https:\/\/www.ifbaiano.edu.br\/unidades\/santaines\/?attachment_id=17075\" class=\"wp-image-17075\" \/><\/a><\/figure><\/li><li class=\"blocks-gallery-item\"><figure><a href=\"https:\/\/www.ifbaiano.edu.br\/unidades\/santaines\/files\/2022\/08\/7f30bf06-9d29-4f9a-aad8-dd6793a3eac1.jpg\"><img decoding=\"async\" loading=\"lazy\" width=\"1600\" height=\"1200\" src=\"https:\/\/www.ifbaiano.edu.br\/unidades\/santaines\/files\/2022\/08\/7f30bf06-9d29-4f9a-aad8-dd6793a3eac1.jpg\" alt=\"\" data-id=\"17070\" data-link=\"https:\/\/www.ifbaiano.edu.br\/unidades\/santaines\/?attachment_id=17070\" class=\"wp-image-17070\" \/><\/a><\/figure><\/li><li class=\"blocks-gallery-item\"><figure><a href=\"https:\/\/www.ifbaiano.edu.br\/unidades\/santaines\/files\/2022\/08\/45a8a1f6-189c-43a7-aa3a-ca89adcd62e9-1.jpg\"><img decoding=\"async\" loading=\"lazy\" width=\"1600\" height=\"1200\" src=\"https:\/\/www.ifbaiano.edu.br\/unidades\/santaines\/files\/2022\/08\/45a8a1f6-189c-43a7-aa3a-ca89adcd62e9-1.jpg\" alt=\"\" data-id=\"17074\" data-link=\"https:\/\/www.ifbaiano.edu.br\/unidades\/santaines\/?attachment_id=17074\" class=\"wp-image-17074\" \/><\/a><\/figure><\/li><li class=\"blocks-gallery-item\"><figure><a href=\"https:\/\/www.ifbaiano.edu.br\/unidades\/santaines\/files\/2022\/08\/4ede46af-5acb-4873-907e-2c972013890f.jpg\"><img decoding=\"async\" loading=\"lazy\" width=\"1152\" height=\"648\" src=\"https:\/\/www.ifbaiano.edu.br\/unidades\/santaines\/files\/2022\/08\/4ede46af-5acb-4873-907e-2c972013890f.jpg\" alt=\"\" data-id=\"17069\" data-link=\"https:\/\/www.ifbaiano.edu.br\/unidades\/santaines\/?attachment_id=17069\" class=\"wp-image-17069\" \/><\/a><\/figure><\/li><li class=\"blocks-gallery-item\"><figure><a href=\"https:\/\/www.ifbaiano.edu.br\/unidades\/santaines\/files\/2022\/08\/8a84e7fb-de8f-4e71-a53b-dbfdca478582.jpg\"><img decoding=\"async\" loading=\"lazy\" width=\"1600\" height=\"1200\" src=\"https:\/\/www.ifbaiano.edu.br\/unidades\/santaines\/files\/2022\/08\/8a84e7fb-de8f-4e71-a53b-dbfdca478582.jpg\" alt=\"\" data-id=\"17073\" data-link=\"https:\/\/www.ifbaiano.edu.br\/unidades\/santaines\/?attachment_id=17073\" class=\"wp-image-17073\" \/><\/a><\/figure><\/li><li class=\"blocks-gallery-item\"><figure><a href=\"https:\/\/www.ifbaiano.edu.br\/unidades\/santaines\/files\/2022\/08\/19c9ca68-83d3-450d-824a-a1b9c700af37.jpg\"><img decoding=\"async\" loading=\"lazy\" width=\"1600\" height=\"1200\" src=\"https:\/\/www.ifbaiano.edu.br\/unidades\/santaines\/files\/2022\/08\/19c9ca68-83d3-450d-824a-a1b9c700af37.jpg\" alt=\"\" data-id=\"17071\" data-link=\"https:\/\/www.ifbaiano.edu.br\/unidades\/santaines\/?attachment_id=17071\" class=\"wp-image-17071\" \/><\/a><\/figure><\/li><\/ul><\/figure>\n\n\n\n<p>Na oportunidade, o Senhor Wilfredo Eduardo Alves Junior, T\u00e9cnico em Administra\u00e7\u00e3o e pai de um dos candidatos, falou sobre a import\u00e2ncia daquele momento proveitoso e esclarecedor e tamb\u00e9m sobre o seu encantamento com a institui\u00e7\u00e3o, onde, segundo ele foi muito bem recebido e superou suas expectativas. &#8220;&#8230; fomos surpreendidos com a estrutura e um lugar paradis\u00edaco, com excelentes laborat\u00f3rios professores qualificados, salas amplas e arejadas, \u00e1reas externas muito boas, alojamento bom, um refeit\u00f3rio com uma estrutura boa, um card\u00e1pio balanceado muito saboroso&#8221;. E concluiu: &#8220;sa\u00edmos com uma \u00f3tima expectativa e a certeza que nosso filho ser\u00e1 um profissional de excel\u00eancia&#8221;.<\/p>\n\n\n\n<hr class=\"wp-block-separator\" \/>\n\n\n\n<p><\/p>\n","protected":false},"excerpt":{"rendered":"<p>Na manh\u00e3 da \u00faltima ter\u00e7a-feira, 16, no IF Baiano &#8211; Campus Santa In\u00eas, aconteceu uma reuni\u00e3o com os respons\u00e1veis pelos candidatos inscritos no Edital do \u00faltimo Processo Seletivo para os Cursos T\u00e9cnicos Integrados (PROSEL 2022). Foram tamb\u00e9m apresentadas, aos respons\u00e1veis e aos candidatos presentes, as atividades de nivelamento e oferta de cursos de Forma\u00e7\u00e3o Inicial [&hellip;]<\/p>\n","protected":false},"author":86,"featured_media":17067,"comment_status":"closed","ping_status":"closed","sticky":false,"template":"","format":"standard","meta":[],"categories":[4,5,57],"tags":[],"_links":{"self":[{"href":"https:\/\/www.ifbaiano.edu.br\/unidades\/santaines\/wp-json\/wp\/v2\/posts\/17055"}],"collection":[{"href":"https:\/\/www.ifbaiano.edu.br\/unidades\/santaines\/wp-json\/wp\/v2\/posts"}],"about":[{"href":"https:\/\/www.ifbaiano.edu.br\/unidades\/santaines\/wp-json\/wp\/v2\/types\/post"}],"author":[{"embeddable":true,"href":"https:\/\/www.ifbaiano.edu.br\/unidades\/santaines\/wp-json\/wp\/v2\/users\/86"}],"replies":[{"embeddable":true,"href":"https:\/\/www.ifbaiano.edu.br\/unidades\/santaines\/wp-json\/wp\/v2\/comments?post=17055"}],"version-history":[{"count":4,"href":"https:\/\/www.ifbaiano.edu.br\/unidades\/santaines\/wp-json\/wp\/v2\/posts\/17055\/revisions"}],"predecessor-version":[{"id":17078,"href":"https:\/\/www.ifbaiano.edu.br\/unidades\/santaines\/wp-json\/wp\/v2\/posts\/17055\/revisions\/17078"}],"wp:featuredmedia":[{"embeddable":true,"href":"https:\/\/www.ifbaiano.edu.br\/unidades\/santaines\/wp-json\/wp\/v2\/media\/17067"}],"wp:attachment":[{"href":"https:\/\/www.ifbaiano.edu.br\/unidades\/santaines\/wp-json\/wp\/v2\/media?parent=17055"}],"wp:term":[{"taxonomy":"category","embeddable":true,"href":"https:\/\/www.ifbaiano.edu.br\/unidades\/santaines\/wp-json\/wp\/v2\/categories?post=17055"},{"taxonomy":"post_tag","embeddable":true,"href":"https:\/\/www.ifbaiano.edu.br\/unidades\/santaines\/wp-json\/wp\/v2\/tags?post=17055"}],"curies":[{"name":"wp","href":"https:\/\/api.w.org\/{rel}","templated":true}]}}