{"id":17099,"date":"2022-08-24T20:28:42","date_gmt":"2022-08-24T23:28:42","guid":{"rendered":"https:\/\/www.ifbaiano.edu.br\/unidades\/santaines\/?p=17099"},"modified":"2022-08-24T21:18:31","modified_gmt":"2022-08-25T00:18:31","slug":"campus-santa-ines-sedia-i-reuniao-do-colegiado-territorial-vale-do-jiquirica","status":"publish","type":"post","link":"https:\/\/www.ifbaiano.edu.br\/unidades\/santaines\/campus-santa-ines-sedia-i-reuniao-do-colegiado-territorial-vale-do-jiquirica\/","title":{"rendered":"Campus Santa In\u00eas sedia Reuni\u00e3o do Colegiado Territorial Vale do Jiquiri\u00e7\u00e1"},"content":{"rendered":"\n<p>Aconteceu hoje (24), no audit\u00f3rio do IF Baiano &#8211; Campus Santa In\u00eas, a I Reuni\u00e3o Ordin\u00e1ria Presencial do Colegiado Territorial Vale do Jiquiri\u00e7\u00e1. O encontro, que aconteceu das 9h \u00e0s 16h, teve como tem\u00e1tica &#8220;Planejamento e participa\u00e7\u00e3o: ferramentas essenciais para a constru\u00e7\u00e3o coletiva&#8221; e contou com a presen\u00e7a de mais de 8o participantes e representantes de 17 munic\u00edpios que pertencem ao Territ\u00f3rio Vale do Jiquiri\u00e7\u00e1: Santa In\u00eas, Amargosa, Brej\u00f5es, Uba\u00edra, Itaquara, Cravol\u00e2ndia, S\u00e3o Miguel das Matas, Mutu\u00edpe, Nova Itarana, Irajuba, Lajedo do Tabocal, Lafayette Coutinho, Laje, Jiquiri\u00e7\u00e1, Milagres e Planaltino.<\/p>\n\n\n\n<figure class=\"wp-block-gallery columns-3 is-cropped wp-block-gallery-1 is-layout-flex\"><ul class=\"blocks-gallery-grid\"><li class=\"blocks-gallery-item\"><figure><a href=\"https:\/\/www.ifbaiano.edu.br\/unidades\/santaines\/files\/2022\/08\/2707fe1e-41f5-4bd1-8c85-1e7b41b340a2-1.jpg\"><img decoding=\"async\" loading=\"lazy\" width=\"1600\" height=\"1200\" src=\"https:\/\/www.ifbaiano.edu.br\/unidades\/santaines\/files\/2022\/08\/2707fe1e-41f5-4bd1-8c85-1e7b41b340a2-1.jpg\" alt=\"\" data-id=\"17113\" data-link=\"https:\/\/www.ifbaiano.edu.br\/unidades\/santaines\/?attachment_id=17113\" class=\"wp-image-17113\" \/><\/a><\/figure><\/li><li class=\"blocks-gallery-item\"><figure><a href=\"https:\/\/www.ifbaiano.edu.br\/unidades\/santaines\/files\/2022\/08\/673cf771-28ac-4e51-b087-9f4196e6a361-1.jpg\"><img decoding=\"async\" loading=\"lazy\" width=\"1600\" height=\"1200\" src=\"https:\/\/www.ifbaiano.edu.br\/unidades\/santaines\/files\/2022\/08\/673cf771-28ac-4e51-b087-9f4196e6a361-1.jpg\" alt=\"\" data-id=\"17112\" data-link=\"https:\/\/www.ifbaiano.edu.br\/unidades\/santaines\/?attachment_id=17112\" class=\"wp-image-17112\" \/><\/a><\/figure><\/li><li class=\"blocks-gallery-item\"><figure><a href=\"https:\/\/www.ifbaiano.edu.br\/unidades\/santaines\/files\/2022\/08\/ef03b2a8-5d63-479c-aa2b-c7028e933a5e-1.jpg\"><img decoding=\"async\" loading=\"lazy\" width=\"1600\" height=\"1200\" src=\"https:\/\/www.ifbaiano.edu.br\/unidades\/santaines\/files\/2022\/08\/ef03b2a8-5d63-479c-aa2b-c7028e933a5e-1.jpg\" alt=\"\" data-id=\"17114\" data-link=\"https:\/\/www.ifbaiano.edu.br\/unidades\/santaines\/?attachment_id=17114\" class=\"wp-image-17114\" \/><\/a><\/figure><\/li><\/ul><\/figure>\n\n\n\n<p>De acordo com o professor do Campus Santa In\u00eas, Andr\u00e9 Leonardo que \u00e9, tamb\u00e9m coordenador do N\u00facleo Diretivo do Territ\u00f3rio, esse encontro possibilitou retomar e fortalecer os v\u00ednculos com institui\u00e7\u00f5es da sociedade civil, poder p\u00fablico e o IF Baiano &#8211; Campus Santa In\u00eas. A coordenadora do N\u00facleo Diretivo, Anilvia Pedra, relata que foi um importante momento ap\u00f3s longo per\u00edodo de pandemia e acrescentou que &#8220;esse foi um encontro marcado por bons debates e emocionantes relatos de experi\u00eancias que enriqueceram a Pol\u00edtica de Desenvolvimento Territorial&#8221;.<\/p>\n\n\n\n<p>O palestrante da reuni\u00e3o, o Sr. Ivan Leite, representante do Estado da Bahia, dialogou sobre a Pol\u00edtica de Desenvolvimento Territorial e estrat\u00e9gias para o fortalecimento dos colegiados. &#8220;A Pol\u00edtica Territorial na Bahia \u00e9 uma realidade, \u00e9 fundamental para o planejamento e desenvolvimento dos munic\u00edpios&#8221; afirmou Leite. Para fortalecer o debate a Agente de Desenvolvimento Territorial, Seon\u00e1ria Costa, falou da import\u00e2ncia da Reintegra\u00e7\u00e3o das institui\u00e7\u00f5es P\u00fablicas e da Sociedade Civil nas discuss\u00f5es da pol\u00edtica Territorial.<\/p>\n\n\n\n<p>No segundo momento houve trabalhos em grupos para a recomposi\u00e7\u00e3o das C\u00e2maras T\u00e9cnicas e o encerramento com apresenta\u00e7\u00e3o da sistematiza\u00e7\u00e3o dessas C\u00e2maras. O encontro foi finalizado com a fala do professor Andr\u00e9 Leonardo desejando um bom retorno a todos os participantes e agradecendo ao IF Baiano &#8211; Campus Santa In\u00eas, pelo apoio na realiza\u00e7\u00e3o dessa atividade. &#8220;O IF Baiano &#8211; Campus Santa In\u00eas estar\u00e1 sempre de portas abertas para a sociedade civil organizada e \u00e0 disposi\u00e7\u00e3o para fomentar o desenvolvimento socioecon\u00f4mico e ambiental no Territ\u00f3rio Vale do Jiquiri\u00e7\u00e1&#8221;, refor\u00e7ou o professor Andr\u00e9.<\/p>\n\n\n\n<figure class=\"wp-block-gallery columns-3 is-cropped wp-block-gallery-3 is-layout-flex\"><ul class=\"blocks-gallery-grid\"><li class=\"blocks-gallery-item\"><figure><a href=\"https:\/\/www.ifbaiano.edu.br\/unidades\/santaines\/files\/2022\/08\/88fa7267-51b9-4256-9c63-ae84eac8947e.jpg\"><img decoding=\"async\" loading=\"lazy\" width=\"1600\" height=\"1200\" src=\"https:\/\/www.ifbaiano.edu.br\/unidades\/santaines\/files\/2022\/08\/88fa7267-51b9-4256-9c63-ae84eac8947e.jpg\" alt=\"\" data-id=\"17105\" data-full-url=\"https:\/\/www.ifbaiano.edu.br\/unidades\/santaines\/files\/2022\/08\/88fa7267-51b9-4256-9c63-ae84eac8947e.jpg\" data-link=\"https:\/\/www.ifbaiano.edu.br\/unidades\/santaines\/?attachment_id=17105\" class=\"wp-image-17105\" \/><\/a><\/figure><\/li><li class=\"blocks-gallery-item\"><figure><a href=\"https:\/\/www.ifbaiano.edu.br\/unidades\/santaines\/files\/2022\/08\/2e77cd76-a181-4d2f-8025-e063c79d2410.jpg\"><img decoding=\"async\" loading=\"lazy\" width=\"1600\" height=\"1200\" src=\"https:\/\/www.ifbaiano.edu.br\/unidades\/santaines\/files\/2022\/08\/2e77cd76-a181-4d2f-8025-e063c79d2410.jpg\" alt=\"\" data-id=\"17103\" data-full-url=\"https:\/\/www.ifbaiano.edu.br\/unidades\/santaines\/files\/2022\/08\/2e77cd76-a181-4d2f-8025-e063c79d2410.jpg\" data-link=\"https:\/\/www.ifbaiano.edu.br\/unidades\/santaines\/?attachment_id=17103\" class=\"wp-image-17103\" \/><\/a><\/figure><\/li><li class=\"blocks-gallery-item\"><figure><a href=\"https:\/\/www.ifbaiano.edu.br\/unidades\/santaines\/files\/2022\/08\/d71fd164-a117-4a9d-97c4-7851e61f8bbb.jpg\"><img decoding=\"async\" loading=\"lazy\" width=\"1600\" height=\"1200\" src=\"https:\/\/www.ifbaiano.edu.br\/unidades\/santaines\/files\/2022\/08\/d71fd164-a117-4a9d-97c4-7851e61f8bbb.jpg\" alt=\"\" data-id=\"17110\" data-full-url=\"https:\/\/www.ifbaiano.edu.br\/unidades\/santaines\/files\/2022\/08\/d71fd164-a117-4a9d-97c4-7851e61f8bbb.jpg\" data-link=\"https:\/\/www.ifbaiano.edu.br\/unidades\/santaines\/?attachment_id=17110\" class=\"wp-image-17110\" \/><\/a><\/figure><\/li><li class=\"blocks-gallery-item\"><figure><a href=\"https:\/\/www.ifbaiano.edu.br\/unidades\/santaines\/files\/2022\/08\/a02fa9d4-ded0-4b30-a9bc-877cd62a9bc8.jpg\"><img decoding=\"async\" loading=\"lazy\" width=\"1600\" height=\"1200\" src=\"https:\/\/www.ifbaiano.edu.br\/unidades\/santaines\/files\/2022\/08\/a02fa9d4-ded0-4b30-a9bc-877cd62a9bc8.jpg\" alt=\"\" data-id=\"17109\" data-full-url=\"https:\/\/www.ifbaiano.edu.br\/unidades\/santaines\/files\/2022\/08\/a02fa9d4-ded0-4b30-a9bc-877cd62a9bc8.jpg\" data-link=\"https:\/\/www.ifbaiano.edu.br\/unidades\/santaines\/?attachment_id=17109\" class=\"wp-image-17109\" \/><\/a><\/figure><\/li><li class=\"blocks-gallery-item\"><figure><a href=\"https:\/\/www.ifbaiano.edu.br\/unidades\/santaines\/files\/2022\/08\/0a56387d-2997-4d0b-ab23-55ad12a79341.jpg\"><img decoding=\"async\" loading=\"lazy\" width=\"1600\" height=\"1200\" src=\"https:\/\/www.ifbaiano.edu.br\/unidades\/santaines\/files\/2022\/08\/0a56387d-2997-4d0b-ab23-55ad12a79341.jpg\" alt=\"\" data-id=\"17100\" data-full-url=\"https:\/\/www.ifbaiano.edu.br\/unidades\/santaines\/files\/2022\/08\/0a56387d-2997-4d0b-ab23-55ad12a79341.jpg\" data-link=\"https:\/\/www.ifbaiano.edu.br\/unidades\/santaines\/?attachment_id=17100\" class=\"wp-image-17100\" \/><\/a><\/figure><\/li><li class=\"blocks-gallery-item\"><figure><a href=\"https:\/\/www.ifbaiano.edu.br\/unidades\/santaines\/files\/2022\/08\/4f9d3f3e-c2b0-4c75-8853-e4766e836cff.jpg\"><img decoding=\"async\" loading=\"lazy\" width=\"1600\" height=\"1200\" src=\"https:\/\/www.ifbaiano.edu.br\/unidades\/santaines\/files\/2022\/08\/4f9d3f3e-c2b0-4c75-8853-e4766e836cff.jpg\" alt=\"\" data-id=\"17104\" data-full-url=\"https:\/\/www.ifbaiano.edu.br\/unidades\/santaines\/files\/2022\/08\/4f9d3f3e-c2b0-4c75-8853-e4766e836cff.jpg\" data-link=\"https:\/\/www.ifbaiano.edu.br\/unidades\/santaines\/?attachment_id=17104\" class=\"wp-image-17104\" \/><\/a><\/figure><\/li><\/ul><\/figure>\n\n\n\n<hr class=\"wp-block-separator\" \/>\n\n\n\n<p><\/p>\n","protected":false},"excerpt":{"rendered":"<p>Aconteceu hoje (24), no audit\u00f3rio do IF Baiano &#8211; Campus Santa In\u00eas, a I Reuni\u00e3o Ordin\u00e1ria Presencial do Colegiado Territorial Vale do Jiquiri\u00e7\u00e1. O encontro, que aconteceu das 9h \u00e0s 16h, teve como tem\u00e1tica &#8220;Planejamento e participa\u00e7\u00e3o: ferramentas essenciais para a constru\u00e7\u00e3o coletiva&#8221; e contou com a presen\u00e7a de mais de 8o participantes e representantes [&hellip;]<\/p>\n","protected":false},"author":86,"featured_media":17101,"comment_status":"closed","ping_status":"closed","sticky":false,"template":"","format":"standard","meta":[],"categories":[4,5,37,57],"tags":[],"_links":{"self":[{"href":"https:\/\/www.ifbaiano.edu.br\/unidades\/santaines\/wp-json\/wp\/v2\/posts\/17099"}],"collection":[{"href":"https:\/\/www.ifbaiano.edu.br\/unidades\/santaines\/wp-json\/wp\/v2\/posts"}],"about":[{"href":"https:\/\/www.ifbaiano.edu.br\/unidades\/santaines\/wp-json\/wp\/v2\/types\/post"}],"author":[{"embeddable":true,"href":"https:\/\/www.ifbaiano.edu.br\/unidades\/santaines\/wp-json\/wp\/v2\/users\/86"}],"replies":[{"embeddable":true,"href":"https:\/\/www.ifbaiano.edu.br\/unidades\/santaines\/wp-json\/wp\/v2\/comments?post=17099"}],"version-history":[{"count":5,"href":"https:\/\/www.ifbaiano.edu.br\/unidades\/santaines\/wp-json\/wp\/v2\/posts\/17099\/revisions"}],"predecessor-version":[{"id":17132,"href":"https:\/\/www.ifbaiano.edu.br\/unidades\/santaines\/wp-json\/wp\/v2\/posts\/17099\/revisions\/17132"}],"wp:featuredmedia":[{"embeddable":true,"href":"https:\/\/www.ifbaiano.edu.br\/unidades\/santaines\/wp-json\/wp\/v2\/media\/17101"}],"wp:attachment":[{"href":"https:\/\/www.ifbaiano.edu.br\/unidades\/santaines\/wp-json\/wp\/v2\/media?parent=17099"}],"wp:term":[{"taxonomy":"category","embeddable":true,"href":"https:\/\/www.ifbaiano.edu.br\/unidades\/santaines\/wp-json\/wp\/v2\/categories?post=17099"},{"taxonomy":"post_tag","embeddable":true,"href":"https:\/\/www.ifbaiano.edu.br\/unidades\/santaines\/wp-json\/wp\/v2\/tags?post=17099"}],"curies":[{"name":"wp","href":"https:\/\/api.w.org\/{rel}","templated":true}]}}