{"id":17117,"date":"2022-08-24T21:26:24","date_gmt":"2022-08-25T00:26:24","guid":{"rendered":"https:\/\/www.ifbaiano.edu.br\/unidades\/santaines\/?p=17117"},"modified":"2022-08-24T21:55:10","modified_gmt":"2022-08-25T00:55:10","slug":"if-baiano-campus-santa-ines-e-homenageado-em-conferencia-da-educacao","status":"publish","type":"post","link":"https:\/\/www.ifbaiano.edu.br\/unidades\/santaines\/if-baiano-campus-santa-ines-e-homenageado-em-conferencia-da-educacao\/","title":{"rendered":"IF Baiano &#8211; Campus Santa In\u00eas \u00e9 homenageado em Confer\u00eancia da Educa\u00e7\u00e3o"},"content":{"rendered":"\n<p>O IF Baiano &#8211; Campus Santa In\u00eas, foi homenageado na noite de ontem (23), com a \u201cComenda de Honra\u201d alusiva aos 180 anos de funda\u00e7\u00e3o do Conselho Estadual de Educa\u00e7\u00e3o (CEE), \u00f3rg\u00e3o vinculado \u00e0 Secretaria de Educa\u00e7\u00e3o do Estado da Bahia.<\/p>\n\n\n\n<figure class=\"wp-block-image size-full\"><a href=\"https:\/\/www.ifbaiano.edu.br\/unidades\/santaines\/files\/2022\/08\/8d85ddee-f78a-4488-8074-807e106fa8c1-1.jpg\"><img decoding=\"async\" loading=\"lazy\" width=\"1600\" height=\"757\" src=\"https:\/\/www.ifbaiano.edu.br\/unidades\/santaines\/files\/2022\/08\/8d85ddee-f78a-4488-8074-807e106fa8c1-1.jpg\" alt=\"\" class=\"wp-image-17127\" \/><\/a><\/figure>\n\n\n\n<p>A diretora Geral do Campus Santa In\u00eas, professora Genilda Lima, destaca a grande alegria e honra desse momento. &#8220;Essa homenagem representa o reconhecimento da sociedade pelo trabalho desenvolvido, por toda a dedica\u00e7\u00e3o da comunidade acad\u00eamica do Campus Santa In\u00eas que n\u00e3o mede esfor\u00e7os para garantir uma educa\u00e7\u00e3o p\u00fablica e de qualidade que beneficie a popula\u00e7\u00e3o em geral, e em especial, o desenvolvimento do territ\u00f3rio do vale do Jiquiri\u00e7\u00e1&#8221; e acrescenta a necessidade de agradecer ao CEE pela homenagem e parabenizar pelo trabalho desenvolvido ao longo dos 180 anos.<\/p>\n\n\n\n<figure class=\"wp-block-gallery columns-3 is-cropped wp-block-gallery-1 is-layout-flex\"><ul class=\"blocks-gallery-grid\"><li class=\"blocks-gallery-item\"><figure><a href=\"https:\/\/www.ifbaiano.edu.br\/unidades\/santaines\/files\/2022\/08\/ca113d39-1aa1-41d8-bad4-e5a2b63615b5.jpg\"><img decoding=\"async\" loading=\"lazy\" width=\"1280\" height=\"720\" src=\"https:\/\/www.ifbaiano.edu.br\/unidades\/santaines\/files\/2022\/08\/ca113d39-1aa1-41d8-bad4-e5a2b63615b5.jpg\" alt=\"\" data-id=\"17124\" data-full-url=\"https:\/\/www.ifbaiano.edu.br\/unidades\/santaines\/files\/2022\/08\/ca113d39-1aa1-41d8-bad4-e5a2b63615b5.jpg\" data-link=\"https:\/\/www.ifbaiano.edu.br\/unidades\/santaines\/?attachment_id=17124\" class=\"wp-image-17124\" \/><\/a><\/figure><\/li><li class=\"blocks-gallery-item\"><figure><a href=\"https:\/\/www.ifbaiano.edu.br\/unidades\/santaines\/files\/2022\/08\/6c7525c4-397d-4e13-9d5a-9df429f837a9-1.jpg\"><img decoding=\"async\" loading=\"lazy\" width=\"1280\" height=\"1280\" src=\"https:\/\/www.ifbaiano.edu.br\/unidades\/santaines\/files\/2022\/08\/6c7525c4-397d-4e13-9d5a-9df429f837a9-1.jpg\" alt=\"\" data-id=\"17126\" data-full-url=\"https:\/\/www.ifbaiano.edu.br\/unidades\/santaines\/files\/2022\/08\/6c7525c4-397d-4e13-9d5a-9df429f837a9-1.jpg\" data-link=\"https:\/\/www.ifbaiano.edu.br\/unidades\/santaines\/?attachment_id=17126\" class=\"wp-image-17126\" \/><\/a><\/figure><\/li><li class=\"blocks-gallery-item\"><figure><a href=\"https:\/\/www.ifbaiano.edu.br\/unidades\/santaines\/files\/2022\/08\/a55bcc61-fcb2-4bb9-9ade-1fe2d98b92f6.jpg\"><img decoding=\"async\" loading=\"lazy\" width=\"1600\" height=\"900\" src=\"https:\/\/www.ifbaiano.edu.br\/unidades\/santaines\/files\/2022\/08\/a55bcc61-fcb2-4bb9-9ade-1fe2d98b92f6.jpg\" alt=\"\" data-id=\"17123\" data-full-url=\"https:\/\/www.ifbaiano.edu.br\/unidades\/santaines\/files\/2022\/08\/a55bcc61-fcb2-4bb9-9ade-1fe2d98b92f6.jpg\" data-link=\"https:\/\/www.ifbaiano.edu.br\/unidades\/santaines\/?attachment_id=17123\" class=\"wp-image-17123\" \/><\/a><\/figure><\/li><li class=\"blocks-gallery-item\"><figure><a href=\"https:\/\/www.ifbaiano.edu.br\/unidades\/santaines\/files\/2022\/08\/a03bd1e5-0df7-4e0a-b60a-b0fa82c1cc31.jpg\"><img decoding=\"async\" loading=\"lazy\" width=\"1600\" height=\"900\" src=\"https:\/\/www.ifbaiano.edu.br\/unidades\/santaines\/files\/2022\/08\/a03bd1e5-0df7-4e0a-b60a-b0fa82c1cc31.jpg\" alt=\"\" data-id=\"17122\" data-full-url=\"https:\/\/www.ifbaiano.edu.br\/unidades\/santaines\/files\/2022\/08\/a03bd1e5-0df7-4e0a-b60a-b0fa82c1cc31.jpg\" data-link=\"https:\/\/www.ifbaiano.edu.br\/unidades\/santaines\/?attachment_id=17122\" class=\"wp-image-17122\" \/><\/a><\/figure><\/li><\/ul><\/figure>\n\n\n\n<hr class=\"wp-block-separator\" \/>\n","protected":false},"excerpt":{"rendered":"<p>O IF Baiano &#8211; Campus Santa In\u00eas, foi homenageado na noite de ontem (23), com a \u201cComenda de Honra\u201d alusiva aos 180 anos de funda\u00e7\u00e3o do Conselho Estadual de Educa\u00e7\u00e3o (CEE), \u00f3rg\u00e3o vinculado \u00e0 Secretaria de Educa\u00e7\u00e3o do Estado da Bahia. A diretora Geral do Campus Santa In\u00eas, professora Genilda Lima, destaca a grande alegria [&hellip;]<\/p>\n","protected":false},"author":86,"featured_media":17123,"comment_status":"closed","ping_status":"closed","sticky":false,"template":"","format":"standard","meta":[],"categories":[4,5,37,57],"tags":[],"_links":{"self":[{"href":"https:\/\/www.ifbaiano.edu.br\/unidades\/santaines\/wp-json\/wp\/v2\/posts\/17117"}],"collection":[{"href":"https:\/\/www.ifbaiano.edu.br\/unidades\/santaines\/wp-json\/wp\/v2\/posts"}],"about":[{"href":"https:\/\/www.ifbaiano.edu.br\/unidades\/santaines\/wp-json\/wp\/v2\/types\/post"}],"author":[{"embeddable":true,"href":"https:\/\/www.ifbaiano.edu.br\/unidades\/santaines\/wp-json\/wp\/v2\/users\/86"}],"replies":[{"embeddable":true,"href":"https:\/\/www.ifbaiano.edu.br\/unidades\/santaines\/wp-json\/wp\/v2\/comments?post=17117"}],"version-history":[{"count":7,"href":"https:\/\/www.ifbaiano.edu.br\/unidades\/santaines\/wp-json\/wp\/v2\/posts\/17117\/revisions"}],"predecessor-version":[{"id":17139,"href":"https:\/\/www.ifbaiano.edu.br\/unidades\/santaines\/wp-json\/wp\/v2\/posts\/17117\/revisions\/17139"}],"wp:featuredmedia":[{"embeddable":true,"href":"https:\/\/www.ifbaiano.edu.br\/unidades\/santaines\/wp-json\/wp\/v2\/media\/17123"}],"wp:attachment":[{"href":"https:\/\/www.ifbaiano.edu.br\/unidades\/santaines\/wp-json\/wp\/v2\/media?parent=17117"}],"wp:term":[{"taxonomy":"category","embeddable":true,"href":"https:\/\/www.ifbaiano.edu.br\/unidades\/santaines\/wp-json\/wp\/v2\/categories?post=17117"},{"taxonomy":"post_tag","embeddable":true,"href":"https:\/\/www.ifbaiano.edu.br\/unidades\/santaines\/wp-json\/wp\/v2\/tags?post=17117"}],"curies":[{"name":"wp","href":"https:\/\/api.w.org\/{rel}","templated":true}]}}