{"id":17143,"date":"2022-08-26T09:24:27","date_gmt":"2022-08-26T12:24:27","guid":{"rendered":"https:\/\/www.ifbaiano.edu.br\/unidades\/santaines\/?p=17143"},"modified":"2022-08-26T09:24:27","modified_gmt":"2022-08-26T12:24:27","slug":"propes-lanca-chamada-para-subsidio-a-publicacao-de-artigos-a1-a2-b1-ou-b2","status":"publish","type":"post","link":"https:\/\/www.ifbaiano.edu.br\/unidades\/santaines\/propes-lanca-chamada-para-subsidio-a-publicacao-de-artigos-a1-a2-b1-ou-b2\/","title":{"rendered":"Propes lan\u00e7a chamada para subs\u00eddio \u00e0 publica\u00e7\u00e3o de artigos A1, A2, B1 ou B2"},"content":{"rendered":"\n<p>A Pr\u00f3-reitoria de Pesquisa e Inova\u00e7\u00e3o (Propes) acaba de lan\u00e7ar&nbsp;<a href=\"https:\/\/concurso.ifbaiano.edu.br\/portal\/publicacao-artigos-cientificos-propes-agosto-2022\/wp-content\/uploads\/sites\/656\/2022\/08\/Edital-publicacao-mandado-para-ascom.pdf\">Chamada Interna<\/a>&nbsp;para fins de reembolso de publica\u00e7\u00e3o de artigos cient\u00edficos Qualis Per\u00edodicos, classificados como A1, A2, B1 ou B2 publicadas\/ \u201cin press\u201d, aceitas durante o ano de 2022.<\/p>\n\n\n\n<p>Para cada proposta aprovada, ser\u00e1 concedido o valor limite de R$ 2.800,00. As taxas n\u00e3o referentes \u00e0 submiss\u00e3o do trabalho, cobradas antes do aceite final do trabalho, n\u00e3o ser\u00e3o custeadas pelo presente edital. As solicita\u00e7\u00f5es acontecem via SUAP em fluxo cont\u00ednuo, at\u00e9 a finaliza\u00e7\u00e3o do recurso indicado no edital ou at\u00e9 o dia 09 de dezembro, quando finaliza a vig\u00eancia do edital.<\/p>\n\n\n\n<p>O proponente dever\u00e1 ser o autor correspondente do artigo cient\u00edfico, o qual dever\u00e1 ter seu nome referenciado como vinculado ao Instituto Federal de Educa\u00e7\u00e3o, Ci\u00eancia e Tecnologia Baiano, assim como todos os outros servidores do IF Baiano. O proponente dever\u00e1 atender aos seguintes requisitos: ser servidor efetivo do IF Baiano; estar sem pend\u00eancias administrativas junto \u00e0 Pr\u00f3- Reitoria de Pesquisa e Inova\u00e7\u00e3o (PROPES), e \u00e0 Pr\u00f3-reitoria de Extens\u00e3o (PROEX); possuir o aceite definitivo de publica\u00e7\u00e3o em um peri\u00f3dico que possua a classifica\u00e7\u00e3o Qualis Peri\u00f3dicos A1, A2, B1 ou B2 (divulgado pelo sistema Qualis Peri\u00f3dicos) obtido na \u00faltima avalia\u00e7\u00e3o, em sua \u00e1rea de conhecimento; n\u00e3o estar em licen\u00e7a.<\/p>\n\n\n\n<hr class=\"wp-block-separator\" \/>\n\n\n\n<p>Mat\u00e9ria ASCOM dispon\u00edvel em: https:\/\/ifbaiano.edu.br\/portal\/blog\/propes-lanca-chamada-para-subsidio-a-publicacao-de-artigos-a1-a2-b1-ou-b2\/<\/p>\n","protected":false},"excerpt":{"rendered":"<p>A Pr\u00f3-reitoria de Pesquisa e Inova\u00e7\u00e3o (Propes) acaba de lan\u00e7ar&nbsp;Chamada Interna&nbsp;para fins de reembolso de publica\u00e7\u00e3o de artigos cient\u00edficos Qualis Per\u00edodicos, classificados como A1, A2, B1 ou B2 publicadas\/ \u201cin press\u201d, aceitas durante o ano de 2022. Para cada proposta aprovada, ser\u00e1 concedido o valor limite de R$ 2.800,00. As taxas n\u00e3o referentes \u00e0 submiss\u00e3o [&hellip;]<\/p>\n","protected":false},"author":86,"featured_media":0,"comment_status":"closed","ping_status":"closed","sticky":false,"template":"","format":"standard","meta":[],"categories":[4,5,57],"tags":[],"_links":{"self":[{"href":"https:\/\/www.ifbaiano.edu.br\/unidades\/santaines\/wp-json\/wp\/v2\/posts\/17143"}],"collection":[{"href":"https:\/\/www.ifbaiano.edu.br\/unidades\/santaines\/wp-json\/wp\/v2\/posts"}],"about":[{"href":"https:\/\/www.ifbaiano.edu.br\/unidades\/santaines\/wp-json\/wp\/v2\/types\/post"}],"author":[{"embeddable":true,"href":"https:\/\/www.ifbaiano.edu.br\/unidades\/santaines\/wp-json\/wp\/v2\/users\/86"}],"replies":[{"embeddable":true,"href":"https:\/\/www.ifbaiano.edu.br\/unidades\/santaines\/wp-json\/wp\/v2\/comments?post=17143"}],"version-history":[{"count":1,"href":"https:\/\/www.ifbaiano.edu.br\/unidades\/santaines\/wp-json\/wp\/v2\/posts\/17143\/revisions"}],"predecessor-version":[{"id":17144,"href":"https:\/\/www.ifbaiano.edu.br\/unidades\/santaines\/wp-json\/wp\/v2\/posts\/17143\/revisions\/17144"}],"wp:attachment":[{"href":"https:\/\/www.ifbaiano.edu.br\/unidades\/santaines\/wp-json\/wp\/v2\/media?parent=17143"}],"wp:term":[{"taxonomy":"category","embeddable":true,"href":"https:\/\/www.ifbaiano.edu.br\/unidades\/santaines\/wp-json\/wp\/v2\/categories?post=17143"},{"taxonomy":"post_tag","embeddable":true,"href":"https:\/\/www.ifbaiano.edu.br\/unidades\/santaines\/wp-json\/wp\/v2\/tags?post=17143"}],"curies":[{"name":"wp","href":"https:\/\/api.w.org\/{rel}","templated":true}]}}