{"id":17153,"date":"2022-09-01T09:40:11","date_gmt":"2022-09-01T12:40:11","guid":{"rendered":"https:\/\/www.ifbaiano.edu.br\/unidades\/santaines\/?p=17153"},"modified":"2022-09-01T11:40:19","modified_gmt":"2022-09-01T14:40:19","slug":"nota-oficial-prazo-para-solicitacao-de-colacao-de-grau","status":"publish","type":"post","link":"https:\/\/www.ifbaiano.edu.br\/unidades\/santaines\/nota-oficial-prazo-para-solicitacao-de-colacao-de-grau\/","title":{"rendered":"Nota oficial &#8211; Prazo para solicita\u00e7\u00e3o de cola\u00e7\u00e3o de grau"},"content":{"rendered":"\n<figure class=\"wp-block-image size-full\"><a href=\"https:\/\/www.ifbaiano.edu.br\/unidades\/santaines\/files\/2022\/09\/imagem-destacada-nota-oficial-santa-ines-.jpg\"><img decoding=\"async\" loading=\"lazy\" width=\"1995\" height=\"659\" src=\"https:\/\/www.ifbaiano.edu.br\/unidades\/santaines\/files\/2022\/09\/imagem-destacada-nota-oficial-santa-ines-.jpg\" alt=\"\" class=\"wp-image-17154\" \/><\/a><\/figure>\n\n\n\n<p>A diretoria Acad\u00eamica do Campus Santa In\u00eas informa que ser\u00e1 aberto, de&nbsp;<strong>05 a&nbsp;09 de setembro&nbsp;de 2022<\/strong>, o&nbsp;per\u00edodo para solicitar cola\u00e7\u00e3o de grau fora dos prazos estabelecidos pelos calend\u00e1rios acad\u00eamicos vigentes nos cursos superiores, para atender concluintes no per\u00edodo remoto, que integralizaram o curso entre os semestre 2020.1 e 2022.1 e ainda n\u00e3o solicitaram a cola\u00e7\u00e3o de grau.<\/p>\n\n\n\n<p>A solicita\u00e7\u00e3o da cola\u00e7\u00e3o de grau dever\u00e1 ser feita, pelo estudante, mediante o preenchimento do <a href=\"https:\/\/www.ifbaiano.edu.br\/unidades\/santaines\/files\/2022\/09\/Requerimento-de-colacao-de-Grau.pdf\">requerimento<\/a> que dever\u00e1 ser entregue na Secretaria de Registros Acad\u00eamicos (SRA) juntamente com a rela\u00e7\u00e3o da documenta\u00e7\u00e3o descrita no mesmo.<\/p>\n\n\n\n<p>O estudante que n\u00e3o efetuar a solicita\u00e7\u00e3o dentro do prazo estabelecido n\u00e3o estar\u00e1 apto a participar da Cola\u00e7\u00e3o de Grau. Devendo, pois, solicitar cola\u00e7\u00e3o de grau de acordo com os calend\u00e1rios vigentes de cada curso. <\/p>\n\n\n\n<p>Para obter mais informa\u00e7\u00f5es ou esclarecer d\u00favidas, basta se dirigir \u00e0 Secretaria de Registro Acad\u00eamicos (SRA) ou entrar em contato a atrav\u00e9s do e-mail: secretaria@si.ifbaiano.edu.br. <\/p>\n\n\n\n<hr class=\"wp-block-separator\" \/>\n\n\n\n<p><\/p>\n","protected":false},"excerpt":{"rendered":"<p>A diretoria Acad\u00eamica do Campus Santa In\u00eas informa que ser\u00e1 aberto, de&nbsp;05 a&nbsp;09 de setembro&nbsp;de 2022, o&nbsp;per\u00edodo para solicitar cola\u00e7\u00e3o de grau fora dos prazos estabelecidos pelos calend\u00e1rios acad\u00eamicos vigentes nos cursos superiores, para atender concluintes no per\u00edodo remoto, que integralizaram o curso entre os semestre 2020.1 e 2022.1 e ainda n\u00e3o solicitaram a cola\u00e7\u00e3o [&hellip;]<\/p>\n","protected":false},"author":86,"featured_media":17154,"comment_status":"closed","ping_status":"closed","sticky":false,"template":"","format":"standard","meta":[],"categories":[4,38,12,5,57],"tags":[],"_links":{"self":[{"href":"https:\/\/www.ifbaiano.edu.br\/unidades\/santaines\/wp-json\/wp\/v2\/posts\/17153"}],"collection":[{"href":"https:\/\/www.ifbaiano.edu.br\/unidades\/santaines\/wp-json\/wp\/v2\/posts"}],"about":[{"href":"https:\/\/www.ifbaiano.edu.br\/unidades\/santaines\/wp-json\/wp\/v2\/types\/post"}],"author":[{"embeddable":true,"href":"https:\/\/www.ifbaiano.edu.br\/unidades\/santaines\/wp-json\/wp\/v2\/users\/86"}],"replies":[{"embeddable":true,"href":"https:\/\/www.ifbaiano.edu.br\/unidades\/santaines\/wp-json\/wp\/v2\/comments?post=17153"}],"version-history":[{"count":6,"href":"https:\/\/www.ifbaiano.edu.br\/unidades\/santaines\/wp-json\/wp\/v2\/posts\/17153\/revisions"}],"predecessor-version":[{"id":17193,"href":"https:\/\/www.ifbaiano.edu.br\/unidades\/santaines\/wp-json\/wp\/v2\/posts\/17153\/revisions\/17193"}],"wp:featuredmedia":[{"embeddable":true,"href":"https:\/\/www.ifbaiano.edu.br\/unidades\/santaines\/wp-json\/wp\/v2\/media\/17154"}],"wp:attachment":[{"href":"https:\/\/www.ifbaiano.edu.br\/unidades\/santaines\/wp-json\/wp\/v2\/media?parent=17153"}],"wp:term":[{"taxonomy":"category","embeddable":true,"href":"https:\/\/www.ifbaiano.edu.br\/unidades\/santaines\/wp-json\/wp\/v2\/categories?post=17153"},{"taxonomy":"post_tag","embeddable":true,"href":"https:\/\/www.ifbaiano.edu.br\/unidades\/santaines\/wp-json\/wp\/v2\/tags?post=17153"}],"curies":[{"name":"wp","href":"https:\/\/api.w.org\/{rel}","templated":true}]}}