{"id":17161,"date":"2022-09-01T10:56:37","date_gmt":"2022-09-01T13:56:37","guid":{"rendered":"https:\/\/www.ifbaiano.edu.br\/unidades\/santaines\/?p=17161"},"modified":"2022-09-01T10:56:37","modified_gmt":"2022-09-01T13:56:37","slug":"aberta-nova-selecao-interna-de-profissionais-de-apoio-para-o-programa-qualifica-mais-progredir","status":"publish","type":"post","link":"https:\/\/www.ifbaiano.edu.br\/unidades\/santaines\/aberta-nova-selecao-interna-de-profissionais-de-apoio-para-o-programa-qualifica-mais-progredir\/","title":{"rendered":"Aberta nova sele\u00e7\u00e3o interna de profissionais de apoio para o programa Qualifica Mais Progredir"},"content":{"rendered":"\n<p>Est\u00e1 aberta a chamada interna para sele\u00e7\u00e3o de servidores com forma\u00e7\u00e3o de n\u00edvel superior, interessados em desempenhar as fun\u00e7\u00f5es de apoio administrativo, apoio financeiro, supervisor de curso e professor formador nos cursos de Forma\u00e7\u00e3o Inicial e Continuada (FIC), na modalidade presencial, do Programa Qualifica Mais Progredir nas cidades de Alagoinhas, Cama\u00e7ari e Salvador. As inscri\u00e7\u00f5es s\u00e3o realizadas entre 31 de agosto e 08 de setembro atrav\u00e9s de preenchimento de formul\u00e1rio a ser divulgado na&nbsp;<a href=\"https:\/\/concurso.ifbaiano.edu.br\/portal\/apoio-qualifica-mais-agosto-2022\/\">p\u00e1gina do certame&nbsp;<\/a>e envio da documenta\u00e7\u00e3o listada em&nbsp;<a href=\"https:\/\/concurso.ifbaiano.edu.br\/portal\/apoio-qualifica-mais-agosto-2022\/wp-content\/uploads\/sites\/659\/2022\/08\/Edital-157-2022-Qualifica-Mais-Progredir-Apoios-supervisores-e-professores.pdf\">edital<\/a>.<\/p>\n\n\n\n<p>O processo de sele\u00e7\u00e3o acontecer\u00e1 por meio de avalia\u00e7\u00e3o curricular (barema dispon\u00edvel no edital) e da documenta\u00e7\u00e3o exigida para todas as fun\u00e7\u00f5es, al\u00e9m da avalia\u00e7\u00e3o de plano ensino para a fun\u00e7\u00e3o de professor formador. A carga hor\u00e1ria semanal de dedica\u00e7\u00e3o ao programa ficar\u00e1 limitada ao teto de 10 horas semanais para as atividades de apoios administrativos, apoio financeiro e supervisor de curso e 16h para professor formador.<br><br>As turmas do Curso de Forma\u00e7\u00e3o Inicial \u2013 MEI ser\u00e3o ofertadas preferencialmente presencialmente, nos turnos matutino, vespertino ou noturno, de acordo com as necessidades do programa, bem como o desenvolvimento das atividades administrativas, pedag\u00f3gicas e financeiras vinculadas aos cursos.<br><br>Os documentos a serem enviados na inscri\u00e7\u00e3o s\u00e3o: Termo de Aceita\u00e7\u00e3o de Bolsa (ANEXO I), Barema para avalia\u00e7\u00e3o da Comiss\u00e3o (ANEXO V) e documentos comprobat\u00f3rios da pontua\u00e7\u00e3o do barema; Documento Oficial com foto \/ CPF \/ T\u00edtulo de Eleitor; Declara\u00e7\u00e3o de Anu\u00eancia da Chefia Imediata; e Plano de Curso (exclusivamente para a fun\u00e7\u00e3o de professor formador).<\/p>\n\n\n\n<p><strong>Valores das bolsas:<\/strong><\/p>\n\n\n\n<p>Apoio Administrativo \u2013 At\u00e9 R$ 18,00 \/ hora trabalhada<br>Apoio Financeiro \u2013 At\u00e9 R$ 18,00 \/ hora trabalhada&nbsp;<br>Supervisor de Curso \u2013 At\u00e9 R$ 36,00 \/ hora trabalhada&nbsp;<br>Professor Formador \u2013 R$ 50,00 \/ hora-aula (60 minutos)<\/p>\n\n\n\n<p>Acompanhe as etapas da sele\u00e7\u00e3o e tenha acesso ao edital e suas atualiza\u00e7\u00f5es em:&nbsp;<a href=\"https:\/\/concurso.ifbaiano.edu.br\/portal\/apoio-qualifica-mais-agosto-2022\/\">https:\/\/concurso.ifbaiano.edu.br\/portal\/apoio-qualifica-mais-agosto-2022\/<\/a><\/p>\n\n\n\n<p>Para mais esclarecimentos, entre em contato:\u00a0<a href=\"mailto:qualificamaisequipe.progredir@gmail.com\">qualificamaisequipe.progredir@gmail.com<\/a><\/p>\n\n\n\n<hr class=\"wp-block-separator\" \/>\n\n\n\n<p>Mat\u00e9ria Ascom dispon\u00edvel em: https:\/\/ifbaiano.edu.br\/portal\/blog\/aberta-nova-selecao-interna-de-profissionais-de-apoio-para-o-programa-qualifica-mais-progredir\/<\/p>\n","protected":false},"excerpt":{"rendered":"<p>As inscri\u00e7\u00f5es s\u00e3o realizadas entre 31 de agosto e 08 de setembro<\/p>\n","protected":false},"author":86,"featured_media":0,"comment_status":"closed","ping_status":"closed","sticky":false,"template":"","format":"standard","meta":[],"categories":[4,38,5,57],"tags":[],"_links":{"self":[{"href":"https:\/\/www.ifbaiano.edu.br\/unidades\/santaines\/wp-json\/wp\/v2\/posts\/17161"}],"collection":[{"href":"https:\/\/www.ifbaiano.edu.br\/unidades\/santaines\/wp-json\/wp\/v2\/posts"}],"about":[{"href":"https:\/\/www.ifbaiano.edu.br\/unidades\/santaines\/wp-json\/wp\/v2\/types\/post"}],"author":[{"embeddable":true,"href":"https:\/\/www.ifbaiano.edu.br\/unidades\/santaines\/wp-json\/wp\/v2\/users\/86"}],"replies":[{"embeddable":true,"href":"https:\/\/www.ifbaiano.edu.br\/unidades\/santaines\/wp-json\/wp\/v2\/comments?post=17161"}],"version-history":[{"count":1,"href":"https:\/\/www.ifbaiano.edu.br\/unidades\/santaines\/wp-json\/wp\/v2\/posts\/17161\/revisions"}],"predecessor-version":[{"id":17162,"href":"https:\/\/www.ifbaiano.edu.br\/unidades\/santaines\/wp-json\/wp\/v2\/posts\/17161\/revisions\/17162"}],"wp:attachment":[{"href":"https:\/\/www.ifbaiano.edu.br\/unidades\/santaines\/wp-json\/wp\/v2\/media?parent=17161"}],"wp:term":[{"taxonomy":"category","embeddable":true,"href":"https:\/\/www.ifbaiano.edu.br\/unidades\/santaines\/wp-json\/wp\/v2\/categories?post=17161"},{"taxonomy":"post_tag","embeddable":true,"href":"https:\/\/www.ifbaiano.edu.br\/unidades\/santaines\/wp-json\/wp\/v2\/tags?post=17161"}],"curies":[{"name":"wp","href":"https:\/\/api.w.org\/{rel}","templated":true}]}}