{"id":17200,"date":"2022-09-02T13:50:03","date_gmt":"2022-09-02T16:50:03","guid":{"rendered":"https:\/\/www.ifbaiano.edu.br\/unidades\/santaines\/?p=17200"},"modified":"2022-09-02T14:43:07","modified_gmt":"2022-09-02T17:43:07","slug":"campus-santa-ines-recebe-programa-ciencia-itinerante-do-campus-catu","status":"publish","type":"post","link":"https:\/\/www.ifbaiano.edu.br\/unidades\/santaines\/campus-santa-ines-recebe-programa-ciencia-itinerante-do-campus-catu\/","title":{"rendered":"Campus Santa In\u00eas recebe Programa Ci\u00eancia Itinerante do Campus Catu"},"content":{"rendered":"\n<div class=\"wp-block-media-text alignwide is-stacked-on-mobile\"><figure class=\"wp-block-media-text__media\"><img decoding=\"async\" loading=\"lazy\" width=\"1600\" height=\"1200\" src=\"https:\/\/www.ifbaiano.edu.br\/unidades\/santaines\/files\/2022\/09\/94a8efbf-46bd-4d3f-93ec-755ff5d418c0.jpg\" alt=\"\" class=\"wp-image-17207 size-full\" \/><\/figure><div class=\"wp-block-media-text__content\">\n<p>O Campus Santa In\u00eas recebeu, na \u00faltima quarta-feira, 31, o Programa Ci\u00eancia Itinerante do IF Baiano &#8211; Campus Catu. Na oportunidade, estudantes-monitores do Programa que fazem parte dos v\u00e1rios grupos de estudos daquele campus, acompanhados de seus respectivos orientadores, fizeram a divulga\u00e7\u00e3o do projeto para a comunidade interna e externa que se fizeram presentes no campus.<\/p>\n<\/div><\/div>\n\n\n\n<p>A atividade planejada pelas coordena\u00e7\u00f5es de ensino, de pesquisa e de extens\u00e3o, juntamente com o setor pedag\u00f3gico do campus, aconteceu na \u00e1rea da cantina durante todo o dia e contou com a visita\u00e7\u00e3o dos alunos do Campus Santa In\u00eas (cursos t\u00e9cnicos integrados) e visitantes externos ao campus como 24 estudantes do Instituto de Educa\u00e7\u00e3o de Santa In\u00eas, 50 estudantes da Escola Jos\u00e9 Louren\u00e7o, tamb\u00e9m deste munic\u00edpio e 20 estudantes do Col\u00e9gio Estadual Manoel Jos\u00e9 de Andrade, do Munic\u00edpio de Planaltino, al\u00e9m dos professores destas escolas que acompanharam os respectivos discentes.<\/p>\n\n\n\n<figure class=\"wp-block-gallery columns-3 is-cropped wp-block-gallery-1 is-layout-flex\"><ul class=\"blocks-gallery-grid\"><li class=\"blocks-gallery-item\"><figure><a href=\"https:\/\/www.ifbaiano.edu.br\/unidades\/santaines\/files\/2022\/09\/69bda260-fd9a-4a4f-99c1-55afb8fdaa01.jpg\"><img decoding=\"async\" loading=\"lazy\" width=\"1600\" height=\"1200\" src=\"https:\/\/www.ifbaiano.edu.br\/unidades\/santaines\/files\/2022\/09\/69bda260-fd9a-4a4f-99c1-55afb8fdaa01.jpg\" alt=\"\" data-id=\"17206\" data-full-url=\"https:\/\/www.ifbaiano.edu.br\/unidades\/santaines\/files\/2022\/09\/69bda260-fd9a-4a4f-99c1-55afb8fdaa01.jpg\" data-link=\"https:\/\/www.ifbaiano.edu.br\/unidades\/santaines\/campus-santa-ines-recebe-programa-ciencia-itinerante-do-campus-catu\/69bda260-fd9a-4a4f-99c1-55afb8fdaa01\/\" class=\"wp-image-17206\" \/><\/a><\/figure><\/li><li class=\"blocks-gallery-item\"><figure><a href=\"https:\/\/www.ifbaiano.edu.br\/unidades\/santaines\/files\/2022\/09\/9b3ed5f0-90fb-4768-b19b-1c21400daca2.jpg\"><img decoding=\"async\" loading=\"lazy\" width=\"1600\" height=\"1200\" src=\"https:\/\/www.ifbaiano.edu.br\/unidades\/santaines\/files\/2022\/09\/9b3ed5f0-90fb-4768-b19b-1c21400daca2.jpg\" alt=\"\" data-id=\"17205\" data-full-url=\"https:\/\/www.ifbaiano.edu.br\/unidades\/santaines\/files\/2022\/09\/9b3ed5f0-90fb-4768-b19b-1c21400daca2.jpg\" data-link=\"https:\/\/www.ifbaiano.edu.br\/unidades\/santaines\/campus-santa-ines-recebe-programa-ciencia-itinerante-do-campus-catu\/9b3ed5f0-90fb-4768-b19b-1c21400daca2\/\" class=\"wp-image-17205\" \/><\/a><\/figure><\/li><li class=\"blocks-gallery-item\"><figure><a href=\"https:\/\/www.ifbaiano.edu.br\/unidades\/santaines\/files\/2022\/09\/7c3f45ab-1cf5-49b6-9c29-ec17bb30aa2c.jpg\"><img decoding=\"async\" loading=\"lazy\" width=\"1600\" height=\"1200\" src=\"https:\/\/www.ifbaiano.edu.br\/unidades\/santaines\/files\/2022\/09\/7c3f45ab-1cf5-49b6-9c29-ec17bb30aa2c.jpg\" alt=\"\" data-id=\"17204\" data-full-url=\"https:\/\/www.ifbaiano.edu.br\/unidades\/santaines\/files\/2022\/09\/7c3f45ab-1cf5-49b6-9c29-ec17bb30aa2c.jpg\" data-link=\"https:\/\/www.ifbaiano.edu.br\/unidades\/santaines\/campus-santa-ines-recebe-programa-ciencia-itinerante-do-campus-catu\/7c3f45ab-1cf5-49b6-9c29-ec17bb30aa2c\/\" class=\"wp-image-17204\" \/><\/a><\/figure><\/li><\/ul><\/figure>\n\n\n\n<p>Segundo a professora Patr\u00edcia Neves, Coordenadora de Extens\u00e3o do Campus Santa In\u00eas e uma das organizadoras dessa atividade, as apresenta\u00e7\u00f5es (em stands) s\u00e3o realizadas por grupos de estudos que se organizam e se re\u00fanem, periodicamente, para desenvolver estudos e pesquisas voltados para uma \u00e1rea acad\u00eamica definida. \u201cO resultado desse processo de aprendizagem \u00e9 socializado atrav\u00e9s da participa\u00e7\u00e3o do Programa em Feiras, Exposi\u00e7\u00f5es e Encontros Acad\u00eamicos. O Programa visa \u00e0 integra\u00e7\u00e3o do IF Baiano com as comunidades de regi\u00f5es de influ\u00eancia da institui\u00e7\u00e3o e do territ\u00f3rio brasileiro\u201d, conclui.<\/p>\n\n\n\n<p><br>Abaixo, algumas fotos que registraram esse momento:<\/p>\n\n\n\n<figure class=\"wp-block-gallery columns-3 is-cropped wp-block-gallery-3 is-layout-flex\"><ul class=\"blocks-gallery-grid\"><li class=\"blocks-gallery-item\"><figure><a href=\"https:\/\/www.ifbaiano.edu.br\/unidades\/santaines\/files\/2022\/09\/2b344763-21ee-4759-a201-ea9b91c376ec.jpg\"><img decoding=\"async\" loading=\"lazy\" width=\"1600\" height=\"1200\" src=\"https:\/\/www.ifbaiano.edu.br\/unidades\/santaines\/files\/2022\/09\/2b344763-21ee-4759-a201-ea9b91c376ec.jpg\" alt=\"\" data-id=\"17202\" data-link=\"https:\/\/www.ifbaiano.edu.br\/unidades\/santaines\/?attachment_id=17202\" class=\"wp-image-17202\" \/><\/a><\/figure><\/li><li class=\"blocks-gallery-item\"><figure><a href=\"https:\/\/www.ifbaiano.edu.br\/unidades\/santaines\/files\/2022\/09\/3a43a71a-5023-43e2-9e6f-5e91d410b873.jpg\"><img decoding=\"async\" loading=\"lazy\" width=\"1600\" height=\"1200\" src=\"https:\/\/www.ifbaiano.edu.br\/unidades\/santaines\/files\/2022\/09\/3a43a71a-5023-43e2-9e6f-5e91d410b873.jpg\" alt=\"\" data-id=\"17203\" data-link=\"https:\/\/www.ifbaiano.edu.br\/unidades\/santaines\/?attachment_id=17203\" class=\"wp-image-17203\" \/><\/a><\/figure><\/li><li class=\"blocks-gallery-item\"><figure><a href=\"https:\/\/www.ifbaiano.edu.br\/unidades\/santaines\/files\/2022\/09\/7c3f45ab-1cf5-49b6-9c29-ec17bb30aa2c.jpg\"><img decoding=\"async\" loading=\"lazy\" width=\"1600\" height=\"1200\" src=\"https:\/\/www.ifbaiano.edu.br\/unidades\/santaines\/files\/2022\/09\/7c3f45ab-1cf5-49b6-9c29-ec17bb30aa2c.jpg\" alt=\"\" data-id=\"17204\" data-link=\"https:\/\/www.ifbaiano.edu.br\/unidades\/santaines\/?attachment_id=17204\" class=\"wp-image-17204\" \/><\/a><\/figure><\/li><li class=\"blocks-gallery-item\"><figure><a href=\"https:\/\/www.ifbaiano.edu.br\/unidades\/santaines\/files\/2022\/09\/94a8efbf-46bd-4d3f-93ec-755ff5d418c0.jpg\"><img decoding=\"async\" loading=\"lazy\" width=\"1600\" height=\"1200\" src=\"https:\/\/www.ifbaiano.edu.br\/unidades\/santaines\/files\/2022\/09\/94a8efbf-46bd-4d3f-93ec-755ff5d418c0.jpg\" alt=\"\" data-id=\"17207\" data-link=\"https:\/\/www.ifbaiano.edu.br\/unidades\/santaines\/?attachment_id=17207\" class=\"wp-image-17207\" \/><\/a><\/figure><\/li><li class=\"blocks-gallery-item\"><figure><a href=\"https:\/\/www.ifbaiano.edu.br\/unidades\/santaines\/files\/2022\/09\/563a996e-df0f-4a13-b437-4a7d5aa72bb1.jpg\"><img decoding=\"async\" loading=\"lazy\" width=\"1600\" height=\"1200\" src=\"https:\/\/www.ifbaiano.edu.br\/unidades\/santaines\/files\/2022\/09\/563a996e-df0f-4a13-b437-4a7d5aa72bb1.jpg\" alt=\"\" data-id=\"17208\" data-link=\"https:\/\/www.ifbaiano.edu.br\/unidades\/santaines\/?attachment_id=17208\" class=\"wp-image-17208\" \/><\/a><\/figure><\/li><li class=\"blocks-gallery-item\"><figure><a href=\"https:\/\/www.ifbaiano.edu.br\/unidades\/santaines\/files\/2022\/09\/ae43f6c4-1c4c-4a2c-a92b-7aad50ac6e32.jpg\"><img decoding=\"async\" loading=\"lazy\" width=\"1600\" height=\"1200\" src=\"https:\/\/www.ifbaiano.edu.br\/unidades\/santaines\/files\/2022\/09\/ae43f6c4-1c4c-4a2c-a92b-7aad50ac6e32.jpg\" alt=\"\" data-id=\"17209\" data-link=\"https:\/\/www.ifbaiano.edu.br\/unidades\/santaines\/?attachment_id=17209\" class=\"wp-image-17209\" \/><\/a><\/figure><\/li><li class=\"blocks-gallery-item\"><figure><a href=\"https:\/\/www.ifbaiano.edu.br\/unidades\/santaines\/files\/2022\/09\/bc88bb09-1b12-4a73-8108-ffc0fa8923db.jpg\"><img decoding=\"async\" loading=\"lazy\" width=\"1600\" height=\"1200\" src=\"https:\/\/www.ifbaiano.edu.br\/unidades\/santaines\/files\/2022\/09\/bc88bb09-1b12-4a73-8108-ffc0fa8923db.jpg\" alt=\"\" data-id=\"17210\" data-link=\"https:\/\/www.ifbaiano.edu.br\/unidades\/santaines\/?attachment_id=17210\" class=\"wp-image-17210\" \/><\/a><\/figure><\/li><li class=\"blocks-gallery-item\"><figure><a href=\"https:\/\/www.ifbaiano.edu.br\/unidades\/santaines\/files\/2022\/09\/d5d3660e-e762-4780-8ebc-f8302c8e9883.jpg\"><img decoding=\"async\" loading=\"lazy\" width=\"1600\" height=\"1200\" src=\"https:\/\/www.ifbaiano.edu.br\/unidades\/santaines\/files\/2022\/09\/d5d3660e-e762-4780-8ebc-f8302c8e9883.jpg\" alt=\"\" data-id=\"17211\" data-link=\"https:\/\/www.ifbaiano.edu.br\/unidades\/santaines\/?attachment_id=17211\" class=\"wp-image-17211\" \/><\/a><\/figure><\/li><li class=\"blocks-gallery-item\"><figure><a href=\"https:\/\/www.ifbaiano.edu.br\/unidades\/santaines\/files\/2022\/09\/dbf94b0b-1dc8-4959-8ae2-75d2728d2a72.jpg\"><img decoding=\"async\" loading=\"lazy\" width=\"1600\" height=\"1200\" src=\"https:\/\/www.ifbaiano.edu.br\/unidades\/santaines\/files\/2022\/09\/dbf94b0b-1dc8-4959-8ae2-75d2728d2a72.jpg\" alt=\"\" data-id=\"17212\" data-link=\"https:\/\/www.ifbaiano.edu.br\/unidades\/santaines\/?attachment_id=17212\" class=\"wp-image-17212\" \/><\/a><\/figure><\/li><li class=\"blocks-gallery-item\"><figure><a href=\"https:\/\/www.ifbaiano.edu.br\/unidades\/santaines\/files\/2022\/09\/e3601dba-87eb-48cc-8dcd-3faf211ffe03.jpg\"><img decoding=\"async\" loading=\"lazy\" width=\"1600\" height=\"1200\" src=\"https:\/\/www.ifbaiano.edu.br\/unidades\/santaines\/files\/2022\/09\/e3601dba-87eb-48cc-8dcd-3faf211ffe03.jpg\" alt=\"\" data-id=\"17213\" data-link=\"https:\/\/www.ifbaiano.edu.br\/unidades\/santaines\/?attachment_id=17213\" class=\"wp-image-17213\" \/><\/a><\/figure><\/li><li class=\"blocks-gallery-item\"><figure><a href=\"https:\/\/www.ifbaiano.edu.br\/unidades\/santaines\/files\/2022\/09\/ea7f3f9e-2b0e-41ed-b5fc-2b998816a114.jpg\"><img decoding=\"async\" loading=\"lazy\" width=\"1600\" height=\"1200\" src=\"https:\/\/www.ifbaiano.edu.br\/unidades\/santaines\/files\/2022\/09\/ea7f3f9e-2b0e-41ed-b5fc-2b998816a114.jpg\" alt=\"\" data-id=\"17214\" data-link=\"https:\/\/www.ifbaiano.edu.br\/unidades\/santaines\/?attachment_id=17214\" class=\"wp-image-17214\" \/><\/a><\/figure><\/li><li class=\"blocks-gallery-item\"><figure><a href=\"https:\/\/www.ifbaiano.edu.br\/unidades\/santaines\/files\/2022\/09\/f752c536-56d0-4d56-bb3e-9038367e7d54.jpg\"><img decoding=\"async\" loading=\"lazy\" width=\"1600\" height=\"1200\" src=\"https:\/\/www.ifbaiano.edu.br\/unidades\/santaines\/files\/2022\/09\/f752c536-56d0-4d56-bb3e-9038367e7d54.jpg\" alt=\"\" data-id=\"17215\" data-link=\"https:\/\/www.ifbaiano.edu.br\/unidades\/santaines\/?attachment_id=17215\" class=\"wp-image-17215\" \/><\/a><\/figure><\/li><\/ul><\/figure>\n","protected":false},"excerpt":{"rendered":"<p>O Campus Santa In\u00eas recebeu, na \u00faltima quarta-feira, 31, o Programa Ci\u00eancia Itinerante do IF Baiano &#8211; Campus Catu. Na oportunidade, estudantes-monitores do Programa que fazem parte dos v\u00e1rios grupos de estudos daquele campus, acompanhados de seus respectivos orientadores, fizeram a divulga\u00e7\u00e3o do projeto para a comunidade interna e externa que se fizeram presentes no [&hellip;]<\/p>\n","protected":false},"author":86,"featured_media":17216,"comment_status":"closed","ping_status":"closed","sticky":false,"template":"","format":"standard","meta":[],"categories":[4,5,57],"tags":[],"_links":{"self":[{"href":"https:\/\/www.ifbaiano.edu.br\/unidades\/santaines\/wp-json\/wp\/v2\/posts\/17200"}],"collection":[{"href":"https:\/\/www.ifbaiano.edu.br\/unidades\/santaines\/wp-json\/wp\/v2\/posts"}],"about":[{"href":"https:\/\/www.ifbaiano.edu.br\/unidades\/santaines\/wp-json\/wp\/v2\/types\/post"}],"author":[{"embeddable":true,"href":"https:\/\/www.ifbaiano.edu.br\/unidades\/santaines\/wp-json\/wp\/v2\/users\/86"}],"replies":[{"embeddable":true,"href":"https:\/\/www.ifbaiano.edu.br\/unidades\/santaines\/wp-json\/wp\/v2\/comments?post=17200"}],"version-history":[{"count":5,"href":"https:\/\/www.ifbaiano.edu.br\/unidades\/santaines\/wp-json\/wp\/v2\/posts\/17200\/revisions"}],"predecessor-version":[{"id":17223,"href":"https:\/\/www.ifbaiano.edu.br\/unidades\/santaines\/wp-json\/wp\/v2\/posts\/17200\/revisions\/17223"}],"wp:featuredmedia":[{"embeddable":true,"href":"https:\/\/www.ifbaiano.edu.br\/unidades\/santaines\/wp-json\/wp\/v2\/media\/17216"}],"wp:attachment":[{"href":"https:\/\/www.ifbaiano.edu.br\/unidades\/santaines\/wp-json\/wp\/v2\/media?parent=17200"}],"wp:term":[{"taxonomy":"category","embeddable":true,"href":"https:\/\/www.ifbaiano.edu.br\/unidades\/santaines\/wp-json\/wp\/v2\/categories?post=17200"},{"taxonomy":"post_tag","embeddable":true,"href":"https:\/\/www.ifbaiano.edu.br\/unidades\/santaines\/wp-json\/wp\/v2\/tags?post=17200"}],"curies":[{"name":"wp","href":"https:\/\/api.w.org\/{rel}","templated":true}]}}