{"id":17291,"date":"2022-09-15T13:54:12","date_gmt":"2022-09-15T16:54:12","guid":{"rendered":"https:\/\/www.ifbaiano.edu.br\/unidades\/santaines\/?p=17291"},"modified":"2022-09-15T13:54:13","modified_gmt":"2022-09-15T16:54:13","slug":"evento-em-alusao-ao-setembro-amarelo-acontece-no-if-baiano-campus-santa-ines","status":"publish","type":"post","link":"https:\/\/www.ifbaiano.edu.br\/unidades\/santaines\/evento-em-alusao-ao-setembro-amarelo-acontece-no-if-baiano-campus-santa-ines\/","title":{"rendered":"Evento em alus\u00e3o ao &#8220;Setembro Amarelo&#8221; acontece no IF Baiano &#8211; Campus Santa In\u00eas"},"content":{"rendered":"\n<p>Na tarde de ontem, 14, no espa\u00e7o da cantina do pavilh\u00e3o pedag\u00f3gico do IF Baiano &#8211; Campus Santa In\u00eas, aconteceu o \u201cPlant\u00e3o da Escuta\u201d A\u00e7\u00e3o do Setembro Amarelo. O evento foi idealizado e realizado pelo Gr\u00eamio Estudantil Carlos Lamarca com apoio do N\u00facleo Pr\u00f3-Sa\u00fade do Campus. Foi um encontro aberto a toda a comunidade do IF Baiano &#8211; Campus Santa In\u00eas e contou com um p\u00fablico estimado de 100 pessoas entre servidores(as) e estudantes.<\/p>\n\n\n\n<figure class=\"wp-block-gallery columns-3 is-cropped wp-block-gallery-1 is-layout-flex\"><ul class=\"blocks-gallery-grid\"><li class=\"blocks-gallery-item\"><figure><a href=\"https:\/\/www.ifbaiano.edu.br\/unidades\/santaines\/files\/2022\/09\/7fa06e9a-ed73-4a80-b944-8580f4bb0537.jpg\"><img decoding=\"async\" loading=\"lazy\" width=\"1040\" height=\"585\" src=\"https:\/\/www.ifbaiano.edu.br\/unidades\/santaines\/files\/2022\/09\/7fa06e9a-ed73-4a80-b944-8580f4bb0537.jpg\" alt=\"\" data-id=\"17295\" data-link=\"https:\/\/www.ifbaiano.edu.br\/unidades\/santaines\/?attachment_id=17295\" class=\"wp-image-17295\" \/><\/a><\/figure><\/li><li class=\"blocks-gallery-item\"><figure><a href=\"https:\/\/www.ifbaiano.edu.br\/unidades\/santaines\/files\/2022\/09\/9583209c-0604-4181-b969-8e2645e46e97.jpg\"><img decoding=\"async\" loading=\"lazy\" width=\"1040\" height=\"585\" src=\"https:\/\/www.ifbaiano.edu.br\/unidades\/santaines\/files\/2022\/09\/9583209c-0604-4181-b969-8e2645e46e97.jpg\" alt=\"\" data-id=\"17292\" data-link=\"https:\/\/www.ifbaiano.edu.br\/unidades\/santaines\/?attachment_id=17292\" class=\"wp-image-17292\" \/><\/a><\/figure><\/li><li class=\"blocks-gallery-item\"><figure><a href=\"https:\/\/www.ifbaiano.edu.br\/unidades\/santaines\/files\/2022\/09\/26650a25-bf5c-43dc-86ad-d6bb1369f393.jpg\"><img decoding=\"async\" loading=\"lazy\" width=\"1040\" height=\"585\" src=\"https:\/\/www.ifbaiano.edu.br\/unidades\/santaines\/files\/2022\/09\/26650a25-bf5c-43dc-86ad-d6bb1369f393.jpg\" alt=\"\" data-id=\"17294\" data-link=\"https:\/\/www.ifbaiano.edu.br\/unidades\/santaines\/?attachment_id=17294\" class=\"wp-image-17294\" \/><\/a><\/figure><\/li><\/ul><\/figure>\n\n\n\n<p>O encontro iniciou com um momento de fala dos representantes do gr\u00eamio estudantil, expondo a motiva\u00e7\u00e3o para a realiza\u00e7\u00e3o do evento. Logo em seguida a Diretora Geral, professora Genilda Lima, proferiu algumas palavras relatando a import\u00e2ncia de se discutir a tem\u00e1tica abordada no setembro amarelo e agradeceu ao gr\u00eamio estudantil pela iniciativa e a todos os envolvidos na atividade. Em seguida teve o Plant\u00e3o de escuta, que buscou construir, por meio da partilha entre estudantes e servidores(as), uma rede de apoio sobre sa\u00fade mental e neurodiverg\u00eancia.<\/p>\n\n\n\n<p>Aconteceram apresenta\u00e7\u00f5es culturais; depoimentos de estudantes e servidores sobre suas hist\u00f3rias de vida; roda de conversa com o psic\u00f3logo Tailan Andrade; roda de conversa com prof\u00aa Dolores Assaritti e a estudante do Curso de Licenciatura em Geografia do campus, Matheusa Maria Ribeiro, sobre &#8220;Gordofobia e Educa\u00e7\u00e3o: ocupando espa\u00e7os e garantindo direitos&#8221;.<\/p>\n\n\n\n<p>Durante o evento, houve, ainda, um momento de fala do Coordenador de Assuntos Estudantis (CAE), \u00c2ngelo Francisco  Andrade, que entregou uma placa de agradecimento ao psic\u00f3logo Tailan Andrade, o qual se desligou do Campus, ap\u00f3s cinco anos de colabora\u00e7\u00e3o com a institui\u00e7\u00e3o.<\/p>\n\n\n\n<hr class=\"wp-block-separator\" \/>\n\n\n\n<figure class=\"wp-block-gallery columns-3 is-cropped wp-block-gallery-3 is-layout-flex\"><ul class=\"blocks-gallery-grid\"><li class=\"blocks-gallery-item\"><figure><a href=\"https:\/\/www.ifbaiano.edu.br\/unidades\/santaines\/files\/2022\/09\/07824f22-634d-4c69-8f1d-005f57f4276c.jpg\"><img decoding=\"async\" loading=\"lazy\" width=\"1040\" height=\"585\" src=\"https:\/\/www.ifbaiano.edu.br\/unidades\/santaines\/files\/2022\/09\/07824f22-634d-4c69-8f1d-005f57f4276c.jpg\" alt=\"\" data-id=\"17297\" data-link=\"https:\/\/www.ifbaiano.edu.br\/unidades\/santaines\/?attachment_id=17297\" class=\"wp-image-17297\" \/><\/a><\/figure><\/li><li class=\"blocks-gallery-item\"><figure><a href=\"https:\/\/www.ifbaiano.edu.br\/unidades\/santaines\/files\/2022\/09\/9583209c-0604-4181-b969-8e2645e46e97-1.jpg\"><img decoding=\"async\" loading=\"lazy\" width=\"1040\" height=\"585\" src=\"https:\/\/www.ifbaiano.edu.br\/unidades\/santaines\/files\/2022\/09\/9583209c-0604-4181-b969-8e2645e46e97-1.jpg\" alt=\"\" data-id=\"17298\" data-link=\"https:\/\/www.ifbaiano.edu.br\/unidades\/santaines\/?attachment_id=17298\" class=\"wp-image-17298\" \/><\/a><\/figure><\/li><li class=\"blocks-gallery-item\"><figure><a href=\"https:\/\/www.ifbaiano.edu.br\/unidades\/santaines\/files\/2022\/09\/630b4608-ab05-4bc4-b70e-829a171a7452-1.jpg\"><img decoding=\"async\" loading=\"lazy\" width=\"1040\" height=\"585\" src=\"https:\/\/www.ifbaiano.edu.br\/unidades\/santaines\/files\/2022\/09\/630b4608-ab05-4bc4-b70e-829a171a7452-1.jpg\" alt=\"\" data-id=\"17299\" data-link=\"https:\/\/www.ifbaiano.edu.br\/unidades\/santaines\/?attachment_id=17299\" class=\"wp-image-17299\" \/><\/a><\/figure><\/li><li class=\"blocks-gallery-item\"><figure><a href=\"https:\/\/www.ifbaiano.edu.br\/unidades\/santaines\/files\/2022\/09\/98fb7484-9803-4768-a24a-365dc283ef95.jpg\"><img decoding=\"async\" loading=\"lazy\" width=\"1040\" height=\"585\" src=\"https:\/\/www.ifbaiano.edu.br\/unidades\/santaines\/files\/2022\/09\/98fb7484-9803-4768-a24a-365dc283ef95.jpg\" alt=\"\" data-id=\"17301\" data-link=\"https:\/\/www.ifbaiano.edu.br\/unidades\/santaines\/?attachment_id=17301\" class=\"wp-image-17301\" \/><\/a><\/figure><\/li><li class=\"blocks-gallery-item\"><figure><a href=\"https:\/\/www.ifbaiano.edu.br\/unidades\/santaines\/files\/2022\/09\/e753d688-debb-495b-892f-5a93a8ded316.jpg\"><img decoding=\"async\" loading=\"lazy\" width=\"1040\" height=\"585\" src=\"https:\/\/www.ifbaiano.edu.br\/unidades\/santaines\/files\/2022\/09\/e753d688-debb-495b-892f-5a93a8ded316.jpg\" alt=\"\" data-id=\"17302\" data-link=\"https:\/\/www.ifbaiano.edu.br\/unidades\/santaines\/?attachment_id=17302\" class=\"wp-image-17302\" \/><\/a><\/figure><\/li><li class=\"blocks-gallery-item\"><figure><a href=\"https:\/\/www.ifbaiano.edu.br\/unidades\/santaines\/files\/2022\/09\/26650a25-bf5c-43dc-86ad-d6bb1369f393-1.jpg\"><img decoding=\"async\" loading=\"lazy\" width=\"1040\" height=\"585\" src=\"https:\/\/www.ifbaiano.edu.br\/unidades\/santaines\/files\/2022\/09\/26650a25-bf5c-43dc-86ad-d6bb1369f393-1.jpg\" alt=\"\" data-id=\"17305\" data-link=\"https:\/\/www.ifbaiano.edu.br\/unidades\/santaines\/?attachment_id=17305\" class=\"wp-image-17305\" \/><\/a><\/figure><\/li><li class=\"blocks-gallery-item\"><figure><a href=\"https:\/\/www.ifbaiano.edu.br\/unidades\/santaines\/files\/2022\/09\/02b60b6a-3f4e-415e-97c4-82883583fabb.jpg\"><img decoding=\"async\" loading=\"lazy\" width=\"1280\" height=\"720\" src=\"https:\/\/www.ifbaiano.edu.br\/unidades\/santaines\/files\/2022\/09\/02b60b6a-3f4e-415e-97c4-82883583fabb.jpg\" alt=\"\" data-id=\"17306\" data-link=\"https:\/\/www.ifbaiano.edu.br\/unidades\/santaines\/?attachment_id=17306\" class=\"wp-image-17306\" \/><\/a><\/figure><\/li><li class=\"blocks-gallery-item\"><figure><a href=\"https:\/\/www.ifbaiano.edu.br\/unidades\/santaines\/files\/2022\/09\/a668c2af-1364-4a96-a67e-6863a6741b44.jpg\"><img decoding=\"async\" loading=\"lazy\" width=\"1040\" height=\"585\" src=\"https:\/\/www.ifbaiano.edu.br\/unidades\/santaines\/files\/2022\/09\/a668c2af-1364-4a96-a67e-6863a6741b44.jpg\" alt=\"\" data-id=\"17307\" data-link=\"https:\/\/www.ifbaiano.edu.br\/unidades\/santaines\/?attachment_id=17307\" class=\"wp-image-17307\" \/><\/a><\/figure><\/li><li class=\"blocks-gallery-item\"><figure><a href=\"https:\/\/www.ifbaiano.edu.br\/unidades\/santaines\/files\/2022\/09\/1ff51960-9611-4316-b41d-309cac5c189f.jpg\"><img decoding=\"async\" loading=\"lazy\" width=\"1040\" height=\"585\" src=\"https:\/\/www.ifbaiano.edu.br\/unidades\/santaines\/files\/2022\/09\/1ff51960-9611-4316-b41d-309cac5c189f.jpg\" alt=\"\" data-id=\"17308\" data-link=\"https:\/\/www.ifbaiano.edu.br\/unidades\/santaines\/?attachment_id=17308\" class=\"wp-image-17308\" \/><\/a><\/figure><\/li><li class=\"blocks-gallery-item\"><figure><a href=\"https:\/\/www.ifbaiano.edu.br\/unidades\/santaines\/files\/2022\/09\/eb914c88-c85b-47e8-b0ce-2920c2f415e8-1.jpg\"><img decoding=\"async\" loading=\"lazy\" width=\"955\" height=\"1223\" src=\"https:\/\/www.ifbaiano.edu.br\/unidades\/santaines\/files\/2022\/09\/eb914c88-c85b-47e8-b0ce-2920c2f415e8-1.jpg\" alt=\"\" data-id=\"17313\" data-link=\"https:\/\/www.ifbaiano.edu.br\/unidades\/santaines\/?attachment_id=17313\" class=\"wp-image-17313\" \/><\/a><\/figure><\/li><li class=\"blocks-gallery-item\"><figure><a href=\"https:\/\/www.ifbaiano.edu.br\/unidades\/santaines\/files\/2022\/09\/9a9eaf2a-87c2-40f2-8f67-3821e505fecd.jpg\"><img decoding=\"async\" loading=\"lazy\" width=\"1038\" height=\"1280\" src=\"https:\/\/www.ifbaiano.edu.br\/unidades\/santaines\/files\/2022\/09\/9a9eaf2a-87c2-40f2-8f67-3821e505fecd.jpg\" alt=\"\" data-id=\"17311\" data-link=\"https:\/\/www.ifbaiano.edu.br\/unidades\/santaines\/?attachment_id=17311\" class=\"wp-image-17311\" \/><\/a><\/figure><\/li><\/ul><\/figure>\n\n\n\n<hr class=\"wp-block-separator\" \/>\n","protected":false},"excerpt":{"rendered":"<p>Na tarde de ontem, 14, no espa\u00e7o da cantina do pavilh\u00e3o pedag\u00f3gico do IF Baiano &#8211; Campus Santa In\u00eas, aconteceu o \u201cPlant\u00e3o da Escuta\u201d A\u00e7\u00e3o do Setembro Amarelo. O evento foi idealizado e realizado pelo Gr\u00eamio Estudantil Carlos Lamarca com apoio do N\u00facleo Pr\u00f3-Sa\u00fade do Campus. Foi um encontro aberto a toda a comunidade do [&hellip;]<\/p>\n","protected":false},"author":86,"featured_media":17309,"comment_status":"closed","ping_status":"closed","sticky":false,"template":"","format":"standard","meta":[],"categories":[4,5,57],"tags":[],"_links":{"self":[{"href":"https:\/\/www.ifbaiano.edu.br\/unidades\/santaines\/wp-json\/wp\/v2\/posts\/17291"}],"collection":[{"href":"https:\/\/www.ifbaiano.edu.br\/unidades\/santaines\/wp-json\/wp\/v2\/posts"}],"about":[{"href":"https:\/\/www.ifbaiano.edu.br\/unidades\/santaines\/wp-json\/wp\/v2\/types\/post"}],"author":[{"embeddable":true,"href":"https:\/\/www.ifbaiano.edu.br\/unidades\/santaines\/wp-json\/wp\/v2\/users\/86"}],"replies":[{"embeddable":true,"href":"https:\/\/www.ifbaiano.edu.br\/unidades\/santaines\/wp-json\/wp\/v2\/comments?post=17291"}],"version-history":[{"count":3,"href":"https:\/\/www.ifbaiano.edu.br\/unidades\/santaines\/wp-json\/wp\/v2\/posts\/17291\/revisions"}],"predecessor-version":[{"id":17315,"href":"https:\/\/www.ifbaiano.edu.br\/unidades\/santaines\/wp-json\/wp\/v2\/posts\/17291\/revisions\/17315"}],"wp:featuredmedia":[{"embeddable":true,"href":"https:\/\/www.ifbaiano.edu.br\/unidades\/santaines\/wp-json\/wp\/v2\/media\/17309"}],"wp:attachment":[{"href":"https:\/\/www.ifbaiano.edu.br\/unidades\/santaines\/wp-json\/wp\/v2\/media?parent=17291"}],"wp:term":[{"taxonomy":"category","embeddable":true,"href":"https:\/\/www.ifbaiano.edu.br\/unidades\/santaines\/wp-json\/wp\/v2\/categories?post=17291"},{"taxonomy":"post_tag","embeddable":true,"href":"https:\/\/www.ifbaiano.edu.br\/unidades\/santaines\/wp-json\/wp\/v2\/tags?post=17291"}],"curies":[{"name":"wp","href":"https:\/\/api.w.org\/{rel}","templated":true}]}}