{"id":17316,"date":"2022-09-16T11:39:05","date_gmt":"2022-09-16T14:39:05","guid":{"rendered":"https:\/\/www.ifbaiano.edu.br\/unidades\/santaines\/?p=17316"},"modified":"2022-09-16T11:39:06","modified_gmt":"2022-09-16T14:39:06","slug":"if-baiano-aprova-216-bolsas-para-ofertar-em-pibid-e-prp","status":"publish","type":"post","link":"https:\/\/www.ifbaiano.edu.br\/unidades\/santaines\/if-baiano-aprova-216-bolsas-para-ofertar-em-pibid-e-prp\/","title":{"rendered":"IF Baiano aprova 216 bolsas para ofertar em Pibid e PRP"},"content":{"rendered":"\n<p>O Instituto Federal Baiano recebeu, no dia 05 de setembro, o resultado da submiss\u00e3o das propostos dos projetos institucionais submetidos ao&nbsp;<a href=\"https:\/\/www.gov.br\/capes\/pt-br\/acesso-a-informacao\/acoes-e-programas\/educacao-basica\/programa-residencia-pedagogica\">Programa Resid\u00eancia Pedag\u00f3gica \u2013 PRP<\/a>&nbsp;e ao&nbsp;<a href=\"https:\/\/www.gov.br\/capes\/pt-br\/acesso-a-informacao\/acoes-e-programas\/educacao-basica\/pibid\/editais-e-selecoes\">Programa Institucional de Bolsas de Inicia\u00e7\u00e3o \u00e0 Doc\u00eancia \u2013 PIBID<\/a>. Foram aprovadas 96 bolsas para o Pibid e 120 para o PRP, que ser\u00e3o disponibilizadas em editais de sele\u00e7\u00e3o lan\u00e7ados em breve.<\/p>\n\n\n\n<p>Em ambos os programas, ser\u00e3o contemplados estudantes das licenciaturas, dos\u00a0<em>campi<\/em>\u00a0Catu, Guanambi, <strong>Santa In\u00eas<\/strong>, Senhor do Bonfim, Serrinha e Valen\u00e7a, dos cursos de Qu\u00edmica, Biologia, Geografia, Ci\u00eancias da Computa\u00e7\u00e3o e Ci\u00eancias Agr\u00e1rias.<\/p>\n\n\n\n<p>Com o t\u00edtulo \u201cA Forma\u00e7\u00e3o Inicial Docente no \u00e2mbito da abordagem Multirreferencial do Instituto Federal de Educa\u00e7\u00e3o, Ci\u00eancia e Tecnologia Baiano\u201d a proposta institucional do IF Baiano para o Pibid est\u00e1 sob coordena\u00e7\u00e3o do professor Maur\u00edcio de Almeida Pereira. J\u00e1 a proposta para o PRP, \u201cIntera\u00e7\u00f5es Formativas Multirreferenciadas: o saber e o fazer do Of\u00edcio de Mestre no contexto da forma\u00e7\u00e3o inicial docente nas dimens\u00f5es epistemol\u00f3gica e ontol\u00f3gica do Instituto Federal de Educa\u00e7\u00e3o, Ci\u00eancia e Tecnologia Baiano\u201d \u00e9 coordenada pelo professor Jos\u00e9 Aurimar dos Santos Angelim.<\/p>\n\n\n\n<p>O Programa Institucional de Bolsas de Inicia\u00e7\u00e3o \u00e0 Doc\u00eancia (Pibid) oferece bolsas de inicia\u00e7\u00e3o \u00e0 doc\u00eancia a discentes que est\u00e3o na primeira metade do curso.&nbsp;O Programa Resid\u00eancia Pedag\u00f3gica oferece bolsas a discentes que est\u00e3o na segunda metade do curso. Ambos oportunizam o aperfei\u00e7oamento da forma\u00e7\u00e3o inicial de professores da educa\u00e7\u00e3o b\u00e1sica nos cursos de licenciatura, ao&nbsp;anteciparem o v\u00ednculo entre os futuros mestres e as salas de aula da rede p\u00fablica, fazendo uma ponte entre as universidades e institutos federais e as escolas p\u00fablicas de educa\u00e7\u00e3o b\u00e1sica.<\/p>\n\n\n\n<p>Atrav\u00e9s da coopera\u00e7\u00e3o com as secretarias estaduais, municipais, e o governo federal, os programas contribuem para a melhora do ensino p\u00fablico, incentiva a carreira do magist\u00e9rio e contribui para a perman\u00eancia e \u00eaxito dos bolsistas nos cursos de Licenciatura das Institui\u00e7\u00f5es de Educa\u00e7\u00e3o Superior.<\/p>\n\n\n\n<hr class=\"wp-block-separator\" \/>\n\n\n\n<p>Mat\u00e9ria ASCOM dispon\u00edvel em: https:\/\/ifbaiano.edu.br\/portal\/blog\/if-baiano-aprova-216-bolsas-para-ofertar-em-pibid-e-prp\/<\/p>\n\n\n\n<p><\/p>\n","protected":false},"excerpt":{"rendered":"<p>O Instituto Federal Baiano recebeu, no dia 05 de setembro, o resultado da submiss\u00e3o das propostos dos projetos institucionais submetidos ao&nbsp;Programa Resid\u00eancia Pedag\u00f3gica \u2013 PRP&nbsp;e ao&nbsp;Programa Institucional de Bolsas de Inicia\u00e7\u00e3o \u00e0 Doc\u00eancia \u2013 PIBID. Foram aprovadas 96 bolsas para o Pibid e 120 para o PRP, que ser\u00e3o disponibilizadas em editais de sele\u00e7\u00e3o lan\u00e7ados [&hellip;]<\/p>\n","protected":false},"author":86,"featured_media":17317,"comment_status":"closed","ping_status":"closed","sticky":false,"template":"","format":"standard","meta":[],"categories":[4,5,57],"tags":[],"_links":{"self":[{"href":"https:\/\/www.ifbaiano.edu.br\/unidades\/santaines\/wp-json\/wp\/v2\/posts\/17316"}],"collection":[{"href":"https:\/\/www.ifbaiano.edu.br\/unidades\/santaines\/wp-json\/wp\/v2\/posts"}],"about":[{"href":"https:\/\/www.ifbaiano.edu.br\/unidades\/santaines\/wp-json\/wp\/v2\/types\/post"}],"author":[{"embeddable":true,"href":"https:\/\/www.ifbaiano.edu.br\/unidades\/santaines\/wp-json\/wp\/v2\/users\/86"}],"replies":[{"embeddable":true,"href":"https:\/\/www.ifbaiano.edu.br\/unidades\/santaines\/wp-json\/wp\/v2\/comments?post=17316"}],"version-history":[{"count":1,"href":"https:\/\/www.ifbaiano.edu.br\/unidades\/santaines\/wp-json\/wp\/v2\/posts\/17316\/revisions"}],"predecessor-version":[{"id":17318,"href":"https:\/\/www.ifbaiano.edu.br\/unidades\/santaines\/wp-json\/wp\/v2\/posts\/17316\/revisions\/17318"}],"wp:featuredmedia":[{"embeddable":true,"href":"https:\/\/www.ifbaiano.edu.br\/unidades\/santaines\/wp-json\/wp\/v2\/media\/17317"}],"wp:attachment":[{"href":"https:\/\/www.ifbaiano.edu.br\/unidades\/santaines\/wp-json\/wp\/v2\/media?parent=17316"}],"wp:term":[{"taxonomy":"category","embeddable":true,"href":"https:\/\/www.ifbaiano.edu.br\/unidades\/santaines\/wp-json\/wp\/v2\/categories?post=17316"},{"taxonomy":"post_tag","embeddable":true,"href":"https:\/\/www.ifbaiano.edu.br\/unidades\/santaines\/wp-json\/wp\/v2\/tags?post=17316"}],"curies":[{"name":"wp","href":"https:\/\/api.w.org\/{rel}","templated":true}]}}