{"id":17338,"date":"2022-09-20T09:00:27","date_gmt":"2022-09-20T12:00:27","guid":{"rendered":"https:\/\/www.ifbaiano.edu.br\/unidades\/santaines\/?p=17338"},"modified":"2022-09-20T09:00:27","modified_gmt":"2022-09-20T12:00:27","slug":"operacao-beija-flor-acontece-no-campus-santa-ines-pela-primeira-vez-depois-da-pandemia","status":"publish","type":"post","link":"https:\/\/www.ifbaiano.edu.br\/unidades\/santaines\/operacao-beija-flor-acontece-no-campus-santa-ines-pela-primeira-vez-depois-da-pandemia\/","title":{"rendered":"Opera\u00e7\u00e3o Beija-flor acontece, no Campus Santa In\u00eas, pela primeira vez depois da pandemia"},"content":{"rendered":"\n<p>Na manh\u00e3 do \u00faltimo s\u00e1bado, 17, pela primeira vez, desde o in\u00edcio da pandemia de Covid-19, aconteceu no IF Baiano &#8211; Campus Santa In\u00eas a I edi\u00e7\u00e3o da Opera\u00e7\u00e3o Beija-flor. Estudantes das turmas de segundo e terceiro anos dos Cursos T\u00e9cnicos Integrados: Agropecu\u00e1ria, Alimentos e Zootecnia tiveram a oportunidade de conhecer a a\u00e7\u00e3o e participar, com alguns professores, das atividades desenvolvidas.<\/p>\n\n\n\n<figure class=\"wp-block-gallery columns-3 is-cropped wp-block-gallery-1 is-layout-flex\"><ul class=\"blocks-gallery-grid\"><li class=\"blocks-gallery-item\"><figure><a href=\"https:\/\/www.ifbaiano.edu.br\/unidades\/santaines\/files\/2022\/09\/2f3feb0c-e63d-4214-8062-e8e86ab569ce.jpg\"><img decoding=\"async\" loading=\"lazy\" width=\"1600\" height=\"1200\" src=\"https:\/\/www.ifbaiano.edu.br\/unidades\/santaines\/files\/2022\/09\/2f3feb0c-e63d-4214-8062-e8e86ab569ce.jpg\" alt=\"\" data-id=\"17340\" data-link=\"https:\/\/www.ifbaiano.edu.br\/unidades\/santaines\/?attachment_id=17340\" class=\"wp-image-17340\" \/><\/a><\/figure><\/li><li class=\"blocks-gallery-item\"><figure><a href=\"https:\/\/www.ifbaiano.edu.br\/unidades\/santaines\/files\/2022\/09\/078f16e1-89ed-4067-82de-c5bd5fa4bf70.jpg\"><img decoding=\"async\" loading=\"lazy\" width=\"1600\" height=\"1200\" src=\"https:\/\/www.ifbaiano.edu.br\/unidades\/santaines\/files\/2022\/09\/078f16e1-89ed-4067-82de-c5bd5fa4bf70.jpg\" alt=\"\" data-id=\"17341\" data-link=\"https:\/\/www.ifbaiano.edu.br\/unidades\/santaines\/?attachment_id=17341\" class=\"wp-image-17341\" \/><\/a><\/figure><\/li><li class=\"blocks-gallery-item\"><figure><a href=\"https:\/\/www.ifbaiano.edu.br\/unidades\/santaines\/files\/2022\/09\/dda95d24-340b-40cb-87db-dfff43977be0.jpg\"><img decoding=\"async\" loading=\"lazy\" width=\"1600\" height=\"1200\" src=\"https:\/\/www.ifbaiano.edu.br\/unidades\/santaines\/files\/2022\/09\/dda95d24-340b-40cb-87db-dfff43977be0.jpg\" alt=\"\" data-id=\"17342\" data-link=\"https:\/\/www.ifbaiano.edu.br\/unidades\/santaines\/?attachment_id=17342\" class=\"wp-image-17342\" \/><\/a><\/figure><\/li><\/ul><\/figure>\n\n\n\n<p>A opera\u00e7\u00e3o Beija-flor acontece no campus desde 2015 e tem como objetivo realizar a\u00e7\u00f5es de educa\u00e7\u00e3o ambiental, como a coleta de res\u00edduos s\u00f3lidos descartados, de forma inadequada, nas \u00e1reas externas do campus e conscientizar o corpo discente da import\u00e2ncia de cada um fazer a sua parte para a conserva\u00e7\u00e3o do meio ambiente. <\/p>\n\n\n\n<div class=\"wp-block-media-text alignwide is-stacked-on-mobile\"><figure class=\"wp-block-media-text__media\"><img decoding=\"async\" loading=\"lazy\" width=\"1600\" height=\"1200\" src=\"https:\/\/www.ifbaiano.edu.br\/unidades\/santaines\/files\/2022\/09\/f5f2a5be-bf0c-4173-b38f-af0761ca6f26.jpg\" alt=\"\" class=\"wp-image-17343 size-full\" \/><\/figure><div class=\"wp-block-media-text__content\">\n<p>Ap\u00f3s a coleta, houve, tamb\u00e9m, um segundo momento: o &#8220;S\u00e1bado Verde&#8221;, que acontece sempre em uma das edi\u00e7\u00f5es da Opera\u00e7\u00e3o Beija-Flor. Nesse momento s\u00e3o exibidos v\u00eddeos do projeto Circuito Tela Verde, produzidos por diferentes institui\u00e7\u00f5es e distribu\u00eddos pelo Minist\u00e9rio do Meio Ambiente (MMA), com abordagens de temas relacionados \u00e0 quest\u00f5es ambientais.  <\/p>\n\n\n\n<p><\/p>\n<\/div><\/div>\n\n\n\n<p>O v\u00eddeo exibido dessa vez foi &#8220;A cultura do desperd\u00edcio&#8221; e, ap\u00f3s sua exibi\u00e7\u00e3o, os estudantes, juntamente com os professores, fizeram uma discuss\u00e3o sobre o tema, analisando o desperd\u00edcio no refeit\u00f3rio do campus e no ambiente familiar.<\/p>\n\n\n\n<hr class=\"wp-block-separator\" \/>\n\n\n\n<p>Veja mais informa\u00e7\u00f5es sobre a Opera\u00e7\u00e3o  Beija-Flor:<\/p>\n\n\n\n<ul><li><a href=\"https:\/\/www.ifbaiano.edu.br\/unidades\/santaines\/operacao-beija-flor-e-sabado-verde-o-if-baiano-campus-santa-ines\/\">Opera\u00e7\u00e3o Beija-flor e S\u00e1bado Verde acontecem no IF BAIANO Campus Santa In\u00eas<\/a><\/li><\/ul>\n\n\n\n<ul><li><a href=\"https:\/\/www.ifbaiano.edu.br\/unidades\/santaines\/acontece-no-proximo-sabado-24-no-campus-santa-ines-a-i-edicao-da-operacao-beija-flor-do-ano-letivo-2018\/\">I Edi\u00e7\u00e3o da opera\u00e7\u00e3o Beija-Flor do ano letivo 2018<\/a><\/li><\/ul>\n\n\n\n<ul><li><a href=\"https:\/\/www.ifbaiano.edu.br\/unidades\/santaines\/ii-edicao-da-operacao-beija-flor-ano-letivo-2018-acontece-no-proximo-sabado-no-campus-santa-ines\/\">II Edi\u00e7\u00e3o da Opera\u00e7\u00e3o Beija-Flor do ano letivo 2018 acontece no pr\u00f3ximo s\u00e1bado<\/a><\/li><\/ul>\n\n\n\n<ul><li><a href=\"https:\/\/www.ifbaiano.edu.br\/unidades\/santaines\/operacao-beija-flor-ii-edicao-do-ano-letivo-de-2018\/\">Opera\u00e7\u00e3o Beija Flor \u2013 II Edi\u00e7\u00e3o do Ano Letivo de 2018<\/a><\/li><\/ul>\n\n\n\n<hr class=\"wp-block-separator\" \/>\n","protected":false},"excerpt":{"rendered":"<p>Na manh\u00e3 do \u00faltimo s\u00e1bado, 17, pela primeira vez, desde o in\u00edcio da pandemia de Covid-19, aconteceu no IF Baiano &#8211; Campus Santa In\u00eas a I edi\u00e7\u00e3o da Opera\u00e7\u00e3o Beija-flor. Estudantes das turmas de segundo e terceiro anos dos Cursos T\u00e9cnicos Integrados: Agropecu\u00e1ria, Alimentos e Zootecnia tiveram a oportunidade de conhecer a a\u00e7\u00e3o e participar, [&hellip;]<\/p>\n","protected":false},"author":86,"featured_media":17339,"comment_status":"closed","ping_status":"closed","sticky":false,"template":"","format":"standard","meta":[],"categories":[4,5,57],"tags":[],"_links":{"self":[{"href":"https:\/\/www.ifbaiano.edu.br\/unidades\/santaines\/wp-json\/wp\/v2\/posts\/17338"}],"collection":[{"href":"https:\/\/www.ifbaiano.edu.br\/unidades\/santaines\/wp-json\/wp\/v2\/posts"}],"about":[{"href":"https:\/\/www.ifbaiano.edu.br\/unidades\/santaines\/wp-json\/wp\/v2\/types\/post"}],"author":[{"embeddable":true,"href":"https:\/\/www.ifbaiano.edu.br\/unidades\/santaines\/wp-json\/wp\/v2\/users\/86"}],"replies":[{"embeddable":true,"href":"https:\/\/www.ifbaiano.edu.br\/unidades\/santaines\/wp-json\/wp\/v2\/comments?post=17338"}],"version-history":[{"count":7,"href":"https:\/\/www.ifbaiano.edu.br\/unidades\/santaines\/wp-json\/wp\/v2\/posts\/17338\/revisions"}],"predecessor-version":[{"id":17350,"href":"https:\/\/www.ifbaiano.edu.br\/unidades\/santaines\/wp-json\/wp\/v2\/posts\/17338\/revisions\/17350"}],"wp:featuredmedia":[{"embeddable":true,"href":"https:\/\/www.ifbaiano.edu.br\/unidades\/santaines\/wp-json\/wp\/v2\/media\/17339"}],"wp:attachment":[{"href":"https:\/\/www.ifbaiano.edu.br\/unidades\/santaines\/wp-json\/wp\/v2\/media?parent=17338"}],"wp:term":[{"taxonomy":"category","embeddable":true,"href":"https:\/\/www.ifbaiano.edu.br\/unidades\/santaines\/wp-json\/wp\/v2\/categories?post=17338"},{"taxonomy":"post_tag","embeddable":true,"href":"https:\/\/www.ifbaiano.edu.br\/unidades\/santaines\/wp-json\/wp\/v2\/tags?post=17338"}],"curies":[{"name":"wp","href":"https:\/\/api.w.org\/{rel}","templated":true}]}}