{"id":17391,"date":"2022-09-27T10:06:10","date_gmt":"2022-09-27T13:06:10","guid":{"rendered":"https:\/\/www.ifbaiano.edu.br\/unidades\/santaines\/?p=17391"},"modified":"2022-09-27T10:06:11","modified_gmt":"2022-09-27T13:06:11","slug":"portaria-concede-flexibilizacao-de-horario-de-trabalho-para-servidores-lotados-na-biblioteca-do-campus-santa-ines","status":"publish","type":"post","link":"https:\/\/www.ifbaiano.edu.br\/unidades\/santaines\/portaria-concede-flexibilizacao-de-horario-de-trabalho-para-servidores-lotados-na-biblioteca-do-campus-santa-ines\/","title":{"rendered":"Portaria concede flexibiliza\u00e7\u00e3o de hor\u00e1rio de trabalho para servidores lotados na Biblioteca do Campus Santa In\u00eas"},"content":{"rendered":"\n<p>A <a href=\"https:\/\/www.ifbaiano.edu.br\/unidades\/santaines\/files\/2022\/09\/PORTARIA-219_2022-Horario-Biblioteca.pdf\">Portaria n\u00ba 219\/2022<\/a> trata da flexibiliza\u00e7\u00e3o da jornada de trabalho de seis horas di\u00e1rias e trinta horas semanais aos(\u00e0s) servidores(as) T\u00e9cnico-Administrativos em Educa\u00e7\u00e3o do IF Baiano, lotados(as) na Biblioteca do Campus Santa In\u00eas, com hor\u00e1rio de funcionamento e atendimento ao p\u00fablico das 07h30min \u00e0s 22h.<\/p>\n\n\n\n<p>As atividades realizadas pelos referidos servidores que exigem maior demanda dos usu\u00e1rios s\u00e3o:<\/p>\n\n\n\n<ul><li>Empr\u00e9stimo, Devolu\u00e7\u00e3o, Renova\u00e7\u00e3o, Reserva &#8211; servi\u00e7os realizados atrav\u00e9s do sistema de automa\u00e7\u00e3o Pergamum<br>mediante matr\u00edcula e senha dos usu\u00e1rios cadastrados (discentes e servidores);<\/li><li>Cadastro de usu\u00e1rios e atualiza\u00e7\u00e3o cadastral \u2013 servi\u00e7o realizado no sistema Pergamum de forma individualizada para<br>cada usu\u00e1rio, preenchendo cadastro com informa\u00e7\u00f5es do mesmo;<\/li><li>Emiss\u00e3o de declara\u00e7\u00e3o Nada Consta \u2013 emiss\u00e3o de declara\u00e7\u00e3o de inexist\u00eancia de pend\u00eancias do usu\u00e1rio mediante<br>consulta ao sistema Pergamum e assinatura de formul\u00e1rio pr\u00f3prio via SUAP;<\/li><li>Controle de acesso aos notebooks \u2013 controle de uso dos notebooks atrav\u00e9s do sistema Pergamum mediante matr\u00edcula<br>e senha dos usu\u00e1rios cadastrados (discentes e servidores);<\/li><li>Orienta\u00e7\u00e3o individualizada ao usu\u00e1rio \u2013 na busca de informa\u00e7\u00f5es e na utiliza\u00e7\u00e3o do acervo, desde o uso das bases de<br>dados at\u00e9 a localiza\u00e7\u00e3o do material nas estantes;<\/li><li>Orienta\u00e7\u00e3o \u00e0 normaliza\u00e7\u00e3o bibliogr\u00e1fica \u2013 consulta individualizada para orientar sobre os padr\u00f5es do IF Baiano e as<br>normas da Associa\u00e7\u00e3o Brasileira de Normas T\u00e9cnicas (ABNT) para a padroniza\u00e7\u00e3o dos trabalhos acad\u00eamicos, de final de curso e publica\u00e7\u00f5es institucionais;<\/li><li>Treinamento de usu\u00e1rios \u2013 em grupo ou individual para apresentar como operar os sistemas e bases disponibilizados<\/li><li>pelo setor aos usu\u00e1rios;<\/li><li>Controle e agendamento do Audit\u00f3rio \u2013 mediante consulta presencialmente, por telefone, e-mail e\/ou atrav\u00e9s do<\/li><li>SUAP, com empr\u00e9stimo e devolu\u00e7\u00e3o de chaves pelo sistema Pergamum;<\/li><li>Elabora\u00e7\u00e3o de Ficha Catalogr\u00e1fica \u2013 ficha contendo os Dados Internacionais de Cataloga\u00e7\u00e3o dos trabalhos de<\/li><li>conclus\u00e3o de cursos solicitados individualmente por cada discente, e publica\u00e7\u00f5es institucionais;<\/li><li>Pesquisa e levantamento bibliogr\u00e1fico \u2013 servi\u00e7o individualizado no qual o usu\u00e1rio solicita rela\u00e7\u00e3o de material sobre<\/li><li>determinado assunto existente no acervo;<\/li><li>Acesso a Sala de Estudos Individual e em Grupo \u2013 abertura, fechamento e manuten\u00e7\u00e3o dos espa\u00e7os de estudo.<\/li><\/ul>\n\n\n\n<p><strong>Escala Nominal de hor\u00e1rios dos  servidores(as) autorizados(as) a trabalhar em regime de hor\u00e1rio flexibilizado (seis horas di\u00e1rias e trinta horas semanais) na Biblioteca, Campus Santa In\u00eas.<\/strong><\/p>\n\n\n\n<figure class=\"wp-block-table\"><table><tbody><tr><td><strong>Nome<\/strong><\/td><td><strong>Hor\u00e1rio<\/strong><\/td><td><strong>Dias da semana<\/strong><\/td><\/tr><tr><td>Jessica Ferreira Lima<\/td><td>07h30min \u00e0s 13h30min<\/td><td>Segunda &#8211; Sexta<\/td><\/tr><tr><td>Monica Souza Brito<\/td><td>13h30min \u00e0s 19h30min <\/td><td>Segunda &#8211; Sexta<\/td><\/tr><tr><td>Claudineia Trindade Souza<\/td><td>11h \u00e0s 17h <\/td><td>Segunda &#8211; Sexta<\/td><\/tr><tr><td>Diego de G\u00f3es Menezes<\/td><td>07h30min \u00e0s 13h30min <\/td><td>Segunda &#8211; Sexta<\/td><\/tr><tr><td>Ozzyries Dimitrius Ara\u00fajo Pinheiro Braga<\/td><td>16h \u00e0s 22h  <\/td><td>Segunda &#8211; Sexta<\/td><\/tr><tr><td>Pedro Eduardo Bastos Barbosa<\/td><td>07h30min \u00e0s 13h30min  <\/td><td>Segunda &#8211; Sexta<\/td><\/tr><\/tbody><\/table><\/figure>\n\n\n\n<p>A referida Portaria est\u00e1 dispon\u00edvel no menu &#8220;Biblioteca&#8221; localizado na lateral esquerda da p\u00e1gina do campus. Clique <a href=\"https:\/\/www.ifbaiano.edu.br\/unidades\/santaines\/equipe\/\">AQUI<\/a> para acessar<\/p>\n\n\n\n<hr class=\"wp-block-separator\" \/>\n","protected":false},"excerpt":{"rendered":"<p>A Portaria n\u00ba 219\/2022 trata da flexibiliza\u00e7\u00e3o da jornada de trabalho de seis horas di\u00e1rias e trinta horas semanais aos(\u00e0s) servidores(as) T\u00e9cnico-Administrativos em Educa\u00e7\u00e3o do IF Baiano, lotados(as) na Biblioteca do Campus Santa In\u00eas, com hor\u00e1rio de funcionamento e atendimento ao p\u00fablico das 07h30min \u00e0s 22h. As atividades realizadas pelos referidos servidores que exigem maior [&hellip;]<\/p>\n","protected":false},"author":86,"featured_media":0,"comment_status":"closed","ping_status":"closed","sticky":false,"template":"","format":"standard","meta":[],"categories":[4,5],"tags":[],"_links":{"self":[{"href":"https:\/\/www.ifbaiano.edu.br\/unidades\/santaines\/wp-json\/wp\/v2\/posts\/17391"}],"collection":[{"href":"https:\/\/www.ifbaiano.edu.br\/unidades\/santaines\/wp-json\/wp\/v2\/posts"}],"about":[{"href":"https:\/\/www.ifbaiano.edu.br\/unidades\/santaines\/wp-json\/wp\/v2\/types\/post"}],"author":[{"embeddable":true,"href":"https:\/\/www.ifbaiano.edu.br\/unidades\/santaines\/wp-json\/wp\/v2\/users\/86"}],"replies":[{"embeddable":true,"href":"https:\/\/www.ifbaiano.edu.br\/unidades\/santaines\/wp-json\/wp\/v2\/comments?post=17391"}],"version-history":[{"count":1,"href":"https:\/\/www.ifbaiano.edu.br\/unidades\/santaines\/wp-json\/wp\/v2\/posts\/17391\/revisions"}],"predecessor-version":[{"id":17395,"href":"https:\/\/www.ifbaiano.edu.br\/unidades\/santaines\/wp-json\/wp\/v2\/posts\/17391\/revisions\/17395"}],"wp:attachment":[{"href":"https:\/\/www.ifbaiano.edu.br\/unidades\/santaines\/wp-json\/wp\/v2\/media?parent=17391"}],"wp:term":[{"taxonomy":"category","embeddable":true,"href":"https:\/\/www.ifbaiano.edu.br\/unidades\/santaines\/wp-json\/wp\/v2\/categories?post=17391"},{"taxonomy":"post_tag","embeddable":true,"href":"https:\/\/www.ifbaiano.edu.br\/unidades\/santaines\/wp-json\/wp\/v2\/tags?post=17391"}],"curies":[{"name":"wp","href":"https:\/\/api.w.org\/{rel}","templated":true}]}}