{"id":17396,"date":"2022-09-27T14:02:48","date_gmt":"2022-09-27T17:02:48","guid":{"rendered":"https:\/\/www.ifbaiano.edu.br\/unidades\/santaines\/?p=17396"},"modified":"2022-10-03T15:39:47","modified_gmt":"2022-10-03T18:39:47","slug":"chamada-para-reintegracao-aos-cursos-de-licenciatura-do-campus-santa-ines","status":"publish","type":"post","link":"https:\/\/www.ifbaiano.edu.br\/unidades\/santaines\/chamada-para-reintegracao-aos-cursos-de-licenciatura-do-campus-santa-ines\/","title":{"rendered":"Chamada para reintegra\u00e7\u00e3o aos cursos de Licenciatura do Campus Santa In\u00eas"},"content":{"rendered":"\n<p>A Diretoria Acad\u00eamica do IF Baiano \u2013 Campus Santa In\u00eas informa a comunidade acad\u00eamica do campus que as solicita\u00e7\u00f5es de reintegra\u00e7\u00e3o aos cursos de Licenciatura em Ci\u00eancias Biol\u00f3gicas e Licenciatura em Geografia dever\u00e3o ser realizadas no per\u00edodo de 03 a 07 de Outubro de 2022.<\/p>\n\n\n\n<p>A reintegra\u00e7\u00e3o ao curso \u00e9 um direito do(a) discente desvinculado(a) da institui\u00e7\u00e3o, desde que justificadas, formalmente, as causas que provocaram sua desvincula\u00e7\u00e3o.<\/p>\n\n\n\n<p>As solicita\u00e7\u00f5es dever\u00e3o ser realizadas atrav\u00e9s de <a href=\"https:\/\/www.ifbaiano.edu.br\/unidades\/santaines\/files\/2022\/09\/Requerimento-Superior.pdf\">formul\u00e1rio<\/a> pr\u00f3prio e entregues, no per\u00edodo definido acima, na Secretaria de Registros Acad\u00eamicos (SRA) do Campus.<\/p>\n\n\n\n<p>Para ter o pedido de reintegra\u00e7\u00e3o atendido o(a) estudante deve observar as regras contidas na <a href=\"https:\/\/ifbaiano.edu.br\/portal\/ensino\/wp-content\/uploads\/sites\/2\/2020\/05\/Resolu%C3%A7%C3%A3o-n%C2%BA-64-de-2020-Organiza%C3%A7%C3%A3o-Did%C3%A1tica-dos-Cursos-Superiores.pdf\">Organiza\u00e7\u00e3o Did\u00e1tica dos Cursos de Gradua\u00e7\u00e3o do IF Baiano<\/a> (pag. 24).<\/p>\n\n\n\n<p>As d\u00favidas dever\u00e3o ser encaminhadas para a coordena\u00e7\u00e3o do respectivo curso ou para a SRA do Campus, atrav\u00e9s do e-mail secretaria@si.ifbaiano.edu.br. <\/p>\n\n\n\n<hr class=\"wp-block-separator\" \/>\n\n\n\n<p><\/p>\n","protected":false},"excerpt":{"rendered":"<p>A Diretoria Acad\u00eamica do IF Baiano \u2013 Campus Santa In\u00eas informa a comunidade acad\u00eamica do campus que as solicita\u00e7\u00f5es de reintegra\u00e7\u00e3o aos cursos de Licenciatura em Ci\u00eancias Biol\u00f3gicas e Licenciatura em Geografia dever\u00e3o ser realizadas no per\u00edodo de 03 a 07 de Outubro de 2022. A reintegra\u00e7\u00e3o ao curso \u00e9 um direito do(a) discente desvinculado(a) [&hellip;]<\/p>\n","protected":false},"author":86,"featured_media":0,"comment_status":"closed","ping_status":"closed","sticky":false,"template":"","format":"standard","meta":[],"categories":[4,38,5,57],"tags":[],"_links":{"self":[{"href":"https:\/\/www.ifbaiano.edu.br\/unidades\/santaines\/wp-json\/wp\/v2\/posts\/17396"}],"collection":[{"href":"https:\/\/www.ifbaiano.edu.br\/unidades\/santaines\/wp-json\/wp\/v2\/posts"}],"about":[{"href":"https:\/\/www.ifbaiano.edu.br\/unidades\/santaines\/wp-json\/wp\/v2\/types\/post"}],"author":[{"embeddable":true,"href":"https:\/\/www.ifbaiano.edu.br\/unidades\/santaines\/wp-json\/wp\/v2\/users\/86"}],"replies":[{"embeddable":true,"href":"https:\/\/www.ifbaiano.edu.br\/unidades\/santaines\/wp-json\/wp\/v2\/comments?post=17396"}],"version-history":[{"count":1,"href":"https:\/\/www.ifbaiano.edu.br\/unidades\/santaines\/wp-json\/wp\/v2\/posts\/17396\/revisions"}],"predecessor-version":[{"id":17398,"href":"https:\/\/www.ifbaiano.edu.br\/unidades\/santaines\/wp-json\/wp\/v2\/posts\/17396\/revisions\/17398"}],"wp:attachment":[{"href":"https:\/\/www.ifbaiano.edu.br\/unidades\/santaines\/wp-json\/wp\/v2\/media?parent=17396"}],"wp:term":[{"taxonomy":"category","embeddable":true,"href":"https:\/\/www.ifbaiano.edu.br\/unidades\/santaines\/wp-json\/wp\/v2\/categories?post=17396"},{"taxonomy":"post_tag","embeddable":true,"href":"https:\/\/www.ifbaiano.edu.br\/unidades\/santaines\/wp-json\/wp\/v2\/tags?post=17396"}],"curies":[{"name":"wp","href":"https:\/\/api.w.org\/{rel}","templated":true}]}}