{"id":17399,"date":"2022-09-28T08:39:19","date_gmt":"2022-09-28T11:39:19","guid":{"rendered":"https:\/\/www.ifbaiano.edu.br\/unidades\/santaines\/?p=17399"},"modified":"2022-09-28T08:39:20","modified_gmt":"2022-09-28T11:39:20","slug":"if-baiano-seleciona-bolsistas-para-o-pibid-e-residentes-e-preceptores-para-o-prp","status":"publish","type":"post","link":"https:\/\/www.ifbaiano.edu.br\/unidades\/santaines\/if-baiano-seleciona-bolsistas-para-o-pibid-e-residentes-e-preceptores-para-o-prp\/","title":{"rendered":"IF Baiano seleciona bolsistas para o PIBID e residentes e preceptores para o PRP"},"content":{"rendered":"\n<p>O IF Baiano oferta, a estudantes de licenciatura da institui\u00e7\u00e3o,&nbsp;<strong>96 bolsas<\/strong>&nbsp;pelo Programa Institucional de Bolsas de Inicia\u00e7\u00e3o \u00e0 Doc\u00eancia \u2013 PIBID e&nbsp;<strong>120 bolsas&nbsp;<\/strong>pelo Programa Resid\u00eancia Pedag\u00f3gica \u2013 PRP. O PRP tamb\u00e9m est\u00e1 com sele\u00e7\u00e3o aberta para que professores da educa\u00e7\u00e3o b\u00e1sica da rede p\u00fablica atuem como preceptores dos residentes selecionados pelo Programa. Para os preceptores, a oferta \u00e9 de&nbsp;<strong>24 bolsas<\/strong>.&nbsp;<\/p>\n\n\n\n<p>As inscri\u00e7\u00f5es para bolsistas, residentes e preceptores dos dois programas est\u00e3o abertas e encerram no dia 03 de outubro. Para se inscrever, basta enviar a documenta\u00e7\u00e3o exigida por cada edital para os endere\u00e7os de e-mail:&nbsp;<a href=\"mailto:prosel.pibid@ifbaiano.edu.br\">prosel.pibid@ifbaiano.edu.br<\/a>&nbsp;para bolsista PIBID&nbsp; e&nbsp;<a href=\"mailto:prp@reitoria.ifbaiano.edu.br\">prp@reitoria.ifbaiano.edu.br<\/a>&nbsp;para residente e preceptor do PRP.&nbsp;<\/p>\n\n\n\n<p>Podem se candidatar \u00e0s bolsas do PIBID estudantes do 1\u00b0 ao 5\u00b0 semestre e \u00e0s vagas de residentes do PRP, estudantes que cursem do 5\u00b0 semestre em diante.&nbsp; Os cursos que participam dos programas s\u00e3o as licenciaturas em Qu\u00edmica do campus Catu; Biologia e Qu\u00edmica do campus Guanambi; Biologia e Geografia do Campus Santa In\u00eas, Ci\u00eancias da Computa\u00e7\u00e3o e Ci\u00eancias Agr\u00e1rias do campus Senhor do Bonfim; Biologia do campus Serrinha; e Biologia do campus Valen\u00e7a.<\/p>\n\n\n\n<p>A sele\u00e7\u00e3o desses bolsistas levar\u00e1 em conta a pontua\u00e7\u00e3o m\u00e9dia do hist\u00f3rico escolar do candidato e a an\u00e1lise da sua carta de inten\u00e7\u00e3o. Com a m\u00e9dia ponderada das notas do hist\u00f3rico e da carta, se chegar\u00e1 ao resultado final.&nbsp; J\u00e1 a sele\u00e7\u00e3o dos preceptores acontecer\u00e1 em duas etapas: an\u00e1lise do curr\u00edculo Lattes e an\u00e1lise da carta de inten\u00e7\u00f5es. Os preceptores ir\u00e3o acompanhar, orientar e avaliar os residentes.<\/p>\n\n\n\n<p><strong>Sobre os programas<\/strong><\/p>\n\n\n\n<p>O PIBID e o PRP oportunizam o aperfei\u00e7oamento da forma\u00e7\u00e3o inicial de professores da educa\u00e7\u00e3o b\u00e1sica nos cursos de licenciatura, ao anteciparem o v\u00ednculo entre os futuros mestres e as salas de aula da rede p\u00fablica, fazendo uma ponte entre as universidades e institutos federais e as escolas p\u00fablicas de educa\u00e7\u00e3o b\u00e1sica.<\/p>\n\n\n\n<p>Atrav\u00e9s da coopera\u00e7\u00e3o com as secretarias estaduais, municipais e o governo federal, os programas contribuem para a melhora do ensino p\u00fablico, incentiva a carreira do magist\u00e9rio e contribui para a perman\u00eancia e \u00eaxito dos bolsistas nos cursos de Licenciatura das Institui\u00e7\u00f5es de Educa\u00e7\u00e3o Superior.<\/p>\n\n\n\n<p><strong>Confira os editais:<\/strong><\/p>\n\n\n\n<p><a href=\"https:\/\/concurso.ifbaiano.edu.br\/portal\/selecao-discente-licenciatura-bolsista-pibid-setembro-2022\/\">PIBID \u2013 96 bolsas<\/a><\/p>\n\n\n\n<p><a href=\"https:\/\/concurso.ifbaiano.edu.br\/portal\/selecao-discentes-licenciaturas-programa-residencia-pedagogica-setembro-2022\/\">Resid\u00eancia PRP \u2013 120 bolsas<\/a><\/p>\n\n\n\n<p><a href=\"https:\/\/concurso.ifbaiano.edu.br\/portal\/selecao-bolsista-preceptor-professor-residencia-pedagogica-setembro-2022\/\">Preceptoria PRP \u2013 24 bolsas<\/a><\/p>\n\n\n\n<hr class=\"wp-block-separator\" \/>\n\n\n\n<p>Mat\u00e9ria ASCOM dispon\u00edvel em: https:\/\/ifbaiano.edu.br\/portal\/blog\/if-baiano-seleciona-bolsistas-para-o-pibid-e-residentes-e-preceptores-para-o-prp\/<\/p>\n","protected":false},"excerpt":{"rendered":"<p>Ao todo, s\u00e3o ofertadas 240 bolsas; 24 delas para professores da rede p\u00fablica e as demais para estudantes de licenciatura do IF Baiano<\/p>\n","protected":false},"author":86,"featured_media":17317,"comment_status":"closed","ping_status":"closed","sticky":false,"template":"","format":"standard","meta":[],"categories":[4,12,5,57],"tags":[],"_links":{"self":[{"href":"https:\/\/www.ifbaiano.edu.br\/unidades\/santaines\/wp-json\/wp\/v2\/posts\/17399"}],"collection":[{"href":"https:\/\/www.ifbaiano.edu.br\/unidades\/santaines\/wp-json\/wp\/v2\/posts"}],"about":[{"href":"https:\/\/www.ifbaiano.edu.br\/unidades\/santaines\/wp-json\/wp\/v2\/types\/post"}],"author":[{"embeddable":true,"href":"https:\/\/www.ifbaiano.edu.br\/unidades\/santaines\/wp-json\/wp\/v2\/users\/86"}],"replies":[{"embeddable":true,"href":"https:\/\/www.ifbaiano.edu.br\/unidades\/santaines\/wp-json\/wp\/v2\/comments?post=17399"}],"version-history":[{"count":1,"href":"https:\/\/www.ifbaiano.edu.br\/unidades\/santaines\/wp-json\/wp\/v2\/posts\/17399\/revisions"}],"predecessor-version":[{"id":17400,"href":"https:\/\/www.ifbaiano.edu.br\/unidades\/santaines\/wp-json\/wp\/v2\/posts\/17399\/revisions\/17400"}],"wp:featuredmedia":[{"embeddable":true,"href":"https:\/\/www.ifbaiano.edu.br\/unidades\/santaines\/wp-json\/wp\/v2\/media\/17317"}],"wp:attachment":[{"href":"https:\/\/www.ifbaiano.edu.br\/unidades\/santaines\/wp-json\/wp\/v2\/media?parent=17399"}],"wp:term":[{"taxonomy":"category","embeddable":true,"href":"https:\/\/www.ifbaiano.edu.br\/unidades\/santaines\/wp-json\/wp\/v2\/categories?post=17399"},{"taxonomy":"post_tag","embeddable":true,"href":"https:\/\/www.ifbaiano.edu.br\/unidades\/santaines\/wp-json\/wp\/v2\/tags?post=17399"}],"curies":[{"name":"wp","href":"https:\/\/api.w.org\/{rel}","templated":true}]}}