{"id":17401,"date":"2022-09-28T11:44:56","date_gmt":"2022-09-28T14:44:56","guid":{"rendered":"https:\/\/www.ifbaiano.edu.br\/unidades\/santaines\/?p=17401"},"modified":"2022-10-04T15:46:39","modified_gmt":"2022-10-04T18:46:39","slug":"campus-santa-ines-publica-edital-do-propac","status":"publish","type":"post","link":"https:\/\/www.ifbaiano.edu.br\/unidades\/santaines\/campus-santa-ines-publica-edital-do-propac\/","title":{"rendered":"Campus Santa In\u00eas publica edital do PROPAC"},"content":{"rendered":"\n<p>O IF Baiano &#8211; Campus Santa In\u00eas publicou <a href=\"https:\/\/concurso.ifbaiano.edu.br\/portal\/propac-santa-ines-setembro-2022\/wp-content\/uploads\/sites\/682\/2022\/09\/EDITAL-PROGRAMA-DE-INCENTIVO-A-PARTICIPACAO-POLITICO-ACADEMICA-%E2%80%93-PROPAC-1.pdf\">edital<\/a> com estabelecimento de normas e crit\u00e9rios para sele\u00e7\u00e3o priorit\u00e1ria de estudantes em vulnerabilidade socioecon\u00f4mica de cursos presenciais e \u00e0 dist\u00e2ncia com a finalidade de participa\u00e7\u00e3o na Pol\u00edtica de Assist\u00eancia Estudantil, por meio do Programa de Incentivo \u00e0 Participa\u00e7\u00e3o Pol\u00edtico-Acad\u00eamica &#8211; PROPAC.<\/p>\n\n\n\n<p>O PROPAC visa apoiar a realiza\u00e7\u00e3o de a\u00e7\u00f5es que contribuam para o exerc\u00edcio da cidadania e do direito de organiza\u00e7\u00e3o pol\u00edtica do estudante e \u00e9 composto por tr\u00eas aux\u00edlios: Aux\u00edlio participa\u00e7\u00e3o em eventos de car\u00e1ter cient\u00edfico, acad\u00eamico ou tecnol\u00f3gico que tem como finalidade apoiar, financeiramente, a participa\u00e7\u00e3o de discentes do IF Baiano em simp\u00f3sios, semin\u00e1rios, encontros, workshops e congressos, visando a apresenta\u00e7\u00e3o de trabalhos cient\u00edficos, acad\u00eamicos ou tecnol\u00f3gicos.<\/p>\n\n\n\n<p>O edital prev\u00ea a reserva de um valor total correspondente a 3% (Tr\u00eas por cento) do or\u00e7amento da Assist\u00eancia Estudantil, do Campus Santa In\u00eas, para atender o PROPAC, que corresponde a R$ 30.362,16 ( Trinta mil, trezentos e sessenta e dois reais e dezesseis centavos) conforme demanda apresentada\/priorizada pelos estudantes em vulnerabilidade socioecon\u00f4mica.<\/p>\n\n\n\n<p>Para participar do PROPAC, \u00e9 necess\u00e1rio que o estudante esteja matriculado e com frequ\u00eancia regular m\u00ednima semestral de 75% em curso ofertado pelo Campus e possuir renda per capita familiar de at\u00e9 um sal\u00e1rio m\u00ednimo e meio vigente.<\/p>\n\n\n\n<p>A avalia\u00e7\u00e3o ser\u00e1 atrav\u00e9s de an\u00e1lise de inscri\u00e7\u00e3o no CAD\u00daNICO do Governo Federal, que deve estar atualizado, seguindo os crit\u00e9rios estabelecidos no <a href=\"https:\/\/www.planalto.gov.br\/ccivil_03\/_ato2007-2010\/2010\/decreto\/d7234.htm\">Decreto 7.234\/2010<\/a>.<\/p>\n\n\n\n<p>Para se inscrever, o candidato deve enviar e-mail \u00e0 Coordena\u00e7\u00e3o de Assuntos Estudantis do Campus, clae@si.ifbaiano.edu.br, com prazo m\u00ednimo de 30 (trinta) dias e prazo m\u00e1ximo de 60 (sessenta) dias de anteced\u00eancia da data de in\u00edcio do evento. No e-mail devem ser anexados, preferencialmente em PDF:<\/p>\n\n\n\n<ul><li>Espelho do CAD\u00daNICO, a fim de comprova\u00e7\u00e3o da situa\u00e7\u00e3o de vulnerabilidade;<\/li><li><a href=\"https:\/\/www.ifbaiano.edu.br\/unidades\/santaines\/files\/2022\/10\/FORMULARIO-DE-INSCRICAO-Edital-34.pdf\">Formul\u00e1rio <\/a>pr\u00f3prio disponibilizado no Edital, preenchido e assinado;<\/li><li>Chamada com local do evento\u037e<\/li><li>Programa\u00e7\u00e3o\u037e<\/li><li>Pelo menos 03 (tr\u00eas) cota\u00e7\u00f5es de hospedagem, passagens a\u00e9reas ou passagens terrestres, devendo priorizar<\/li><li>sempre o transporte de menor valor\u037e<\/li><li>Dados banc\u00e1rios da conta do(a) solicitante para fins de pagamento da concess\u00e3o; e<\/li><li>Autoriza\u00e7\u00e3o expressa do respons\u00e1vel, no caso de alunos menores de idade.<\/li><\/ul>\n\n\n\n<p>Todas as informa\u00e7\u00f5es referentes ao processo de sele\u00e7\u00e3o estar\u00e3o dispon\u00edveis na&nbsp;<a href=\"https:\/\/concurso.ifbaiano.edu.br\/portal\/propac-santa-ines-setembro-2022\/\">P\u00e1gina de Concursos e Sele\u00e7\u00f5es<\/a>, no Portal do IF Baiano. As inscri\u00e7\u00f5es, interposi\u00e7\u00e3o de recursos e d\u00favidas, devem ser enviadas para o e-mail clae.ifsiI@gmail.com.<\/p>\n\n\n\n<hr class=\"wp-block-separator\" \/>\n\n\n\n<p><strong>Documentos do Processo Seletivo:<\/strong><\/p>\n\n\n\n<ul><li><a href=\"https:\/\/concurso.ifbaiano.edu.br\/portal\/propac-santa-ines-setembro-2022\/wp-content\/uploads\/sites\/682\/2022\/09\/EDITAL-PROGRAMA-DE-INCENTIVO-A-PARTICIPACAO-POLITICO-ACADEMICA-%E2%80%93-PROPAC-1.pdf\">Edital n\u00ba 34\/2022<\/a><\/li><li><a href=\"https:\/\/www.ifbaiano.edu.br\/unidades\/santaines\/files\/2022\/10\/FORMULARIO-DE-INSCRICAO-Edital-34.pdf\">Anexo I &#8211; Formul\u00e1rio de Inscri\u00e7\u00e3o<\/a><\/li><li><a href=\"https:\/\/www.ifbaiano.edu.br\/unidades\/santaines\/files\/2022\/10\/Anexo-II-FICHA-DE-AVALIACAO-Edital-34.pdf\">Anexo II &#8211; Ficha de Avalia\u00e7\u00e3o Participa\u00e7\u00e3o em Eventos de Car\u00e1ter Cient\u00edfico, Acad\u00eamico ou Tecnol\u00f3gico<\/a><\/li><li><a href=\"https:\/\/www.ifbaiano.edu.br\/unidades\/santaines\/files\/2022\/10\/Anexo-III-FICHA-DE-AVALIACAO-Edital-34.pdf\">Anexo III &#8211; Ficha de Avalia\u00e7\u00e3o Participa\u00e7\u00e3o em Eventos de Organiza\u00e7\u00e3o Estudantil <\/a><\/li><li><a href=\"https:\/\/www.ifbaiano.edu.br\/unidades\/santaines\/files\/2022\/10\/Anexo-IV-FICHA-DE-AVALIACAO-Edital-34.pdf\">Anexo IV &#8211; Ficha de Avalia\u00e7\u00e3o Formaliza\u00e7\u00e3o de Entidades Estudantis<\/a><\/li><\/ul>\n\n\n\n<hr class=\"wp-block-separator\" \/>\n","protected":false},"excerpt":{"rendered":"<p>O IF Baiano &#8211; Campus Santa In\u00eas publicou edital com estabelecimento de normas e crit\u00e9rios para sele\u00e7\u00e3o priorit\u00e1ria de estudantes em vulnerabilidade socioecon\u00f4mica de cursos presenciais e \u00e0 dist\u00e2ncia com a finalidade de participa\u00e7\u00e3o na Pol\u00edtica de Assist\u00eancia Estudantil, por meio do Programa de Incentivo \u00e0 Participa\u00e7\u00e3o Pol\u00edtico-Acad\u00eamica &#8211; PROPAC. O PROPAC visa apoiar a [&hellip;]<\/p>\n","protected":false},"author":86,"featured_media":0,"comment_status":"closed","ping_status":"closed","sticky":false,"template":"","format":"standard","meta":[],"categories":[4,5,57],"tags":[],"_links":{"self":[{"href":"https:\/\/www.ifbaiano.edu.br\/unidades\/santaines\/wp-json\/wp\/v2\/posts\/17401"}],"collection":[{"href":"https:\/\/www.ifbaiano.edu.br\/unidades\/santaines\/wp-json\/wp\/v2\/posts"}],"about":[{"href":"https:\/\/www.ifbaiano.edu.br\/unidades\/santaines\/wp-json\/wp\/v2\/types\/post"}],"author":[{"embeddable":true,"href":"https:\/\/www.ifbaiano.edu.br\/unidades\/santaines\/wp-json\/wp\/v2\/users\/86"}],"replies":[{"embeddable":true,"href":"https:\/\/www.ifbaiano.edu.br\/unidades\/santaines\/wp-json\/wp\/v2\/comments?post=17401"}],"version-history":[{"count":2,"href":"https:\/\/www.ifbaiano.edu.br\/unidades\/santaines\/wp-json\/wp\/v2\/posts\/17401\/revisions"}],"predecessor-version":[{"id":17419,"href":"https:\/\/www.ifbaiano.edu.br\/unidades\/santaines\/wp-json\/wp\/v2\/posts\/17401\/revisions\/17419"}],"wp:attachment":[{"href":"https:\/\/www.ifbaiano.edu.br\/unidades\/santaines\/wp-json\/wp\/v2\/media?parent=17401"}],"wp:term":[{"taxonomy":"category","embeddable":true,"href":"https:\/\/www.ifbaiano.edu.br\/unidades\/santaines\/wp-json\/wp\/v2\/categories?post=17401"},{"taxonomy":"post_tag","embeddable":true,"href":"https:\/\/www.ifbaiano.edu.br\/unidades\/santaines\/wp-json\/wp\/v2\/tags?post=17401"}],"curies":[{"name":"wp","href":"https:\/\/api.w.org\/{rel}","templated":true}]}}