{"id":17444,"date":"2022-10-06T09:08:44","date_gmt":"2022-10-06T12:08:44","guid":{"rendered":"https:\/\/www.ifbaiano.edu.br\/unidades\/santaines\/?p=17444"},"modified":"2022-10-06T09:08:44","modified_gmt":"2022-10-06T12:08:44","slug":"trabalhos-que-serao-apresentados-no-xxi-cbpv-sao-expostos-no-campus-santa-ines","status":"publish","type":"post","link":"https:\/\/www.ifbaiano.edu.br\/unidades\/santaines\/trabalhos-que-serao-apresentados-no-xxi-cbpv-sao-expostos-no-campus-santa-ines\/","title":{"rendered":"Trabalhos que ser\u00e3o apresentados no XXI CBPV s\u00e3o expostos no Campus Santa In\u00eas"},"content":{"rendered":"\n<p>Na tarde de ontem, 5, na \u00e1rea do pavilh\u00e3o pedag\u00f3gico do IF Baiano &#8211; Campus Santa In\u00eas, estudantes dos cursos de Bacharelado em Zootecnia e Licenciatura em Ci\u00eancias Biol\u00f3gicas do Campus fizeram uma exposi\u00e7\u00e3o dos vinte trabalhos que ser\u00e3o apresentados, em forma de p\u00f4steres,  no XXI Congresso Brasileiro de Parasitologia Veterin\u00e1ria (XXI CBPV) que acontecer\u00e1 no per\u00edodo de 18 a 21 de outubro na cidade de Ilh\u00e9us-BA.<\/p>\n\n\n\n<figure class=\"wp-block-gallery columns-3 is-cropped wp-block-gallery-1 is-layout-flex\"><ul class=\"blocks-gallery-grid\"><li class=\"blocks-gallery-item\"><figure><a href=\"https:\/\/www.ifbaiano.edu.br\/unidades\/santaines\/files\/2022\/10\/0df9356b-4bf2-43a8-abea-1a3bd8b73ab6-1.jpg\"><img decoding=\"async\" loading=\"lazy\" width=\"1200\" height=\"1600\" src=\"https:\/\/www.ifbaiano.edu.br\/unidades\/santaines\/files\/2022\/10\/0df9356b-4bf2-43a8-abea-1a3bd8b73ab6-1.jpg\" alt=\"\" data-id=\"17462\" data-link=\"https:\/\/www.ifbaiano.edu.br\/unidades\/santaines\/?attachment_id=17462\" class=\"wp-image-17462\" \/><\/a><\/figure><\/li><li class=\"blocks-gallery-item\"><figure><a href=\"https:\/\/www.ifbaiano.edu.br\/unidades\/santaines\/files\/2022\/10\/01d81c99-fbcf-4dfb-a75f-a9fced65219c-1.jpg\"><img decoding=\"async\" loading=\"lazy\" width=\"1200\" height=\"1600\" src=\"https:\/\/www.ifbaiano.edu.br\/unidades\/santaines\/files\/2022\/10\/01d81c99-fbcf-4dfb-a75f-a9fced65219c-1.jpg\" alt=\"\" data-id=\"17463\" data-link=\"https:\/\/www.ifbaiano.edu.br\/unidades\/santaines\/?attachment_id=17463\" class=\"wp-image-17463\" \/><\/a><\/figure><\/li><li class=\"blocks-gallery-item\"><figure><a href=\"https:\/\/www.ifbaiano.edu.br\/unidades\/santaines\/files\/2022\/10\/1d7e7caa-e118-464f-9064-899903012593-1.jpg\"><img decoding=\"async\" loading=\"lazy\" width=\"1200\" height=\"1600\" src=\"https:\/\/www.ifbaiano.edu.br\/unidades\/santaines\/files\/2022\/10\/1d7e7caa-e118-464f-9064-899903012593-1.jpg\" alt=\"\" data-id=\"17464\" data-link=\"https:\/\/www.ifbaiano.edu.br\/unidades\/santaines\/?attachment_id=17464\" class=\"wp-image-17464\" \/><\/a><\/figure><\/li><\/ul><\/figure>\n\n\n\n<p>De acordo com o professor Fred Juli\u00e3o, orientador dos trabalhos, membro da comiss\u00e3o organizadora do congresso e idealizador dessa exposi\u00e7\u00e3o, esse momento foi pensado no prop\u00f3sito de dar visibilidade, para toda a comunidade do campus, aos trabalhos, na \u00e1rea de Parasitologia, desenvolvidos, por estudantes de dois cursos da institui\u00e7\u00e3o e, ao mesmo tempo, treinar esses estudantes na exposi\u00e7\u00e3o desses trabalhos. Para Juli\u00e3o &#8220;Ter esses vinte e dois estudantes participando, 4 da Biologia e 18 da Zootecnia, com a apresenta\u00e7\u00e3o de vinte trabalhos em um evento desse porte, \u00e9 firmar o nome do IF baiano como institui\u00e7\u00e3o de pesquisa&#8221;.  O professor avalia tamb\u00e9m como importante &#8220;dar oportunidade aos nossos estudantes em um evento nacional com, inclusive, pesquisadores internacionais que vir\u00e3o a nosso convite&#8221;. <\/p>\n\n\n\n<p>Alguns dos estudantes presentes nessa exposi\u00e7\u00e3o, estavam apresentando trabalhos, nesse formato, pela primeira vez e, tamb\u00e9m por esse motivo, eles avaliam esse momento como muito importante, por ser uma pr\u00e9via e uma oportunidade de aperfei\u00e7oar a apresenta\u00e7\u00e3o no congresso que est\u00e1 por vir.<\/p>\n\n\n\n<p>Bianca Nunes, estudante do quinto semestre do curso de Bacharelado em Zootecnia, que apresenta um estudo de caso a partir de um problema pr\u00f3prio de sa\u00fade, se mostra com bastante expectativa para o evento &#8220;Esse congresso ser\u00e1 de imensa import\u00e2ncia para o meu curr\u00edculo, para minha gradua\u00e7\u00e3o, pra conhecimentos mesmo, tanto pessoal quanto profissional, principalmente por se tratar de um trabalho produzido a partir de um problema ocular que eu tive, que \u00e9 a toxoplasmose&#8221;.<\/p>\n\n\n\n<p>Na fala da estudante Lesly Freitas, do curso de Licenciatura em Ci\u00eancias Biol\u00f3gicas, a mesma enfatiza o qu\u00e3o enriquecedor \u00e9 a participa\u00e7\u00e3o de estudantes nesses eventos, n\u00e3o apenas para quem est\u00e1 apresentando, mas, tamb\u00e9m, para quem vai assistir e prestigiar. &#8220;\u00c9 uma troca de conhecimentos incr\u00edvel e muito enriquecedora para a nossa vida acad\u00eamica e para a vida&#8221;.<\/p>\n\n\n\n<p>Tamb\u00e9m bastante animada em apresentar seu trabalho e participar do evento, Aline Silva, estudante do d\u00e9cimo semestre do curso de Bacharelado em Zootecnia, diz &#8220;esse \u00e9 um momento para apresentar nossas experi\u00eancias vividas dentro da universidade e uma oportunidade de mostrar, tamb\u00e9m, a nossa capacidade em reproduzir a parte cient\u00edfica do nosso curso&#8221;. <\/p>\n\n\n\n<figure class=\"wp-block-gallery columns-3 is-cropped wp-block-gallery-3 is-layout-flex\"><ul class=\"blocks-gallery-grid\"><li class=\"blocks-gallery-item\"><figure><a href=\"https:\/\/www.ifbaiano.edu.br\/unidades\/santaines\/files\/2022\/10\/6e611b26-c146-4fdd-84b8-5e50b1a243f1-1.jpg\"><img decoding=\"async\" loading=\"lazy\" width=\"1200\" height=\"1600\" src=\"https:\/\/www.ifbaiano.edu.br\/unidades\/santaines\/files\/2022\/10\/6e611b26-c146-4fdd-84b8-5e50b1a243f1-1.jpg\" alt=\"\" data-id=\"17465\" data-link=\"https:\/\/www.ifbaiano.edu.br\/unidades\/santaines\/?attachment_id=17465\" class=\"wp-image-17465\" \/><\/a><\/figure><\/li><li class=\"blocks-gallery-item\"><figure><a href=\"https:\/\/www.ifbaiano.edu.br\/unidades\/santaines\/files\/2022\/10\/667004bd-0d2b-4f3a-995a-a3dae3c04dcc-1.jpg\"><img decoding=\"async\" loading=\"lazy\" width=\"1200\" height=\"1600\" src=\"https:\/\/www.ifbaiano.edu.br\/unidades\/santaines\/files\/2022\/10\/667004bd-0d2b-4f3a-995a-a3dae3c04dcc-1.jpg\" alt=\"\" data-id=\"17466\" data-link=\"https:\/\/www.ifbaiano.edu.br\/unidades\/santaines\/?attachment_id=17466\" class=\"wp-image-17466\" \/><\/a><\/figure><\/li><li class=\"blocks-gallery-item\"><figure><a href=\"https:\/\/www.ifbaiano.edu.br\/unidades\/santaines\/files\/2022\/10\/c34b73a9-535a-4816-a13c-f79bfafbacba-1.jpg\"><img decoding=\"async\" loading=\"lazy\" width=\"1200\" height=\"1600\" src=\"https:\/\/www.ifbaiano.edu.br\/unidades\/santaines\/files\/2022\/10\/c34b73a9-535a-4816-a13c-f79bfafbacba-1.jpg\" alt=\"\" data-id=\"17467\" data-link=\"https:\/\/www.ifbaiano.edu.br\/unidades\/santaines\/?attachment_id=17467\" class=\"wp-image-17467\" \/><\/a><\/figure><\/li><li class=\"blocks-gallery-item\"><figure><a href=\"https:\/\/www.ifbaiano.edu.br\/unidades\/santaines\/files\/2022\/10\/d2fe8190-8c12-4628-b2af-bddad7c53e81-1.jpg\"><img decoding=\"async\" loading=\"lazy\" width=\"1200\" height=\"1600\" src=\"https:\/\/www.ifbaiano.edu.br\/unidades\/santaines\/files\/2022\/10\/d2fe8190-8c12-4628-b2af-bddad7c53e81-1.jpg\" alt=\"\" data-id=\"17468\" data-link=\"https:\/\/www.ifbaiano.edu.br\/unidades\/santaines\/?attachment_id=17468\" class=\"wp-image-17468\" \/><\/a><\/figure><\/li><li class=\"blocks-gallery-item\"><figure><a href=\"https:\/\/www.ifbaiano.edu.br\/unidades\/santaines\/files\/2022\/10\/f29b4094-ac55-41be-b4b2-26ef8f65dce9-1.jpg\"><img decoding=\"async\" loading=\"lazy\" width=\"1200\" height=\"1600\" src=\"https:\/\/www.ifbaiano.edu.br\/unidades\/santaines\/files\/2022\/10\/f29b4094-ac55-41be-b4b2-26ef8f65dce9-1.jpg\" alt=\"\" data-id=\"17469\" data-link=\"https:\/\/www.ifbaiano.edu.br\/unidades\/santaines\/?attachment_id=17469\" class=\"wp-image-17469\" \/><\/a><\/figure><\/li><li class=\"blocks-gallery-item\"><figure><a href=\"https:\/\/www.ifbaiano.edu.br\/unidades\/santaines\/files\/2022\/10\/fd2c4f8c-5b66-4c58-ba7b-85d2c989fa25-1.jpg\"><img decoding=\"async\" loading=\"lazy\" width=\"1200\" height=\"1600\" src=\"https:\/\/www.ifbaiano.edu.br\/unidades\/santaines\/files\/2022\/10\/fd2c4f8c-5b66-4c58-ba7b-85d2c989fa25-1.jpg\" alt=\"\" data-id=\"17470\" data-link=\"https:\/\/www.ifbaiano.edu.br\/unidades\/santaines\/?attachment_id=17470\" class=\"wp-image-17470\" \/><\/a><\/figure><\/li><\/ul><\/figure>\n\n\n\n<h2 class=\"wp-block-heading\">Sobre o evento<\/h2>\n\n\n\n<p>O Congresso Brasileiro de Parasitologia Veterin\u00e1ria conta com m\u00faltiplos profissionais envolvidos (docentes, pesquisadores e cl\u00ednicos, com forma\u00e7\u00f5es em v\u00e1rias \u00e1reas da ci\u00eancia, entre elas: Medicina Veterin\u00e1ria, Medicina, Zootecnia, Farm\u00e1cia e Bioqu\u00edmica, Biologia e Biomedicina). O XXI Congresso Brasileiro de Parasitologia Veterin\u00e1ria (XXI CBPV), que acontece este ano (2022), \u00e9 um evento realizado pelas Institui\u00e7\u00f5es baianas (UESC, UFBA, UEFS, UFRB, UNIVASF e IF Baiano).<\/p>\n\n\n\n<p>Todas as informa\u00e7\u00f5es sobre o  XXI CBPV est\u00e3o dispon\u00edveis na <a href=\"https:\/\/congressocbpv.com.br\/#\">p\u00e1gina do evento<\/a><\/p>\n\n\n\n<h2 class=\"wp-block-heading\"><strong>Rela\u00e7\u00e3o dos trabalhos do IF Baiano &#8211; Campus Santa In\u00eas aprovados a serem apresentados no  XXI CBPV:<\/strong><\/h2>\n\n\n\n<ol><li>Percep\u00e7\u00e3o dos estudantes e profissionais da Zootecnia sobre o uso das redes sociais como divulga\u00e7\u00e3o da parasitologia animal;<\/li><li>Avalia\u00e7\u00e3o<em> in vitro <\/em>do uso da geopr\u00f3polis de abelha uru\u00e7u (Melipona scutellaris) como agente carrapaticida;<\/li><li>Ocorr\u00eancia de<em> Cysticercus tenuicollis<\/em> no munic\u00edpio de Santa In\u00eas-BA;<\/li><li>Relato de est\u00e1gio em berne <em>(Dermatobia hominis<\/em>) em c\u00e3es na cidade de Santa In\u00eas-BA;<\/li><li>Frequ\u00eancia de <em>Eimeria sp. <\/em>em ovinos criados no Assentamento Rural Rancho Alegre, Santa In\u00eas-BA;<\/li><li>Proposta de ensino de parasitologia animal com a\u00e7\u00e3o extensionista;<\/li><li>N\u00edvel de conhecimento de criadores de bovinos sobre carrapatos e problemas causados por estes;<\/li><li>Fator de risco de larva migans cult\u00e2nea no munic\u00edpio de Santa In\u00eas-BA;<\/li><li>Investiga\u00e7\u00e3o de parasitos intestinais de gatos domiciliados no munic\u00edpio de Uba\u00edra-BA;<\/li><li>Casos de toxoplasmose ocular no munic\u00edpio de Santa In\u00eas-BA;<\/li><li> Conhecimento dos apicultores de Santa In\u00eas-BA sobre parasitos em colmeias de <em>Apis mel\u00edfera<\/em>.<\/li><li>Perda progressiva de vis\u00e3o em adolescente com recidiva de toxoplasmose;<\/li><li>Caracter\u00edstica ambiental de comunidade rural com aparecimento de barbeiro do munic\u00edpio de Santa In\u00eas-BA;<\/li><li>Relato da ocorr\u00eancia de barbeiro em intradomic\u00edlio no munic\u00edpio de Santa In\u00eas-BA;<\/li><li>Esquistossomose Mans\u00f4nica: Relato de caso no Vale do Jiquiri\u00e1, Bahia;<\/li><li>Destino das embalagens de carrapaticidas e antihelm\u00ednticos pelos criadores de bovinos leiteiros.<\/li><li>Leishmaniose cut\u00e2nea na cidade de Jiquiri\u00e7\u00e1-BA em tr\u00eas dos cinco integrantes de uma fam\u00edlia.<\/li><li>Propostas educativas de preven\u00e7\u00e3o e controle da esquistossomose mans\u00f4nica no munic\u00edpio de Santa In\u00eas, Bahia.<\/li><li>Conhecimento de equinocultores sobre carrapatos e doen\u00e7as transmitidas por estes na regi\u00e3o de Jaguaquara-BA.<\/li><li>Aumento do n\u00famero de casos de Esquistossomose Mans\u00f4nica ap\u00f3s enchente no munic\u00edpio de Uba\u00edra-BA.<\/li><\/ol>\n\n\n\n<hr class=\"wp-block-separator\" \/>\n","protected":false},"excerpt":{"rendered":"<p>Na tarde de ontem, 5, na \u00e1rea do pavilh\u00e3o pedag\u00f3gico do IF Baiano &#8211; Campus Santa In\u00eas, estudantes dos cursos de Bacharelado em Zootecnia e Licenciatura em Ci\u00eancias Biol\u00f3gicas do Campus fizeram uma exposi\u00e7\u00e3o dos vinte trabalhos que ser\u00e3o apresentados, em forma de p\u00f4steres, no XXI Congresso Brasileiro de Parasitologia Veterin\u00e1ria (XXI CBPV) que acontecer\u00e1 [&hellip;]<\/p>\n","protected":false},"author":86,"featured_media":17461,"comment_status":"closed","ping_status":"closed","sticky":false,"template":"","format":"standard","meta":[],"categories":[4,12,5,37,57],"tags":[],"_links":{"self":[{"href":"https:\/\/www.ifbaiano.edu.br\/unidades\/santaines\/wp-json\/wp\/v2\/posts\/17444"}],"collection":[{"href":"https:\/\/www.ifbaiano.edu.br\/unidades\/santaines\/wp-json\/wp\/v2\/posts"}],"about":[{"href":"https:\/\/www.ifbaiano.edu.br\/unidades\/santaines\/wp-json\/wp\/v2\/types\/post"}],"author":[{"embeddable":true,"href":"https:\/\/www.ifbaiano.edu.br\/unidades\/santaines\/wp-json\/wp\/v2\/users\/86"}],"replies":[{"embeddable":true,"href":"https:\/\/www.ifbaiano.edu.br\/unidades\/santaines\/wp-json\/wp\/v2\/comments?post=17444"}],"version-history":[{"count":8,"href":"https:\/\/www.ifbaiano.edu.br\/unidades\/santaines\/wp-json\/wp\/v2\/posts\/17444\/revisions"}],"predecessor-version":[{"id":17474,"href":"https:\/\/www.ifbaiano.edu.br\/unidades\/santaines\/wp-json\/wp\/v2\/posts\/17444\/revisions\/17474"}],"wp:featuredmedia":[{"embeddable":true,"href":"https:\/\/www.ifbaiano.edu.br\/unidades\/santaines\/wp-json\/wp\/v2\/media\/17461"}],"wp:attachment":[{"href":"https:\/\/www.ifbaiano.edu.br\/unidades\/santaines\/wp-json\/wp\/v2\/media?parent=17444"}],"wp:term":[{"taxonomy":"category","embeddable":true,"href":"https:\/\/www.ifbaiano.edu.br\/unidades\/santaines\/wp-json\/wp\/v2\/categories?post=17444"},{"taxonomy":"post_tag","embeddable":true,"href":"https:\/\/www.ifbaiano.edu.br\/unidades\/santaines\/wp-json\/wp\/v2\/tags?post=17444"}],"curies":[{"name":"wp","href":"https:\/\/api.w.org\/{rel}","templated":true}]}}