{"id":17497,"date":"2022-12-11T07:59:00","date_gmt":"2022-12-11T10:59:00","guid":{"rendered":"https:\/\/www.ifbaiano.edu.br\/unidades\/santaines\/?p=17497"},"modified":"2023-01-18T10:59:05","modified_gmt":"2023-01-18T13:59:05","slug":"prosel-2023-campus-santa-ines-oferta-210-vagas-em-cursos-tecnicos-na-forma-integrada-ao-ensino-medio","status":"publish","type":"post","link":"https:\/\/www.ifbaiano.edu.br\/unidades\/santaines\/prosel-2023-campus-santa-ines-oferta-210-vagas-em-cursos-tecnicos-na-forma-integrada-ao-ensino-medio\/","title":{"rendered":"Prosel 2023: Campus Santa In\u00eas oferta 210 vagas em cursos t\u00e9cnicos na forma Integrada ao Ensino M\u00e9dio"},"content":{"rendered":"\n<p>O&nbsp;<em>campus&nbsp;<\/em>do Instituto Federal Baiano (IF Baiano) em&nbsp;<strong>Santa In\u00eas <\/strong>est\u00e1 com sele\u00e7\u00e3o aberta para o preenchimento de&nbsp;<strong>210 vagas em cursos t\u00e9cnicos, na modalidade Integrada ao ensino m\u00e9dio<\/strong>. As inscri\u00e7\u00f5es s\u00e3o gratuitas e podem ser realizadas pela internet ou de forma presencial, no campus. O per\u00edodo de inscri\u00e7\u00e3o vai de&nbsp;<strong>25 de outubro at\u00e9 25 de novembro<\/strong>.<\/p>\n\n\n\n<p><strong>Excepcionalmente nos dias 27 e 28 de outubro as inscri\u00e7\u00f5es presenciais foram realizadas na Biblioteca Municipal da Cidade de Santa In\u00eas, das 8h30min \u00e0s 17h30min.<\/strong><\/p>\n\n\n\n<p>Os cursos ofertados s\u00e3o de T\u00e9cnico em Agropecu\u00e1ria (70 vagas), T\u00e9cnico em Alimentos (70) vagas e T\u00e9cnico em Zootecnia (70 vagas). Podem se inscrever na sele\u00e7\u00e3o pessoas que conclu\u00edram ou concluem, at\u00e9 a data da matr\u00edcula, o Ensino Fundamental II (9\u00ba ano).<\/p>\n\n\n\n<p>Os cursos de n\u00edvel m\u00e9dio e t\u00e9cnico do IF Baiano reservam 75% das vagas para cotas em diferentes categorias de a\u00e7\u00f5es afirmativas e 25% para ampla concorr\u00eancia.<\/p>\n\n\n\n<p>Para se inscrever no Processo Seletivo, os candidatos devem preencher o&nbsp;<a href=\"https:\/\/forms.gle\/6MYmawWQMuLLAa3F9\">formul\u00e1rio digital<\/a> e anexar os documentos listados no&nbsp;edital. O(a) candidato(a) dever\u00e1, obrigatoriamente, ter o Cadastro de Pessoa F\u00edsica&nbsp;(CPF) e, ainda, possuir conta de e-mail pr\u00f3pria, ativa, para efetiva\u00e7\u00e3o do seu cadastro  e como forma de contato, caso se fa\u00e7a necess\u00e1rio.<\/p>\n\n\n\n<p>Os(as) candidatos(as) que n\u00e3o t\u00eam acesso \u00e0&nbsp;INTERNET ou que, por outro motivo, assim optem, podem se dirigir a um dos pontos de apoio dispon\u00edvel para realiza\u00e7\u00e3o da inscri\u00e7\u00e3o e esclarecimento de d\u00favidas. <\/p>\n\n\n\n<p><strong>Cidades com respectivos pontos de apoio para inscri\u00e7\u00e3o presencial:<\/strong><\/p>\n\n\n\n<p><strong>Cravol\u00e2ndia &#8211; <\/strong>Col\u00e9gio Municipal de Cravol\u00e2ndia<\/p>\n\n\n\n<p><strong>Itru\u00e7u &#8211; <\/strong>Centro Educacional Adal\u00edcio Silva Novaes<\/p>\n\n\n\n<p><strong>Jaguaquara &#8211; <\/strong>Col\u00e9gio Luzia Silva<\/p>\n\n\n\n<p><strong>Jiquiri\u00e7\u00e1 &#8211; <\/strong>Prof\u00b0 Maria Juvenice Farias Maia<\/p>\n\n\n\n<p><strong>Laje &#8211; <\/strong>Escola Municipal Marilda Sampaio de Almeida<\/p>\n\n\n\n<p><strong>Marac\u00e1s &#8211; <\/strong>Col\u00e9gio Normal Municipal de Marac\u00e1s<\/p>\n\n\n\n<p><strong>Mutu\u00edpe &#8211; <\/strong>Col\u00e9gio Dr. Julival Rebou\u00e7as<\/p>\n\n\n\n<p><strong>Planaltino &#8211; <\/strong>Col\u00e9gio Municipal Isaura Souza da Silva<\/p>\n\n\n\n<p><strong>Santa In\u00eas<\/strong> &#8211; Campus do IF Baiano<\/p>\n\n\n\n<p><strong>Uba\u00edra <\/strong>&#8211; Escola Natur de Assis Filho<br><br>Para saber mais sobre o processo seletivo, os interessados devem ler, atentamente, o&nbsp;edital e acompanhar todas as atualiza\u00e7\u00f5es, adendos, normas complementares e avisos o\ufb01ciais relativos ao Edital publicadas no <a href=\"https:\/\/concurso.ifbaiano.edu.br\/portal\/ingresso-integrado-santa-ines-outubro-2022\/\">portal do IF Baiano<\/a> e nesta p\u00e1gina. <\/p>\n\n\n\n<p><strong>Sele\u00e7\u00e3o<\/strong><\/p>\n\n\n\n<p>A classifica\u00e7\u00e3o dos candidatos ser\u00e1 definida a partir da M\u00e9dia Final resultante das m\u00e9dias dos componentes curriculares L\u00edngua Portuguesa e Matem\u00e1tica do 6\u00ba ao 8\u00ba ano do Ensino Fundamental, atrav\u00e9s de an\u00e1lise do hist\u00f3rico escolar anexado \u00e0 documenta\u00e7\u00e3o no ato de inscri\u00e7\u00e3o. Caso n\u00e3o tenha sido aplicado nota ou conceito em um dos anos entre o 6\u00b0 e o 8\u00b0 ano, devido ao per\u00edodo da pandemia SARS-COVID, ser\u00e3o consideradas as notas ou conceitos dos anos que constam no hist\u00f3rico conforme previsto no <a href=\"https:\/\/concurso.ifbaiano.edu.br\/portal\/ingresso-integrado-santa-ines-outubro-2022\/wp-content\/uploads\/sites\/688\/2022\/11\/EDITAL-DE-RETIFICACAO-No-36_2022.pdf\">Edital de retifica\u00e7\u00e3o<\/a>.<\/p>\n\n\n\n<p>O resultado final ser\u00e1 divulgado no dia 19 de dezembro no portal do IF Baiano e nesta p\u00e1gina. <\/p>\n\n\n\n<p>A Comiss\u00e3o Local de Processo Seletivo (PROSEL) disponibiliza o endere\u00e7o de e-mail&nbsp;<a href=\"mailto:fic@xiquexique.ifbaiano.edu.br\"><\/a>prosel@si.ifbaiano.edu.br, para que os candidatos encaminhem suas d\u00favidas.<\/p>\n\n\n\n<h2 class=\"wp-block-heading\">Edital, documentos e etapas do Processo Seletivo 2023<\/h2>\n\n\n\n<ul><li><a href=\"https:\/\/concurso.ifbaiano.edu.br\/portal\/ingresso-integrado-santa-ines-outubro-2022\/wp-content\/uploads\/sites\/688\/2022\/11\/Edital-No-35_de-20-de-outubro-de-2022-1.pdf\">EDITAL N\u00ba 35\/2022<\/a><\/li><li><a href=\"https:\/\/www.ifbaiano.edu.br\/unidades\/santaines\/files\/2022\/11\/Edital-PROSEL-35_2022-ANEXO-I.pdf\">ANEXO I &#8211; TABELA 02_EQUIVAL\u00caNCIA DE CONCEITOS E NOTAS<\/a><\/li><li><a href=\"https:\/\/www.ifbaiano.edu.br\/unidades\/santaines\/files\/2022\/11\/Edital-PROSEL-35_2022-ANEXO-II.pdf\">ANEXO II &#8211; CONSOLIDA\u00c7\u00c3O DE RENDA FAMILIAR<\/a><\/li><li><a href=\"https:\/\/www.ifbaiano.edu.br\/unidades\/santaines\/files\/2022\/11\/Edital-PROSEL-35_2022-ANEXO-III.pdf\">ANEXO III &#8211; AUTODECLARA\u00c7\u00c3O \u00c9TNICO-RACIAL<\/a><\/li><li><a href=\"https:\/\/www.ifbaiano.edu.br\/unidades\/santaines\/files\/2022\/11\/Edital-PROSEL-35_2022-ANEXO-IV.pdf\">ANEXO IV &#8211; DECLARA\u00c7\u00c3O DE PESSOA COM DEFICI\u00caNCIA<\/a><\/li><li><a href=\"https:\/\/www.ifbaiano.edu.br\/unidades\/santaines\/files\/2022\/11\/Edital-PROSEL-35_2022-ANEXO-V.pdf\">ANEXO V &#8211; DECLARA\u00c7\u00c3O DE HIST\u00d3RICO ESCOLAR DO ENSINO FUNDAMENTAL II<\/a><\/li><li><a href=\"https:\/\/www.ifbaiano.edu.br\/unidades\/santaines\/files\/2022\/11\/Edital-PROSEL-35_2022-ANEXO-VI.pdf\">ANEXO VI &#8211; DECLARA\u00c7\u00c3O DE ESCOLA P\u00daBLICA<\/a><\/li><li><a href=\"https:\/\/www.ifbaiano.edu.br\/unidades\/santaines\/files\/2022\/11\/Edital-PROSEL-35_2022-ANEXO-VII.pdf\">ANEXO VII &#8211; AUTODECLARA\u00c7\u00c3O DE RENDA<\/a><\/li><li><a href=\"https:\/\/www.ifbaiano.edu.br\/unidades\/santaines\/files\/2022\/11\/Edital-PROSEL-35_2022-ANEXO-VIII.pdf\">ANEXO VIII &#8211; FORMUL\u00c1RIO PARA RECURSO<\/a><\/li><li><a href=\"https:\/\/concurso.ifbaiano.edu.br\/portal\/ingresso-integrado-santa-ines-outubro-2022\/wp-content\/uploads\/sites\/688\/2022\/11\/EDITAL-DE-RETIFICACAO-No-36_2022-1.pdf\">EDITAL DE RETIFICA\u00c7\u00c3O N\u00ba 36\/2022<\/a><\/li><li><a href=\"https:\/\/www.ifbaiano.edu.br\/unidades\/santaines\/files\/2022\/11\/Pontos-de-apoio-para-inscricao-presencial-PROSEL-2023.pdf\">PONTOS DE APOIO PARA INSCRI\u00c7\u00d5ES PRESENCIAIS<\/a><\/li><li><a rel=\"noreferrer noopener\" target=\"_blank\" href=\"https:\/\/concurso.ifbaiano.edu.br\/portal\/ingresso-integrado-santa-ines-outubro-2022\/wp-content\/uploads\/sites\/688\/2022\/11\/Resultado-Preliminar-Homologacao-das-Inscricoes.pdf\">RESULTADO PRELIMINAR &#8211; INSCRI\u00c7\u00d5ES HOMOLOGADAS<\/a><\/li><li><a rel=\"noreferrer noopener\" target=\"_blank\" href=\"https:\/\/concurso.ifbaiano.edu.br\/portal\/ingresso-integrado-santa-ines-outubro-2022\/wp-content\/uploads\/sites\/688\/2022\/12\/Resultado-Final-Inscricoes-Homologadas-CORRETA.pdf\">RESULTADO FINAL &#8211; INSCRI\u00c7\u00d5ES HOMOLOGADAS<\/a><\/li><li><a href=\"https:\/\/concurso.ifbaiano.edu.br\/portal\/ingresso-integrado-santa-ines-outubro-2022\/wp-content\/uploads\/sites\/688\/2022\/12\/Resultado-Final-Resultado-preliminar-Historico.pdf\">RESULTADO PRELIMINAR DA AN\u00c1LISE DO HIST\u00d3RICO ESCOLAR<\/a><\/li><li><a rel=\"noreferrer noopener\" target=\"_blank\" href=\"https:\/\/concurso.ifbaiano.edu.br\/portal\/ingresso-integrado-santa-ines-outubro-2022\/wp-content\/uploads\/sites\/688\/2022\/12\/Resultado-Final-Avaliacao-de-Historico.pdf\">RESULTADO FINAL &#8211; AVALIA\u00c7\u00c3O DE HIST\u00d3RICO<\/a><\/li><li><a rel=\"noreferrer noopener\" target=\"_blank\" href=\"https:\/\/concurso.ifbaiano.edu.br\/portal\/ingresso-integrado-santa-ines-outubro-2022\/wp-content\/uploads\/sites\/688\/2022\/12\/Convocacao-Banca-de-Verificacao-Local-data-e-hora.pdf\">CONVOCA\u00c7\u00c3O BANCA DE VERIFICA\u00c7\u00c3O &#8211; LOCAL, DATA E HORA<\/a><\/li><li><a rel=\"noreferrer noopener\" target=\"_blank\" href=\"https:\/\/concurso.ifbaiano.edu.br\/portal\/ingresso-integrado-santa-ines-outubro-2022\/wp-content\/uploads\/sites\/688\/2022\/12\/Curriculo-banca-de-avaliacao.pdf\">CURR\u00cdCULO DA BANCA DE AVALIA\u00c7\u00c3O<\/a><\/li><li><a rel=\"noreferrer noopener\" target=\"_blank\" href=\"https:\/\/concurso.ifbaiano.edu.br\/portal\/ingresso-integrado-santa-ines-outubro-2022\/wp-content\/uploads\/sites\/688\/2022\/12\/Resultado-Preliminara-Avaliacao-de-Autodeclaracao-etnicoracial.pdf\">RESULTADO PRELIMINAR &#8211; AVALIA\u00c7\u00c3O DE AUTODECLARA\u00c7\u00c3O \u00c9TNICO-RACIAL<\/a><\/li><li><a href=\"https:\/\/concurso.ifbaiano.edu.br\/portal\/ingresso-integrado-santa-ines-outubro-2022\/wp-content\/uploads\/sites\/688\/2022\/12\/Resultado-Final-PROSEL-2023.pdf\">RESULTADO FINAL<\/a><\/li><li><a rel=\"noreferrer noopener\" target=\"_blank\" href=\"https:\/\/concurso.ifbaiano.edu.br\/portal\/ingresso-integrado-santa-ines-outubro-2022\/wp-content\/uploads\/sites\/688\/2022\/12\/Edital-No-41-2022.pdf\">EDITAL DE MATR\u00cdCULA<\/a><\/li><li><a rel=\"noreferrer noopener\" target=\"_blank\" href=\"https:\/\/concurso.ifbaiano.edu.br\/portal\/ingresso-integrado-santa-ines-outubro-2022\/wp-content\/uploads\/sites\/688\/2022\/12\/Edital-42-2022.pdf\">EDITAL DE RETIFICA\u00c7\u00c3O<\/a><\/li><li><a rel=\"noreferrer noopener\" href=\"https:\/\/www.ifbaiano.edu.br\/unidades\/santaines\/files\/2023\/01\/Convocacao-2a-chamada-prosel-2023.pdf\" target=\"_blank\">RELA\u00c7\u00c3O DE CADIDATOS CONVOCADOS PARA 2\u00aa CHAMADA<\/a><\/li><li><a href=\"https:\/\/www.ifbaiano.edu.br\/unidades\/santaines\/files\/2023\/01\/Convocacao-Chamada-Publica-Prosel-2023.pdf\">CONVOCA\u00c7\u00c3O CHAMADA P\u00daBLICA \u2013 VAGAS REMANESCENTES<\/a><\/li><li><a href=\"https:\/\/www.ifbaiano.edu.br\/unidades\/santaines\/files\/2023\/01\/Relacao-de-vagas-para-Chamada-Publica-Prosel-2023.pdf\">RELA\u00c7\u00c3O DE VAGAS PRIORIT\u00c1RIAS &#8211; CHAMADA P\u00daBLICA<\/a><\/li><\/ul>\n\n\n\n<hr class=\"wp-block-separator\" \/>\n\n\n\n<p><\/p>\n\n\n\n<p><\/p>\n","protected":false},"excerpt":{"rendered":"<p>O per\u00edodo de inscri\u00e7\u00e3o vai de 25 de outubro at\u00e9 25 de novembro<\/p>\n","protected":false},"author":86,"featured_media":17541,"comment_status":"closed","ping_status":"closed","sticky":false,"template":"","format":"standard","meta":[],"categories":[4,13,5,8,57],"tags":[],"_links":{"self":[{"href":"https:\/\/www.ifbaiano.edu.br\/unidades\/santaines\/wp-json\/wp\/v2\/posts\/17497"}],"collection":[{"href":"https:\/\/www.ifbaiano.edu.br\/unidades\/santaines\/wp-json\/wp\/v2\/posts"}],"about":[{"href":"https:\/\/www.ifbaiano.edu.br\/unidades\/santaines\/wp-json\/wp\/v2\/types\/post"}],"author":[{"embeddable":true,"href":"https:\/\/www.ifbaiano.edu.br\/unidades\/santaines\/wp-json\/wp\/v2\/users\/86"}],"replies":[{"embeddable":true,"href":"https:\/\/www.ifbaiano.edu.br\/unidades\/santaines\/wp-json\/wp\/v2\/comments?post=17497"}],"version-history":[{"count":27,"href":"https:\/\/www.ifbaiano.edu.br\/unidades\/santaines\/wp-json\/wp\/v2\/posts\/17497\/revisions"}],"predecessor-version":[{"id":18074,"href":"https:\/\/www.ifbaiano.edu.br\/unidades\/santaines\/wp-json\/wp\/v2\/posts\/17497\/revisions\/18074"}],"wp:featuredmedia":[{"embeddable":true,"href":"https:\/\/www.ifbaiano.edu.br\/unidades\/santaines\/wp-json\/wp\/v2\/media\/17541"}],"wp:attachment":[{"href":"https:\/\/www.ifbaiano.edu.br\/unidades\/santaines\/wp-json\/wp\/v2\/media?parent=17497"}],"wp:term":[{"taxonomy":"category","embeddable":true,"href":"https:\/\/www.ifbaiano.edu.br\/unidades\/santaines\/wp-json\/wp\/v2\/categories?post=17497"},{"taxonomy":"post_tag","embeddable":true,"href":"https:\/\/www.ifbaiano.edu.br\/unidades\/santaines\/wp-json\/wp\/v2\/tags?post=17497"}],"curies":[{"name":"wp","href":"https:\/\/api.w.org\/{rel}","templated":true}]}}