{"id":17499,"date":"2022-10-13T17:17:00","date_gmt":"2022-10-13T20:17:00","guid":{"rendered":"https:\/\/www.ifbaiano.edu.br\/unidades\/santaines\/?p=17499"},"modified":"2022-10-13T17:17:01","modified_gmt":"2022-10-13T20:17:01","slug":"homologadas-as-inscricoes-para-o-programa-de-residencia-pedagogica-do-if-baiano-2022-2024","status":"publish","type":"post","link":"https:\/\/www.ifbaiano.edu.br\/unidades\/santaines\/homologadas-as-inscricoes-para-o-programa-de-residencia-pedagogica-do-if-baiano-2022-2024\/","title":{"rendered":"Homologadas as inscri\u00e7\u00f5es para o Programa de Resid\u00eancia Pedag\u00f3gica do IF Baiano 2022-2024"},"content":{"rendered":"\n<p>O IF Baiano publicou na \u00faltima ter\u00e7a-feira, 11, a homologa\u00e7\u00e3o das inscri\u00e7\u00f5es para professores(as) preceptores(as) do Programa Resid\u00eancia Pedag\u00f3gica\/IF Baiano 2022-2024 (<a href=\"https:\/\/concurso.ifbaiano.edu.br\/portal\/selecao-bolsista-preceptor-professor-residencia-pedagogica-setembro-2022\/wp-content\/uploads\/sites\/676\/2022\/09\/Edital_Preceptor_Residencia_Pedagogica.pdf\">Edital n\u00ba 171<\/a>), bem como, para discentes dos cursos de licenciatura para participa\u00e7\u00e3o como residente no Programa Resid\u00eancia Pedag\u00f3gica\/IF Baiano 2022-2024 (<a href=\"https:\/\/concurso.ifbaiano.edu.br\/portal\/selecao-discentes-licenciaturas-programa-residencia-pedagogica-setembro-2022\/wp-content\/uploads\/sites\/677\/2022\/09\/Edital_Residentes.pdf\">Edital n\u00ba 173<\/a>).<\/p>\n\n\n\n<p>A sele\u00e7\u00e3o de que trata o Edital n\u00ba 171, de 20 setembro de 2022 visa preencher 24 (vinte e quatro) vagas de bolsistas preceptores(as), destinadas a professor(a) da educa\u00e7\u00e3o b\u00e1sica da rede p\u00fablica de ensino (Municipal, Estadual e Federal) das escolas habilitadas na Plataforma CAPES de Educa\u00e7\u00e3o B\u00e1sica\/conveniadas, para os 4 (quatro) n\u00facleos do Programa de Resid\u00eancia Pedag\u00f3gica \u2013 PRP\/IF Baiano, no per\u00edodo de 18 (dezoito) meses, conforme quadro de vagas do edital.<\/p>\n\n\n\n<p>A rela\u00e7\u00e3o de inscri\u00e7\u00f5es homologadas e n\u00e3o homologadas para professores(as) preceptores(as) do Programa Resid\u00eancia Pedag\u00f3gica\/IF Baiano 2022-2024 pode ser acessada neste <a href=\"https:\/\/concurso.ifbaiano.edu.br\/portal\/selecao-bolsista-preceptor-professor-residencia-pedagogica-setembro-2022\/wp-content\/uploads\/sites\/676\/2022\/10\/SANTA-INES-Homologacao-Preceptor-Edital-171.pdf\">Link<\/a>.<\/p>\n\n\n\n<p>O Edital n\u00ba 173, de 20 de setembro de 2022 tem como objetivo Incentivar a forma\u00e7\u00e3o de docentes em n\u00edvel superior para a educa\u00e7\u00e3o b\u00e1sica, conduzindo o(a) licenciando(a) a exercitar de forma ativa a rela\u00e7\u00e3o entre teoria e pr\u00e1tica profissional docente, promovendo a adequa\u00e7\u00e3o dos curr\u00edculos e propostas pedag\u00f3gicas dos cursos de licenciaturas \u00e0s orienta\u00e7\u00f5es da Base Nacional Comum Curricular (BNCC), fortalecendo e ampliando a rela\u00e7\u00e3o entre as Institui\u00e7\u00f5es de Ensino Superior (IES) e as escolas p\u00fablicas de Educa\u00e7\u00e3o B\u00e1sica para a forma\u00e7\u00e3o inicial de professoras(es) da Educa\u00e7\u00e3o B\u00e1sica bem como o papel das redes de ensino na forma\u00e7\u00e3o de futuras(os) professoras(es).<\/p>\n\n\n\n<p>A rela\u00e7\u00e3o de inscri\u00e7\u00f5es homologadas para discentes dos cursos de licenciatura para participa\u00e7\u00e3o como residente no Programa Resid\u00eancia Pedag\u00f3gica\/IF Baiano 2022-2024 pode ser acessada neste <a href=\"https:\/\/concurso.ifbaiano.edu.br\/portal\/selecao-discentes-licenciaturas-programa-residencia-pedagogica-setembro-2022\/wp-content\/uploads\/sites\/677\/2022\/10\/SANTA-INES-Homologacao-DISCENTES-Edital-173.pdf\">Link<\/a>.<\/p>\n\n\n\n<hr class=\"wp-block-separator\" \/>\n\n\n\n<h2 class=\"wp-block-heading\">Veja mais informa\u00e7\u00f5es: <\/h2>\n\n\n\n<ul><li><a style=\"font-weight: bold\" href=\"https:\/\/www.ifbaiano.edu.br\/unidades\/santaines\/if-baiano-seleciona-bolsistas-para-o-pibid-e-residentes-e-preceptores-para-o-prp\/\"><strong>IF Baiano seleciona bolsistas para o PIBID e residentes e preceptores para o PRP<\/strong><\/a><\/li><\/ul>\n\n\n\n<ul><li><a href=\"https:\/\/www.ifbaiano.edu.br\/unidades\/santaines\/prorrogadas-ate-10-de-outubro-as-inscricoes-para-bolsas-pibid-e-prp\/\"><strong>Prorrogadas at\u00e9 10 de outubro as inscri\u00e7\u00f5es para bolsas PIBID e PRP<\/strong><\/a><\/li><\/ul>\n\n\n\n<p><\/p>\n\n\n\n<p><\/p>\n\n\n\n<p><\/p>\n\n\n\n<p><\/p>\n\n\n\n<p><\/p>\n","protected":false},"excerpt":{"rendered":"<p>O IF Baiano publicou na \u00faltima ter\u00e7a-feira, 11, a homologa\u00e7\u00e3o das inscri\u00e7\u00f5es para professores(as) preceptores(as) do Programa Resid\u00eancia Pedag\u00f3gica\/IF Baiano 2022-2024 (Edital n\u00ba 171), bem como, para discentes dos cursos de licenciatura para participa\u00e7\u00e3o como residente no Programa Resid\u00eancia Pedag\u00f3gica\/IF Baiano 2022-2024 (Edital n\u00ba 173). A sele\u00e7\u00e3o de que trata o Edital n\u00ba 171, de [&hellip;]<\/p>\n","protected":false},"author":86,"featured_media":0,"comment_status":"closed","ping_status":"closed","sticky":false,"template":"","format":"standard","meta":[],"categories":[4,5,8,57],"tags":[],"_links":{"self":[{"href":"https:\/\/www.ifbaiano.edu.br\/unidades\/santaines\/wp-json\/wp\/v2\/posts\/17499"}],"collection":[{"href":"https:\/\/www.ifbaiano.edu.br\/unidades\/santaines\/wp-json\/wp\/v2\/posts"}],"about":[{"href":"https:\/\/www.ifbaiano.edu.br\/unidades\/santaines\/wp-json\/wp\/v2\/types\/post"}],"author":[{"embeddable":true,"href":"https:\/\/www.ifbaiano.edu.br\/unidades\/santaines\/wp-json\/wp\/v2\/users\/86"}],"replies":[{"embeddable":true,"href":"https:\/\/www.ifbaiano.edu.br\/unidades\/santaines\/wp-json\/wp\/v2\/comments?post=17499"}],"version-history":[{"count":1,"href":"https:\/\/www.ifbaiano.edu.br\/unidades\/santaines\/wp-json\/wp\/v2\/posts\/17499\/revisions"}],"predecessor-version":[{"id":17500,"href":"https:\/\/www.ifbaiano.edu.br\/unidades\/santaines\/wp-json\/wp\/v2\/posts\/17499\/revisions\/17500"}],"wp:attachment":[{"href":"https:\/\/www.ifbaiano.edu.br\/unidades\/santaines\/wp-json\/wp\/v2\/media?parent=17499"}],"wp:term":[{"taxonomy":"category","embeddable":true,"href":"https:\/\/www.ifbaiano.edu.br\/unidades\/santaines\/wp-json\/wp\/v2\/categories?post=17499"},{"taxonomy":"post_tag","embeddable":true,"href":"https:\/\/www.ifbaiano.edu.br\/unidades\/santaines\/wp-json\/wp\/v2\/tags?post=17499"}],"curies":[{"name":"wp","href":"https:\/\/api.w.org\/{rel}","templated":true}]}}