{"id":17504,"date":"2022-10-14T15:57:44","date_gmt":"2022-10-14T18:57:44","guid":{"rendered":"https:\/\/www.ifbaiano.edu.br\/unidades\/santaines\/?p=17504"},"modified":"2022-10-14T15:58:33","modified_gmt":"2022-10-14T18:58:33","slug":"iv-encontro-do-grupo-de-questoes-agrarias-do-if-baiano-neqa-if-baiano-cnpq-acontece-no-campus-santa-ines","status":"publish","type":"post","link":"https:\/\/www.ifbaiano.edu.br\/unidades\/santaines\/iv-encontro-do-grupo-de-questoes-agrarias-do-if-baiano-neqa-if-baiano-cnpq-acontece-no-campus-santa-ines\/","title":{"rendered":"IV Encontro do Grupo de Quest\u00f5es Agr\u00e1rias do IF Baiano \u2013 NEQA-IF Baiano\/CNPq  acontece no Campus Santa In\u00eas"},"content":{"rendered":"\n<p>Acontece, no IF Baiano &#8211; Campus Santa In\u00eas, nos pr\u00f3ximos dias 20 e 21, o IV Encontro do Grupo de Quest\u00f5es Agr\u00e1rias do IF Baiano \u2013 NEQA-IF Baiano\/CNPq. Parte da programa\u00e7\u00e3o ocorre no campus, presencialmente, outras, virtualmente.<\/p>\n\n\n\n<p>O Grupo de Pesquisa em Quest\u00f5es Agr\u00e1rias do IF Baiano, conhecido como NEQA, est\u00e1 sob a coordena\u00e7\u00e3o da professora Aline Lima, do Campus Santa In\u00eas e NEQA desenvolve, no campus, atividades de ensino, pesquisa e extens\u00e3o desde o ano de 2011. Em 2018, o NEQA foi\u00a0<a href=\"http:\/\/dgp.cnpq.br\/dgp\/espelhogrupo\/361350\">cadastrado no CNPq<\/a>\u00a0e, desde ent\u00e3o, agrega professores, t\u00e9cnico-administrativos e estudantes de gradua\u00e7\u00e3o e especializa\u00e7\u00e3o tanto do Campus Santa In\u00eas, quanto dos\u00a0<em>campi<\/em>\u00a0de Bom Jesus da Lapa, Governador Mangabeira, Serrinha e Teixeira de Freitas, al\u00e9m de egressos e membros da comunidade externa.<\/p>\n\n\n\n<p>Para este Encontro est\u00e3o previstas apresenta\u00e7\u00f5es de resultados de projetos de extens\u00e3o contemplados pelo Edital PROEX n\u00ba 81\/2021 e projetos de pesquisa contemplados pelos Editais PROPES n\u00ba 02 e 08\/2021, al\u00e9m da exposi\u00e7\u00e3o do plano de trabalho do projeto aprovado pelo Edital PROPES 131\/2022; Oficina com\/para comunidade interna e externa dentre outras atividades.<\/p>\n\n\n\n<h2 class=\"wp-block-heading\">Abaixo segue, detalhada, a programa\u00e7\u00e3o para este IV Encontro:<\/h2>\n\n\n\n<ul><li>Oficina: Acostamentos vivos ou acostamentos invis\u00edveis? A reprodu\u00e7\u00e3o da vida na beira da pista no contexto do Bicenten\u00e1rio da Independ\u00eancia do Brasil<br>Data:\u00a020\/10\/2022<br>Hor\u00e1rio: Das 08h \u00e0s 10h30min<br>Local: Audit\u00f3rio IF Baiano &#8211; Campus Santa In\u00eas<br>Mediadora: Aila Cristina Costa de Jesus<\/li><\/ul>\n\n\n\n<ul><li>Apresenta\u00e7\u00e3o resultados projeto extens\u00e3o Clube de leitura do NEQA-IF Baiano: di\u00e1logos sobre Quest\u00e3o Agr\u00e1ria na obra Torto Arado \u2013 Edital Extens\u00e3o n\u00ba 81\/2021\/PROEX\/CPPEX\/IFBAIANO \u2013 PIBIX Modalidade Superior<br>Data:\u00a020\/10\/2022<br>Hor\u00e1rio: Das 11h \u00e0s 12h<br>Local: Audit\u00f3rio IF Baiano Campus Santa In\u00eas<br>Expositora: Jucileda Moreira Leandro<\/li><\/ul>\n\n\n\n<ul><li>Defesa TCC &#8211; Assentamento S\u00e3o Paulo em Santa In\u00eas-BA: enfrentamentos e resist\u00eancias dos camponeses assentados<br>Data:\u00a020\/10\/2022<br>Hor\u00e1rio: Das 13h30min \u00e0s 15h30min<br>Local: Laborat\u00f3rio de Geografia Humana\/Pavilh\u00e3o dos Cursos Superiores no IF Baiano Campus Santa In\u00eas<br>Licencianda: Valdiane Souza de Argolo<br>Banca Examinadora: Aline dos Santos Lima (Orientadora); Aila Cristina Costa de Jesus, Educadora Popular e Mestranda Geografia UFBA; Paula Adelaide Mattos Santos Moreira, GeografAR\/UFBA e INCRA<\/li><\/ul>\n\n\n\n<ul><li>Apresenta\u00e7\u00e3o processo pesquisa P\u00f3s-Gradua\u00e7\u00e3o Lato Sensu em Desenvolvimento Regional e Meio Ambiente: O uso de agrot\u00f3xicos no Vale do Jiquiri\u00e7\u00e1<br>Data:\u00a020\/10\/2022<br>Hor\u00e1rio: Das 16h \u00e0s 18h<br>Local: Laborat\u00f3rio de Geografia Humana\/Pavilh\u00e3o dos Cursos Superiores no IF Baiano Campus Santa In\u00eas<br>Expositora: Reinalda de Jesus Pedra<\/li><\/ul>\n\n\n\n<ul><li>Apresenta\u00e7\u00e3o resultados projeto pesquisa Geografia do voto: elei\u00e7\u00f5es 2020 e a produ\u00e7\u00e3o do espa\u00e7o agr\u00e1rio no Territ\u00f3rio de Identidade Vale do Jiquiri\u00e7\u00e1-Bahia \u2013 Edital PIBIC\/IF Baiano n.\u00ba 49\/2021\/Chamada Interna PROPES n\u00ba 02\/2021.<br>Data:\u00a021\/10\/2022<br>Hor\u00e1rio: 08:00-09:00<br>Local: <a href=\"https:\/\/meet.google.com\/hdo-bbzx-ifg\">Sala Google Meet<\/a>\u00a0<br>Expositora: Tainara Silva Castro<\/li><\/ul>\n\n\n\n<ul><li>Apresenta\u00e7\u00e3o resultados projeto pesquisa Geografando os parlamentares federais baianos: legislatura 2019-2022 e a produ\u00e7\u00e3o do espa\u00e7o agr\u00e1rio \u2013 Edital PIBIC\/IF Baiano n.\u00ba 105\/2021-Chamada Interna PROPES n\u00ba 08\/2021<br>Data:\u00a021\/10\/2022<br>Hor\u00e1rio: Das 9h \u00e0s 10h<br>Local: <a href=\"https:\/\/meet.google.com\/hdo-bbzx-ifg\">Sala Google Meet<\/a>\u00a0<br>Expositora: Thaissa Soares Oliveira<\/li><\/ul>\n\n\n\n<ul><li>Apresenta\u00e7\u00e3o projeto pesquisa Geografia do voto: observat\u00f3rio da produ\u00e7\u00e3o do espa\u00e7o agr\u00e1rio pelo Congresso Nacional \u2013 sess\u00e3o legislativa 2023 \u2013 Edital PIBIC-\/IF Baiano n.\u00ba 131\/2022 \u2013 Concess\u00e3o de Bolsas de Inicia\u00e7\u00e3o Cient\u00edfica<br>Data:\u00a021\/10\/2022<br>Hor\u00e1rio: Das 10h30min \u00e0s 11h30min<br>Local: <a href=\"https:\/\/meet.google.com\/hdo-bbzx-ifg\">Sala Google Meet<\/a><br>Expositora: Thaissa Soares Oliveira<\/li><\/ul>\n\n\n\n<p>D\u00favidas devem ser encaminhadas para o e-mail\u00a0<a href=\"mailto:aline.lima@ifbaiano.edu.br\">aline.lima@ifbaiano.edu.br<\/a><\/p>\n\n\n\n<hr class=\"wp-block-separator\" \/>\n","protected":false},"excerpt":{"rendered":"<p>Acontece, no IF Baiano &#8211; Campus Santa In\u00eas, nos pr\u00f3ximos dias 20 e 21, o IV Encontro do Grupo de Quest\u00f5es Agr\u00e1rias do IF Baiano \u2013 NEQA-IF Baiano\/CNPq. Parte da programa\u00e7\u00e3o ocorre no campus, presencialmente, outras, virtualmente. O Grupo de Pesquisa em Quest\u00f5es Agr\u00e1rias do IF Baiano, conhecido como NEQA, est\u00e1 sob a coordena\u00e7\u00e3o da [&hellip;]<\/p>\n","protected":false},"author":86,"featured_media":17505,"comment_status":"closed","ping_status":"closed","sticky":false,"template":"","format":"standard","meta":[],"categories":[4,5,57],"tags":[],"_links":{"self":[{"href":"https:\/\/www.ifbaiano.edu.br\/unidades\/santaines\/wp-json\/wp\/v2\/posts\/17504"}],"collection":[{"href":"https:\/\/www.ifbaiano.edu.br\/unidades\/santaines\/wp-json\/wp\/v2\/posts"}],"about":[{"href":"https:\/\/www.ifbaiano.edu.br\/unidades\/santaines\/wp-json\/wp\/v2\/types\/post"}],"author":[{"embeddable":true,"href":"https:\/\/www.ifbaiano.edu.br\/unidades\/santaines\/wp-json\/wp\/v2\/users\/86"}],"replies":[{"embeddable":true,"href":"https:\/\/www.ifbaiano.edu.br\/unidades\/santaines\/wp-json\/wp\/v2\/comments?post=17504"}],"version-history":[{"count":2,"href":"https:\/\/www.ifbaiano.edu.br\/unidades\/santaines\/wp-json\/wp\/v2\/posts\/17504\/revisions"}],"predecessor-version":[{"id":17507,"href":"https:\/\/www.ifbaiano.edu.br\/unidades\/santaines\/wp-json\/wp\/v2\/posts\/17504\/revisions\/17507"}],"wp:featuredmedia":[{"embeddable":true,"href":"https:\/\/www.ifbaiano.edu.br\/unidades\/santaines\/wp-json\/wp\/v2\/media\/17505"}],"wp:attachment":[{"href":"https:\/\/www.ifbaiano.edu.br\/unidades\/santaines\/wp-json\/wp\/v2\/media?parent=17504"}],"wp:term":[{"taxonomy":"category","embeddable":true,"href":"https:\/\/www.ifbaiano.edu.br\/unidades\/santaines\/wp-json\/wp\/v2\/categories?post=17504"},{"taxonomy":"post_tag","embeddable":true,"href":"https:\/\/www.ifbaiano.edu.br\/unidades\/santaines\/wp-json\/wp\/v2\/tags?post=17504"}],"curies":[{"name":"wp","href":"https:\/\/api.w.org\/{rel}","templated":true}]}}