{"id":17587,"date":"2022-11-03T13:34:29","date_gmt":"2022-11-03T16:34:29","guid":{"rendered":"https:\/\/www.ifbaiano.edu.br\/unidades\/santaines\/?p=17587"},"modified":"2022-11-03T17:13:04","modified_gmt":"2022-11-03T20:13:04","slug":"curso-sobre-edicao-grafica-produz-jornal-que-revisita-antigos-veiculos-impressos-fora-de-circulacao-em-santa-ines","status":"publish","type":"post","link":"https:\/\/www.ifbaiano.edu.br\/unidades\/santaines\/curso-sobre-edicao-grafica-produz-jornal-que-revisita-antigos-veiculos-impressos-fora-de-circulacao-em-santa-ines\/","title":{"rendered":"Curso sobre Edi\u00e7\u00e3o Gr\u00e1fica produz jornal que revisita antigos ve\u00edculos impressos fora de circula\u00e7\u00e3o sobre Santa In\u00eas"},"content":{"rendered":"\n<p>O Curso de Forma\u00e7\u00e3o Inicial e Continuada (FIC) de \u201cEditor de Projeto Visual Gr\u00e1fico\u201d, ofertado pelo IF Baiano \u2013 Campus Santa In\u00eas, no per\u00edodo de 25 de abril a 24 de outubro de 2022, concluiu suas atividades, distribuindo 120 exemplares de jornais impressos para moradores do munic\u00edpio de Santa In\u00eas.<\/p>\n\n\n\n<p>O jornal foi idealizado pela professora Cl\u00e1udia Bocchese de Lima do IF Baiano \u2013 Campus Santa In\u00eas e confeccionado pelos estudantes do curso. No curso de 60 horas de dura\u00e7\u00e3o, os alunos estudaram a cria\u00e7\u00e3o, o desenvolvimento e a edi\u00e7\u00e3o de projetos visuais gr\u00e1ficos, como cards, cartazes, jornais, entre outros.<\/p>\n\n\n\n<figure class=\"wp-block-image size-full\"><a href=\"https:\/\/www.ifbaiano.edu.br\/unidades\/santaines\/files\/2022\/11\/1244223c-8e18-427f-8c34-bdc291b38128.jpg\"><img decoding=\"async\" loading=\"lazy\" width=\"1600\" height=\"1200\" src=\"https:\/\/www.ifbaiano.edu.br\/unidades\/santaines\/files\/2022\/11\/1244223c-8e18-427f-8c34-bdc291b38128.jpg\" alt=\"\" class=\"wp-image-17588\" \/><\/a><\/figure>\n\n\n\n<p>Segundo levantamento feito pela professora Cl\u00e1udia, existiam, no passado, no munic\u00edpio de Santa In\u00eas, dois jornais impressos: o \u201cCorreio de Santa Ignez\u201d e \u201cO Ideal\u201d.<\/p>\n\n\n\n<p>Durante as explana\u00e7\u00f5es da professora e as discuss\u00f5es em aula, surgiu a ideia de editar, imprimir e divulgar, entre os moradores da cidade, um jornal, que retomasse fatos sobre o munic\u00edpio de Santa In\u00eas, mencionados em jornais antigos. No 98\u00b0 anivers\u00e1rio da emancipa\u00e7\u00e3o pol\u00edtica da cidade, dia 26 de outubro, os estudantes do curso FIC distribu\u00edram os exemplares em homenagem \u00e0 data.<\/p>\n\n\n\n<p>De acordo com a professora Cl\u00e1udia, n\u00e3o h\u00e1 jornais impressos em circula\u00e7\u00e3o na cidade. \u201cComo esse formato de m\u00eddia foi trabalhado no curso, com os estudantes, propus que eles realizassem a sele\u00e7\u00e3o das not\u00edcias, depois fizemos a diagrama\u00e7\u00e3o e impress\u00e3o do jornal\u201d, explica a professora.<\/p>\n\n\n\n<p>O jornal em arquivo PDF pode ser visualizado <a href=\"https:\/\/www.ifbaiano.edu.br\/unidades\/santaines\/files\/2022\/11\/JORNAL_CORREIO-DE-SANTA-IGNEZ.pdf\">neste link<\/a>.<\/p>\n","protected":false},"excerpt":{"rendered":"<p>O Curso de Forma\u00e7\u00e3o Inicial e Continuada (FIC) de \u201cEditor de Projeto Visual Gr\u00e1fico\u201d, ofertado pelo IF Baiano \u2013 Campus Santa In\u00eas, no per\u00edodo de 25 de abril a 24 de outubro de 2022, concluiu suas atividades, distribuindo 120 exemplares de jornais impressos para moradores do munic\u00edpio de Santa In\u00eas. O jornal foi idealizado pela [&hellip;]<\/p>\n","protected":false},"author":86,"featured_media":17588,"comment_status":"closed","ping_status":"closed","sticky":false,"template":"","format":"standard","meta":[],"categories":[4,5,57],"tags":[],"_links":{"self":[{"href":"https:\/\/www.ifbaiano.edu.br\/unidades\/santaines\/wp-json\/wp\/v2\/posts\/17587"}],"collection":[{"href":"https:\/\/www.ifbaiano.edu.br\/unidades\/santaines\/wp-json\/wp\/v2\/posts"}],"about":[{"href":"https:\/\/www.ifbaiano.edu.br\/unidades\/santaines\/wp-json\/wp\/v2\/types\/post"}],"author":[{"embeddable":true,"href":"https:\/\/www.ifbaiano.edu.br\/unidades\/santaines\/wp-json\/wp\/v2\/users\/86"}],"replies":[{"embeddable":true,"href":"https:\/\/www.ifbaiano.edu.br\/unidades\/santaines\/wp-json\/wp\/v2\/comments?post=17587"}],"version-history":[{"count":5,"href":"https:\/\/www.ifbaiano.edu.br\/unidades\/santaines\/wp-json\/wp\/v2\/posts\/17587\/revisions"}],"predecessor-version":[{"id":17600,"href":"https:\/\/www.ifbaiano.edu.br\/unidades\/santaines\/wp-json\/wp\/v2\/posts\/17587\/revisions\/17600"}],"wp:featuredmedia":[{"embeddable":true,"href":"https:\/\/www.ifbaiano.edu.br\/unidades\/santaines\/wp-json\/wp\/v2\/media\/17588"}],"wp:attachment":[{"href":"https:\/\/www.ifbaiano.edu.br\/unidades\/santaines\/wp-json\/wp\/v2\/media?parent=17587"}],"wp:term":[{"taxonomy":"category","embeddable":true,"href":"https:\/\/www.ifbaiano.edu.br\/unidades\/santaines\/wp-json\/wp\/v2\/categories?post=17587"},{"taxonomy":"post_tag","embeddable":true,"href":"https:\/\/www.ifbaiano.edu.br\/unidades\/santaines\/wp-json\/wp\/v2\/tags?post=17587"}],"curies":[{"name":"wp","href":"https:\/\/api.w.org\/{rel}","templated":true}]}}