{"id":17630,"date":"2022-11-22T09:56:00","date_gmt":"2022-11-22T12:56:00","guid":{"rendered":"https:\/\/www.ifbaiano.edu.br\/unidades\/santaines\/?p=17630"},"modified":"2022-11-22T09:59:06","modified_gmt":"2022-11-22T12:59:06","slug":"iii-semana-de-biologia-acontece-no-if-baiano-campus-santa-ines","status":"publish","type":"post","link":"https:\/\/www.ifbaiano.edu.br\/unidades\/santaines\/iii-semana-de-biologia-acontece-no-if-baiano-campus-santa-ines\/","title":{"rendered":"III Semana de Biologia acontece no IF Baiano &#8211; Campus Santa In\u00eas"},"content":{"rendered":"\n<p>Est\u00e3o abertas at\u00e9 29 de novembro as inscri\u00e7\u00f5es para a  III Semana de Biologia do IF Baiano &#8211; Campus Santa In\u00eas . O prazo para submiss\u00e3o de trabalhos iniciou dia 9 e encerra no dia 20 de novembro. O evento acontecer\u00e1 no per\u00edodo de 29 de novembro&nbsp;a&nbsp;02 de dezembro de 2022 no  Audit\u00f3rio da Biblioteca do IF Baiano &#8211; Campus Santa In\u00eas.<\/p>\n\n\n\n<p>&#8220;Di\u00e1logo Intercultural: entre viv\u00eancia e ci\u00eancia&#8221; \u00e9 o tema da Semana de Biologia deste ano. As inscri\u00e7\u00f5es s\u00e3o gratuitas e podem ser realizadas atrav\u00e9s do site do evento (<a href=\"https:\/\/docs.google.com\/forms\/d\/e\/1FAIpQLSeEdZE2aeB9mMrHsPHw_t3q722bnyMY37m-UTrK0nADOCtahg\/viewform\">clique aqui<\/a>).<\/p>\n\n\n\n<p>A III Semana de Biologia do IF Baiano &#8211; Campus Santa In\u00eas tem como objetivo promover o di\u00e1logo Intercultural das produ\u00e7\u00f5es resultantes de pesquisa, ensino e extens\u00e3o do Campus Santa In\u00eas, bem como de todo Territ\u00f3rio do Vale do Jiquiri\u00e7\u00e1. Na programa\u00e7\u00e3o est\u00e3o previstas palestras, apresenta\u00e7\u00e3o de trabalhos, minicursos e oficinas, todas realizadas em formato presencial. Participantes inscritos receber\u00e3o certificado.<\/p>\n\n\n\n<p>D\u00favidas e\/ou informa\u00e7\u00f5es podem ser encaminhadas para o e-mail: sembioif03@gmail.com<\/p>\n\n\n\n<p><strong>Acompanhe o&nbsp;<a href=\"https:\/\/linktr.ee\/sembioifsi03\">site do evento<\/a>&nbsp;para acessar atualiza\u00e7\u00f5es na programa\u00e7\u00e3o.<\/strong><\/p>\n\n\n\n<hr class=\"wp-block-separator\" \/>\n\n\n\n<p><\/p>\n","protected":false},"excerpt":{"rendered":"<p>Est\u00e3o abertas at\u00e9 29 de novembro as inscri\u00e7\u00f5es para a III Semana de Biologia do IF Baiano &#8211; Campus Santa In\u00eas . O prazo para submiss\u00e3o de trabalhos iniciou dia 9 e encerra no dia 20 de novembro. O evento acontecer\u00e1 no per\u00edodo de 29 de novembro&nbsp;a&nbsp;02 de dezembro de 2022 no Audit\u00f3rio da Biblioteca [&hellip;]<\/p>\n","protected":false},"author":86,"featured_media":17655,"comment_status":"closed","ping_status":"closed","sticky":false,"template":"","format":"standard","meta":[],"categories":[4,5,37,57],"tags":[],"_links":{"self":[{"href":"https:\/\/www.ifbaiano.edu.br\/unidades\/santaines\/wp-json\/wp\/v2\/posts\/17630"}],"collection":[{"href":"https:\/\/www.ifbaiano.edu.br\/unidades\/santaines\/wp-json\/wp\/v2\/posts"}],"about":[{"href":"https:\/\/www.ifbaiano.edu.br\/unidades\/santaines\/wp-json\/wp\/v2\/types\/post"}],"author":[{"embeddable":true,"href":"https:\/\/www.ifbaiano.edu.br\/unidades\/santaines\/wp-json\/wp\/v2\/users\/86"}],"replies":[{"embeddable":true,"href":"https:\/\/www.ifbaiano.edu.br\/unidades\/santaines\/wp-json\/wp\/v2\/comments?post=17630"}],"version-history":[{"count":1,"href":"https:\/\/www.ifbaiano.edu.br\/unidades\/santaines\/wp-json\/wp\/v2\/posts\/17630\/revisions"}],"predecessor-version":[{"id":17656,"href":"https:\/\/www.ifbaiano.edu.br\/unidades\/santaines\/wp-json\/wp\/v2\/posts\/17630\/revisions\/17656"}],"wp:featuredmedia":[{"embeddable":true,"href":"https:\/\/www.ifbaiano.edu.br\/unidades\/santaines\/wp-json\/wp\/v2\/media\/17655"}],"wp:attachment":[{"href":"https:\/\/www.ifbaiano.edu.br\/unidades\/santaines\/wp-json\/wp\/v2\/media?parent=17630"}],"wp:term":[{"taxonomy":"category","embeddable":true,"href":"https:\/\/www.ifbaiano.edu.br\/unidades\/santaines\/wp-json\/wp\/v2\/categories?post=17630"},{"taxonomy":"post_tag","embeddable":true,"href":"https:\/\/www.ifbaiano.edu.br\/unidades\/santaines\/wp-json\/wp\/v2\/tags?post=17630"}],"curies":[{"name":"wp","href":"https:\/\/api.w.org\/{rel}","templated":true}]}}