{"id":17635,"date":"2022-11-11T08:00:29","date_gmt":"2022-11-11T11:00:29","guid":{"rendered":"https:\/\/www.ifbaiano.edu.br\/unidades\/santaines\/?p=17635"},"modified":"2022-11-11T08:00:30","modified_gmt":"2022-11-11T11:00:30","slug":"if-baiano-encaminha-resposta-ao-tcu-sobre-ponto-eletronico","status":"publish","type":"post","link":"https:\/\/www.ifbaiano.edu.br\/unidades\/santaines\/if-baiano-encaminha-resposta-ao-tcu-sobre-ponto-eletronico\/","title":{"rendered":"IF Baiano encaminha resposta ao TCU sobre Ponto Eletr\u00f4nico"},"content":{"rendered":"\n<p>O Reitor do IF Baiano informa que encaminhou, ao Tribunal de Contas da Uni\u00e3o (TCU), por meio do&nbsp;<a href=\"https:\/\/ifbaiano.edu.br\/portal\/wp-content\/uploads\/2022\/11\/OFICIO-371.pdf\">Of\u00edcio 371\/2022<\/a>, resposta ao of\u00edcio&nbsp;<a rel=\"noreferrer noopener\" href=\"https:\/\/ifbaiano.edu.br\/portal\/wp-content\/uploads\/2022\/10\/OFICIO-519392022-TCUSeproc.pdf\" target=\"_blank\">Of\u00edcio 519393\/2022-TCU\/Seproc<\/a>, recebido no dia 29 de setembro de 2022. O documento enviado pelo TCU solicitava informa\u00e7\u00f5es e documenta\u00e7\u00f5es relacionadas \u00e0 Implanta\u00e7\u00e3o do Ponto Eletr\u00f4nico, bem como sobre a forma&nbsp; de controle de frequ\u00eancia da carga hor\u00e1ria para os docentes de dedica\u00e7\u00e3o exclusiva.<\/p>\n\n\n\n<p>Na ocasi\u00e3o, foi assumido o compromisso de compartilhar com a comunidade do IF Baiano todos os detalhes desta tratativas, sempre primando pela transpar\u00eancia. Cumprindo este compromisso, de manter a comunidade atualizada de todas as quest\u00f5es e tratativas relacionadas a esse processo, segue link com a c\u00f3pia da resposta enviado ao TCU.<\/p>\n\n\n\n<p><a rel=\"noreferrer noopener\" href=\"https:\/\/ifbaiano.edu.br\/portal\/wp-content\/uploads\/2022\/11\/OFICIO-371.pdf\" target=\"_blank\">Resposta ao Of\u00edcio 51939\/2022-TCU\/Seproc \u2013 Processo TC 010.292\/2022-5<\/a><\/p>\n\n\n\n<p>Ressaltamos que todos os documentos, que n\u00e3o tenham informa\u00e7\u00f5es sens\u00edveis, seguir\u00e3o sendo amplamente divulgados.<\/p>\n\n\n\n<p><strong>Documentos<\/strong><\/p>\n\n\n\n<p><a href=\"https:\/\/ifbaiano.edu.br\/portal\/wp-content\/uploads\/2022\/11\/OFICIO-371.pdf\">OFICIO 371\/2022 \u2013 RET-GAB\/RET\/IFBAIANO<\/a><\/p>\n\n\n\n<p><a rel=\"noreferrer noopener\" href=\"https:\/\/ifbaiano.edu.br\/portal\/wp-content\/uploads\/2022\/10\/OFICIO-519392022-TCUSeproc.pdf\" target=\"_blank\">Of\u00edcio 519393\/2022-TCU\/Seproc<\/a><\/p>\n\n\n\n<hr class=\"wp-block-separator\" \/>\n\n\n\n<p>Mat\u00e9ria ASCOM dispon\u00edvel em: https:\/\/ifbaiano.edu.br\/portal\/blog\/if-baiano-encaminha-resposta-ao-tcu-sobre-ponto-eletronico\/<\/p>\n","protected":false},"excerpt":{"rendered":"<p>Tribunal de Contas da Uni\u00e3o questiona a institui\u00e7\u00e3o sobre implanta\u00e7\u00e3o de ponto eletr\u00f4nico<\/p>\n","protected":false},"author":86,"featured_media":0,"comment_status":"closed","ping_status":"closed","sticky":false,"template":"","format":"standard","meta":[],"categories":[4,10,57],"tags":[],"_links":{"self":[{"href":"https:\/\/www.ifbaiano.edu.br\/unidades\/santaines\/wp-json\/wp\/v2\/posts\/17635"}],"collection":[{"href":"https:\/\/www.ifbaiano.edu.br\/unidades\/santaines\/wp-json\/wp\/v2\/posts"}],"about":[{"href":"https:\/\/www.ifbaiano.edu.br\/unidades\/santaines\/wp-json\/wp\/v2\/types\/post"}],"author":[{"embeddable":true,"href":"https:\/\/www.ifbaiano.edu.br\/unidades\/santaines\/wp-json\/wp\/v2\/users\/86"}],"replies":[{"embeddable":true,"href":"https:\/\/www.ifbaiano.edu.br\/unidades\/santaines\/wp-json\/wp\/v2\/comments?post=17635"}],"version-history":[{"count":1,"href":"https:\/\/www.ifbaiano.edu.br\/unidades\/santaines\/wp-json\/wp\/v2\/posts\/17635\/revisions"}],"predecessor-version":[{"id":17636,"href":"https:\/\/www.ifbaiano.edu.br\/unidades\/santaines\/wp-json\/wp\/v2\/posts\/17635\/revisions\/17636"}],"wp:attachment":[{"href":"https:\/\/www.ifbaiano.edu.br\/unidades\/santaines\/wp-json\/wp\/v2\/media?parent=17635"}],"wp:term":[{"taxonomy":"category","embeddable":true,"href":"https:\/\/www.ifbaiano.edu.br\/unidades\/santaines\/wp-json\/wp\/v2\/categories?post=17635"},{"taxonomy":"post_tag","embeddable":true,"href":"https:\/\/www.ifbaiano.edu.br\/unidades\/santaines\/wp-json\/wp\/v2\/tags?post=17635"}],"curies":[{"name":"wp","href":"https:\/\/api.w.org\/{rel}","templated":true}]}}