{"id":17637,"date":"2022-11-11T10:54:08","date_gmt":"2022-11-11T13:54:08","guid":{"rendered":"https:\/\/www.ifbaiano.edu.br\/unidades\/santaines\/?p=17637"},"modified":"2022-11-11T10:55:37","modified_gmt":"2022-11-11T13:55:37","slug":"campus-santa-ines-faz-homenagem-para-delegacao-interna-que-participou-do-jeif-2022","status":"publish","type":"post","link":"https:\/\/www.ifbaiano.edu.br\/unidades\/santaines\/campus-santa-ines-faz-homenagem-para-delegacao-interna-que-participou-do-jeif-2022\/","title":{"rendered":"Campus Santa In\u00eas faz homenagem para delega\u00e7\u00e3o interna que participou do  JEIF 2022"},"content":{"rendered":"\n<p>Na tarde da \u00faltima quarta-feira (09), a gest\u00e3o do IF Baiano &#8211; Campus Santa In\u00eas fez uma homenagem  \u00e0 delega\u00e7\u00e3o composta pelos\u00a0estudantes e servidores(as)  que participaram dos Jogos Estudantis do IF Baiano, edi\u00e7\u00e3o 2022 (JEIF 2022), realizados no Campus Senhor do Bonfim no per\u00edodo de 24 a 29 de Setembro de 2022.<\/p>\n\n\n\n<div class=\"wp-block-media-text alignwide is-stacked-on-mobile\"><figure class=\"wp-block-media-text__media\"><img decoding=\"async\" loading=\"lazy\" width=\"1600\" height=\"900\" src=\"https:\/\/www.ifbaiano.edu.br\/unidades\/santaines\/files\/2022\/11\/6.jpg\" alt=\"\" class=\"wp-image-17650 size-full\" \/><\/figure><div class=\"wp-block-media-text__content\">\n<p>Estavam presentes os discentes homenageados; a Diretora Geral, Genilda Lima; a diretora Administrativa, Daniele Silva e os membros da comiss\u00e3o t\u00e9cnica que foram para os jogos: o professor Nilton Santana; o Diretor Acad\u00eamico, Guilherme Nascimento, o Coordenador de Assuntos Estudantis, \u00c2ngelo Francisco e o T\u00e9cnico em \u00c1udio Visual, Noel Costa.<\/p>\n<\/div><\/div>\n\n\n\n<p><\/p>\n\n\n\n<p>Ap\u00f3s a abertura, Genilda iniciou a homenagem lendo a carta de agradecimento feita pelo Reitor A\u00e9cio \u00e0 todos que contribu\u00edram para a realiza\u00e7\u00e3o do jogos e fez seu discurso, iniciando com os agradecimentos a toda sua equipe gestora e a cada servidor que contribuiu para que fosse poss\u00edvel a participa\u00e7\u00e3o do Campus nos jogos; destacou a participa\u00e7\u00e3o do Gr\u00eamio Estudantil e, por fim, fez o agradecimento especial aos estudantes atletas, que abrilhantaram n\u00e3o apenas com o clima esportivo, mas mostram que, com o empenho, comprometimento e motiva\u00e7\u00e3o pode-se superar qualquer desafio.<\/p>\n\n\n\n<figure class=\"wp-block-gallery columns-3 is-cropped wp-block-gallery-1 is-layout-flex\"><ul class=\"blocks-gallery-grid\"><li class=\"blocks-gallery-item\"><figure><a href=\"https:\/\/www.ifbaiano.edu.br\/unidades\/santaines\/files\/2022\/11\/1.jpg\"><img decoding=\"async\" loading=\"lazy\" width=\"1600\" height=\"901\" src=\"https:\/\/www.ifbaiano.edu.br\/unidades\/santaines\/files\/2022\/11\/1.jpg\" alt=\"\" data-id=\"17639\" data-link=\"https:\/\/www.ifbaiano.edu.br\/unidades\/santaines\/?attachment_id=17639\" class=\"wp-image-17639\" \/><\/a><\/figure><\/li><li class=\"blocks-gallery-item\"><figure><a href=\"https:\/\/www.ifbaiano.edu.br\/unidades\/santaines\/files\/2022\/11\/11.jpg\"><img decoding=\"async\" loading=\"lazy\" width=\"1600\" height=\"901\" src=\"https:\/\/www.ifbaiano.edu.br\/unidades\/santaines\/files\/2022\/11\/11.jpg\" alt=\"\" data-id=\"17646\" data-link=\"https:\/\/www.ifbaiano.edu.br\/unidades\/santaines\/?attachment_id=17646\" class=\"wp-image-17646\" \/><\/a><\/figure><\/li><li class=\"blocks-gallery-item\"><figure><a href=\"https:\/\/www.ifbaiano.edu.br\/unidades\/santaines\/files\/2022\/11\/4bd02c20-5915-4229-a87f-be7863732c77.jpg\"><img decoding=\"async\" loading=\"lazy\" width=\"1600\" height=\"901\" src=\"https:\/\/www.ifbaiano.edu.br\/unidades\/santaines\/files\/2022\/11\/4bd02c20-5915-4229-a87f-be7863732c77.jpg\" alt=\"\" data-id=\"17642\" data-link=\"https:\/\/www.ifbaiano.edu.br\/unidades\/santaines\/?attachment_id=17642\" class=\"wp-image-17642\" \/><\/a><\/figure><\/li><li class=\"blocks-gallery-item\"><figure><a href=\"https:\/\/www.ifbaiano.edu.br\/unidades\/santaines\/files\/2022\/11\/8.jpg\"><img decoding=\"async\" loading=\"lazy\" width=\"1600\" height=\"901\" src=\"https:\/\/www.ifbaiano.edu.br\/unidades\/santaines\/files\/2022\/11\/8.jpg\" alt=\"\" data-id=\"17644\" data-link=\"https:\/\/www.ifbaiano.edu.br\/unidades\/santaines\/?attachment_id=17644\" class=\"wp-image-17644\" \/><\/a><\/figure><\/li><li class=\"blocks-gallery-item\"><figure><a href=\"https:\/\/www.ifbaiano.edu.br\/unidades\/santaines\/files\/2022\/11\/10.jpg\"><img decoding=\"async\" loading=\"lazy\" width=\"1600\" height=\"901\" src=\"https:\/\/www.ifbaiano.edu.br\/unidades\/santaines\/files\/2022\/11\/10.jpg\" alt=\"\" data-id=\"17645\" data-link=\"https:\/\/www.ifbaiano.edu.br\/unidades\/santaines\/?attachment_id=17645\" class=\"wp-image-17645\" \/><\/a><\/figure><\/li><li class=\"blocks-gallery-item\"><figure><a href=\"https:\/\/www.ifbaiano.edu.br\/unidades\/santaines\/files\/2022\/11\/9282abc9-2066-4658-9af5-14d4a36fddf5.jpg\"><img decoding=\"async\" loading=\"lazy\" width=\"1600\" height=\"901\" src=\"https:\/\/www.ifbaiano.edu.br\/unidades\/santaines\/files\/2022\/11\/9282abc9-2066-4658-9af5-14d4a36fddf5.jpg\" alt=\"\" data-id=\"17653\" data-link=\"https:\/\/www.ifbaiano.edu.br\/unidades\/santaines\/?attachment_id=17653\" class=\"wp-image-17653\" \/><\/a><\/figure><\/li><\/ul><\/figure>\n\n\n\n<p>Para Genilda, Diretora do campus, a participa\u00e7\u00e3o do campus nos JEIF foi muito importante e bastante positiva, principalmente pelo interesse dos estudantes em participar, e o empenho dos mesmos durante os jogos  &#8220;os estudantes nos motivam e despertam em n\u00f3s, ainda mais, o sentimento de orgulho de pertencer ao IF Baiano e de cumprir a nossa miss\u00e3o de oferta de educa\u00e7\u00e3o p\u00fablica e de qualidade&#8221; relata. <\/p>\n\n\n\n<p>Posteriormente foi apresentado um v\u00eddeo com os melhores momentos da equipe Santa In\u00eas nos JEIF 2022 e, ap\u00f3s, foram entregues as medalhas com a logomarca do JEIF para todos os discentes atletas e para comiss\u00e3o t\u00e9cnica. Ao final das entregas, a comiss\u00e3o t\u00e9cnica da delega\u00e7\u00e3o, fizeram a entrega de medalha tamb\u00e9m a Genilda Lima e a Daniele Matos, tendo em vista todo empenho alocado da Dire\u00e7\u00e3o Geral e Administrativa do Campus para participa\u00e7\u00e3o da delega\u00e7\u00e3o nos jogos. <\/p>\n\n\n\n<figure class=\"wp-block-gallery columns-1 is-cropped wp-block-gallery-3 is-layout-flex\"><ul class=\"blocks-gallery-grid\"><li class=\"blocks-gallery-item\"><figure><a href=\"https:\/\/www.ifbaiano.edu.br\/unidades\/santaines\/files\/2022\/11\/3.jpg\"><img decoding=\"async\" loading=\"lazy\" width=\"1600\" height=\"901\" src=\"https:\/\/www.ifbaiano.edu.br\/unidades\/santaines\/files\/2022\/11\/3.jpg\" alt=\"\" data-id=\"17641\" data-full-url=\"https:\/\/www.ifbaiano.edu.br\/unidades\/santaines\/files\/2022\/11\/3.jpg\" data-link=\"https:\/\/www.ifbaiano.edu.br\/unidades\/santaines\/?attachment_id=17641\" class=\"wp-image-17641\" \/><\/a><\/figure><\/li><\/ul><\/figure>\n\n\n\n<p>O momento foi encerrado com a disputa de um amistoso de futsal entre a equipe do Campus que jogou no JEIF e os estudantes do 9\u00ba ano do Col\u00e9gio do munic\u00edpio de Uba\u00edra Aurino Fausto dos Santos.<\/p>\n\n\n\n<figure class=\"wp-block-gallery columns-2 is-cropped wp-block-gallery-5 is-layout-flex\"><ul class=\"blocks-gallery-grid\"><li class=\"blocks-gallery-item\"><figure><a href=\"https:\/\/www.ifbaiano.edu.br\/unidades\/santaines\/files\/2022\/11\/2c8b5c44-50e8-4338-8129-cc59733c73ea.jpg\"><img decoding=\"async\" loading=\"lazy\" width=\"1599\" height=\"738\" src=\"https:\/\/www.ifbaiano.edu.br\/unidades\/santaines\/files\/2022\/11\/2c8b5c44-50e8-4338-8129-cc59733c73ea.jpg\" alt=\"\" data-id=\"17648\" data-link=\"https:\/\/www.ifbaiano.edu.br\/unidades\/santaines\/?attachment_id=17648\" class=\"wp-image-17648\" \/><\/a><\/figure><\/li><li class=\"blocks-gallery-item\"><figure><a href=\"https:\/\/www.ifbaiano.edu.br\/unidades\/santaines\/files\/2022\/11\/8a6424cf-6808-4ed6-ad1d-944a23845cf3.jpg\"><img decoding=\"async\" loading=\"lazy\" width=\"1599\" height=\"738\" src=\"https:\/\/www.ifbaiano.edu.br\/unidades\/santaines\/files\/2022\/11\/8a6424cf-6808-4ed6-ad1d-944a23845cf3.jpg\" alt=\"\" data-id=\"17649\" data-link=\"https:\/\/www.ifbaiano.edu.br\/unidades\/santaines\/?attachment_id=17649\" class=\"wp-image-17649\" \/><\/a><\/figure><\/li><\/ul><\/figure>\n\n\n\n<hr class=\"wp-block-separator\" \/>\n\n\n\n<p><\/p>\n","protected":false},"excerpt":{"rendered":"<p>Na tarde da \u00faltima quarta-feira (09), a gest\u00e3o do IF Baiano &#8211; Campus Santa In\u00eas fez uma homenagem \u00e0 delega\u00e7\u00e3o composta pelos\u00a0estudantes e servidores(as) que participaram dos Jogos Estudantis do IF Baiano, edi\u00e7\u00e3o 2022 (JEIF 2022), realizados no Campus Senhor do Bonfim no per\u00edodo de 24 a 29 de Setembro de 2022. Estavam presentes os [&hellip;]<\/p>\n","protected":false},"author":86,"featured_media":17658,"comment_status":"closed","ping_status":"closed","sticky":false,"template":"","format":"standard","meta":[],"categories":[4,57],"tags":[],"_links":{"self":[{"href":"https:\/\/www.ifbaiano.edu.br\/unidades\/santaines\/wp-json\/wp\/v2\/posts\/17637"}],"collection":[{"href":"https:\/\/www.ifbaiano.edu.br\/unidades\/santaines\/wp-json\/wp\/v2\/posts"}],"about":[{"href":"https:\/\/www.ifbaiano.edu.br\/unidades\/santaines\/wp-json\/wp\/v2\/types\/post"}],"author":[{"embeddable":true,"href":"https:\/\/www.ifbaiano.edu.br\/unidades\/santaines\/wp-json\/wp\/v2\/users\/86"}],"replies":[{"embeddable":true,"href":"https:\/\/www.ifbaiano.edu.br\/unidades\/santaines\/wp-json\/wp\/v2\/comments?post=17637"}],"version-history":[{"count":4,"href":"https:\/\/www.ifbaiano.edu.br\/unidades\/santaines\/wp-json\/wp\/v2\/posts\/17637\/revisions"}],"predecessor-version":[{"id":17654,"href":"https:\/\/www.ifbaiano.edu.br\/unidades\/santaines\/wp-json\/wp\/v2\/posts\/17637\/revisions\/17654"}],"wp:featuredmedia":[{"embeddable":true,"href":"https:\/\/www.ifbaiano.edu.br\/unidades\/santaines\/wp-json\/wp\/v2\/media\/17658"}],"wp:attachment":[{"href":"https:\/\/www.ifbaiano.edu.br\/unidades\/santaines\/wp-json\/wp\/v2\/media?parent=17637"}],"wp:term":[{"taxonomy":"category","embeddable":true,"href":"https:\/\/www.ifbaiano.edu.br\/unidades\/santaines\/wp-json\/wp\/v2\/categories?post=17637"},{"taxonomy":"post_tag","embeddable":true,"href":"https:\/\/www.ifbaiano.edu.br\/unidades\/santaines\/wp-json\/wp\/v2\/tags?post=17637"}],"curies":[{"name":"wp","href":"https:\/\/api.w.org\/{rel}","templated":true}]}}