{"id":17661,"date":"2022-11-21T14:08:00","date_gmt":"2022-11-21T17:08:00","guid":{"rendered":"https:\/\/www.ifbaiano.edu.br\/unidades\/santaines\/?p=17661"},"modified":"2022-11-22T16:24:49","modified_gmt":"2022-11-22T19:24:49","slug":"feira-de-saude-e-cidadania-2022-acontece-no-if-baiano-campus-santa-ines","status":"publish","type":"post","link":"https:\/\/www.ifbaiano.edu.br\/unidades\/santaines\/feira-de-saude-e-cidadania-2022-acontece-no-if-baiano-campus-santa-ines\/","title":{"rendered":"Feira de Sa\u00fade e Cidadania 2022 acontece no IF Baiano &#8211; Campus Santa In\u00eas"},"content":{"rendered":"\n<p>A Feira de Sa\u00fade e Cidadania do IF Baiano &#8211; Campus Santa In\u00eas est\u00e1 de volta, ap\u00f3s dois anos sem acontecer devido ao per\u00edodo pand\u00eamico. O evento acontece no campus, no dia 23 de novembro, com programa\u00e7\u00e3o para os per\u00edodos da manh\u00e3 e da tarde.<\/p>\n\n\n\n<p>A \u00faltima edi\u00e7\u00e3o presencial da Feira de Sa\u00fade e Cidadania aconteceu em 2019. Durante a pandemia, por conta das medidas sanit\u00e1rias, n\u00e3o foi poss\u00edvel realizar o evento. Agora, em 2022, a feira volta a reunir a comunidade interna (estudantes e servidores) e o p\u00fablico externo.<\/p>\n\n\n\n<p>O objetivo principal do evento \u00e9 fornecer para este p\u00fablico, acesso a servi\u00e7os de educa\u00e7\u00e3o em sa\u00fade e servi\u00e7os que promovam a forma\u00e7\u00e3o cidad\u00e3.<\/p>\n\n\n\n<p>Nesta edi\u00e7\u00e3o, o evento traz em sua programa\u00e7\u00e3o atividades como estandes, oficinas, apresenta\u00e7\u00f5es culturais e servi\u00e7os como corte de cabelo, argiloterapia, aromaterapia e massoterapia.<\/p>\n\n\n\n<h2 class=\"wp-block-heading\">Programa\u00e7\u00e3o:<\/h2>\n\n\n\n<p>8h &#8211; Abertura (quadra poliesportiva)<\/p>\n\n\n\n<p>8h10min \u2013 Apresenta\u00e7\u00e3o cultural<\/p>\n\n\n\n<p>09h \u2013 Abertura dos estandes e demais atividades<\/p>\n\n\n\n<p>10h \u2013 Aula de dan\u00e7a <\/p>\n\n\n\n<p>11h30min \u2013 Almo\u00e7o<\/p>\n\n\n\n<p>13h \u2013  Apresenta\u00e7\u00e3o cultural <\/p>\n\n\n\n<p>13h30min \u2013 Visita\u00e7\u00e3o aos estandes<\/p>\n\n\n\n<p>14h30min \u2013 Apresenta\u00e7\u00e3o de grupo de capoeira<\/p>\n\n\n\n<p>16h \u2013 Samba de roda &#8211; Reunindo Primaveras<\/p>\n\n\n\n<p>16h30min \u2013 Apresenta\u00e7\u00e3o Cultural<\/p>\n\n\n\n<p>17h \u2013 Encerramento<\/p>\n\n\n\n<hr class=\"wp-block-separator\" \/>\n\n\n\n<p><\/p>\n","protected":false},"excerpt":{"rendered":"<p>A Feira de Sa\u00fade e Cidadania do IF Baiano &#8211; Campus Santa In\u00eas est\u00e1 de volta, ap\u00f3s dois anos sem acontecer devido ao per\u00edodo pand\u00eamico. O evento acontece no campus, no dia 23 de novembro, com programa\u00e7\u00e3o para os per\u00edodos da manh\u00e3 e da tarde. A \u00faltima edi\u00e7\u00e3o presencial da Feira de Sa\u00fade e Cidadania [&hellip;]<\/p>\n","protected":false},"author":86,"featured_media":10841,"comment_status":"closed","ping_status":"closed","sticky":false,"template":"","format":"standard","meta":[],"categories":[4,5,37,57],"tags":[],"_links":{"self":[{"href":"https:\/\/www.ifbaiano.edu.br\/unidades\/santaines\/wp-json\/wp\/v2\/posts\/17661"}],"collection":[{"href":"https:\/\/www.ifbaiano.edu.br\/unidades\/santaines\/wp-json\/wp\/v2\/posts"}],"about":[{"href":"https:\/\/www.ifbaiano.edu.br\/unidades\/santaines\/wp-json\/wp\/v2\/types\/post"}],"author":[{"embeddable":true,"href":"https:\/\/www.ifbaiano.edu.br\/unidades\/santaines\/wp-json\/wp\/v2\/users\/86"}],"replies":[{"embeddable":true,"href":"https:\/\/www.ifbaiano.edu.br\/unidades\/santaines\/wp-json\/wp\/v2\/comments?post=17661"}],"version-history":[{"count":2,"href":"https:\/\/www.ifbaiano.edu.br\/unidades\/santaines\/wp-json\/wp\/v2\/posts\/17661\/revisions"}],"predecessor-version":[{"id":17701,"href":"https:\/\/www.ifbaiano.edu.br\/unidades\/santaines\/wp-json\/wp\/v2\/posts\/17661\/revisions\/17701"}],"wp:featuredmedia":[{"embeddable":true,"href":"https:\/\/www.ifbaiano.edu.br\/unidades\/santaines\/wp-json\/wp\/v2\/media\/10841"}],"wp:attachment":[{"href":"https:\/\/www.ifbaiano.edu.br\/unidades\/santaines\/wp-json\/wp\/v2\/media?parent=17661"}],"wp:term":[{"taxonomy":"category","embeddable":true,"href":"https:\/\/www.ifbaiano.edu.br\/unidades\/santaines\/wp-json\/wp\/v2\/categories?post=17661"},{"taxonomy":"post_tag","embeddable":true,"href":"https:\/\/www.ifbaiano.edu.br\/unidades\/santaines\/wp-json\/wp\/v2\/tags?post=17661"}],"curies":[{"name":"wp","href":"https:\/\/api.w.org\/{rel}","templated":true}]}}