{"id":17670,"date":"2023-02-16T22:11:00","date_gmt":"2023-02-17T01:11:00","guid":{"rendered":"https:\/\/www.ifbaiano.edu.br\/unidades\/santaines\/?p=17670"},"modified":"2023-02-17T10:05:15","modified_gmt":"2023-02-17T13:05:15","slug":"campus-santa-ines-oferta-vagas-em-cursos-de-qualificacao-profissional","status":"publish","type":"post","link":"https:\/\/www.ifbaiano.edu.br\/unidades\/santaines\/campus-santa-ines-oferta-vagas-em-cursos-de-qualificacao-profissional\/","title":{"rendered":"Campus Santa In\u00eas oferta vagas em cursos de Qualifica\u00e7\u00e3o Profissional na modalidade FIC"},"content":{"rendered":"\n<p>O IF Baiano publicou <a href=\"https:\/\/concurso.ifbaiano.edu.br\/portal\/fic-santa-ines-novembro-2022\/wp-content\/uploads\/sites\/708\/2022\/11\/Edital-no-197-de-08-de-novembro-de-2022-Assinado.pdf\">Edital n\u00b0 197<\/a> com provimento de vagas em cursos de Qualifica\u00e7\u00e3o Profissional, na modalidade de Forma\u00e7\u00e3o Inicial e\/ou Continuada \u2013 FIC que ser\u00e3o ofertados no Campus Santa In\u00eas.<\/p>\n\n\n\n<p>Todos os cursos s\u00e3o gratuitos e n\u00e3o possuem taxa de inscri\u00e7\u00e3o. Os(As) Candidatos(as) interessados, podem se inscrever no per\u00edodo de 17 de novembro at\u00e9 o dia 23 de novembro de 2022, atrav\u00e9s de <a href=\"http:\/\/opinanovo.ifbaiano.edu.br\/index.php\/561113?lang=pt-BR\">formul\u00e1rio online<\/a>,  com manifesta\u00e7\u00e3o de interesse na vaga do curso ou, presencialmente, por meio de formul\u00e1rio f\u00edsico, preenchido com aux\u00edlio de um servidor IF Baiano &#8211; Campus Santa In\u00eas, na BR-420, Zona Rural, na Coordena\u00e7\u00e3o de Extens\u00e3o.<\/p>\n\n\n\n<p>Est\u00e3o sendo ofertadas 85 vagas distribu\u00eddas em tr\u00eas cursos:  25 vagas no curso de Metodologia Ativas, na modalidade de Educa\u00e7\u00e3o \u00e0 dist\u00e2ncia (EaD);  20 vagas no curso de Qualifica\u00e7\u00e3o b\u00e1sica em processamento de alimentos e 40 vagas no curso para Capacita\u00e7\u00e3o em Libras B\u00e1sico, ambos presenciais.<\/p>\n\n\n\n<p>A sele\u00e7\u00e3o dos(das) candidatos(as) aos cursos ofertados aconteceu por ordem de inscri\u00e7\u00e3o e, para a ordem de classifica\u00e7\u00e3o, foram observados o dia e hor\u00e1rio em que o candidato realizou a inscri\u00e7\u00e3o.<\/p>\n\n\n\n<p>As matr\u00edculas dos candidatos classificados, de acordo com <a href=\"https:\/\/www.ifbaiano.edu.br\/unidades\/santaines\/files\/2023\/02\/Informativo-curso-libras.pdf\">tabela<\/a>, dever\u00e1 ser realizada no per\u00edodo de 16 de fevereiro  a 03 de mar\u00e7o de 2023, das 8h \u00e0s 11h e das 13h30min \u00e0s 16h, na Secretaria de Registros Acad\u00eamicos do IF Baiano &#8211; Campus Santa In\u00eas. Os candidatos dever\u00e3o levar os seguintes documentos:<br>a) documento oficial de identifica\u00e7\u00e3o com foto;<br>b) cadastro de Pessoa F\u00edsica \u2013 CPF;<br>c) Documenta\u00e7\u00e3o comprobat\u00f3ria do pr\u00e9-requisito do curso (confirme edital).<\/p>\n\n\n\n<p>O curso ocorrer\u00e1 no per\u00edodo de 03 de mar\u00e7o de 2023 a 25 de agosto de 2023, todas as Sextas-feiras das 8h \u00e0s 12h, de forma presencial, no IF Baiano campus Santa In\u00eas.<\/p>\n\n\n\n<p><strong>Sobre os cursos ofertados<\/strong><\/p>\n\n\n\n<p>O curso de <strong>Metodologia Ativas<\/strong> tem carga hor\u00e1ria de 40 horas, aulas \u00e0s segundas, ter\u00e7as e sextas-feiras \u00e0s 18h30min e in\u00edcio no dia 16 de janeiro de 2023. \u00c9 necess\u00e1rio que o(a) candidato(a) esteja atuando na \u00c1rea de Educa\u00e7\u00e3o B\u00e1sica ou seja Estudante de Licenciatura. Este curso objetiva proporcionar aos participantes a identifica\u00e7\u00e3o e utiliza\u00e7\u00e3o de metodologias educativas diversificadas que possibilitem a participa\u00e7\u00e3o ativa do aluno em sala de aula, estimulando a reflex\u00e3o cr\u00edtica e a inova\u00e7\u00e3o. Compreender as diversificadas formas de ensino-aprendizagem mediante as metodologias ativas.<\/p>\n\n\n\n<p>O curso de <strong>Qualifica\u00e7\u00e3o b\u00e1sica em processamento de alimentos<\/strong> tem carga hor\u00e1ria de 40 horas e aulas \u00e0s ter\u00e7as-feiras das 13h30min \u00e0s 16h30min. Per\u00edodo do curso de 29 de novembro de 2022 a 11 de abril de 2023. \u00c9 preciso que o(a) candidato(a) tenha resid\u00eancia comprovada no munic\u00edpio de Santa In\u00eas e idade m\u00ednima de 18 anos. Este curso visa propiciar qualifica\u00e7\u00e3o profissional b\u00e1sica em alimentos (carne, leite, frutas e panifica\u00e7\u00e3o) para a comunidade, primando pela autonomia financeira, com vistas a promover inclus\u00e3o social e econ\u00f4mica.<\/p>\n\n\n\n<p> O curso de <strong>Curso para Capacita\u00e7\u00e3o em Libras B\u00e1sico<\/strong> tem carga hor\u00e1ria de 150 horas e aulas \u00e0s sextas-feiras das 8h \u00e0s 12h. O per\u00edodo de realiza\u00e7\u00e3o vai de novembro de 2022 a agosto de 2023. O(A) candidato(a) precisa ter forma\u00e7\u00e3o no Ensino Superior. O Objetivo deste curso \u00e9 ensinar a L\u00edngua Brasileira de Sinais para as pessoas ouvintes da \u00e1rea de educa\u00e7\u00e3o; formar os participantes na comunica\u00e7\u00e3o com os sujeitos surdos; instruir as pessoas ouvintes que trabalham no ensino com crian\u00e7as, jovem e adolescente na l\u00edngua de sinais. Al\u00e9m de proporcionar, aos professores e coordenadores, conhecimentos da L\u00edngua Brasileira de Sinais, em n\u00edvel b\u00e1sico, para a comunica\u00e7\u00e3o com pessoas surdas, usu\u00e1rias da Libras.<\/p>\n\n\n\n<p>Os documentos referentes a este processo seletivo est\u00e3o tamb\u00e9m dispon\u00edveis no Portal do IF Baiano, na <a href=\"https:\/\/concurso.ifbaiano.edu.br\/portal\/fic-santa-ines-novembro-2022\/\">p\u00e1gina de concursos<\/a>.<\/p>\n\n\n\n<p>D\u00favidas sobre o processo dever\u00e3o ser encaminhadas para o e-mail: fic@si.ifbaiano.edu.br ou pelo telefone (73) 3536-1210 ramal 65 (Coordena\u00e7\u00e3o de Extens\u00e3o).<\/p>\n\n\n\n<h2 class=\"wp-block-heading\">Documentos deste Processo Seletivo<\/h2>\n\n\n\n<ul><li><a rel=\"noreferrer noopener\" target=\"_blank\" href=\"https:\/\/concurso.ifbaiano.edu.br\/portal\/fic-santa-ines-novembro-2022\/wp-content\/uploads\/sites\/708\/2022\/11\/Edital-no-197-de-08-de-novembro-de-2022-Assinado.pdf\">Edital n\u00ba 197<\/a><\/li><li><a rel=\"noreferrer noopener\" target=\"_blank\" href=\"https:\/\/concurso.ifbaiano.edu.br\/portal\/fic-santa-ines-novembro-2022\/wp-content\/uploads\/sites\/708\/2022\/11\/retificacao_edital_FIC_197.pdf\">Retifica\u00e7\u00e3o do Edital n\u00ba 197<\/a><\/li><li><a rel=\"noreferrer noopener\" target=\"_blank\" href=\"https:\/\/concurso.ifbaiano.edu.br\/portal\/fic-santa-ines-novembro-2022\/wp-content\/uploads\/sites\/708\/2022\/11\/ANEXO-I_197.pdf\">Anexo I<\/a><\/li><li><a rel=\"noreferrer noopener\" target=\"_blank\" href=\"https:\/\/concurso.ifbaiano.edu.br\/portal\/fic-santa-ines-novembro-2022\/wp-content\/uploads\/sites\/708\/2022\/11\/ANEXO-II_197.pdf\">Anexo II<\/a><\/li><li><a rel=\"noreferrer noopener\" target=\"_blank\" href=\"https:\/\/concurso.ifbaiano.edu.br\/portal\/fic-santa-ines-novembro-2022\/wp-content\/uploads\/sites\/708\/2022\/11\/ANEXO-III_197.pdf\">Anexo III<\/a><\/li><li><a rel=\"noreferrer noopener\" target=\"_blank\" href=\"https:\/\/concurso.ifbaiano.edu.br\/portal\/fic-santa-ines-novembro-2022\/wp-content\/uploads\/sites\/708\/2022\/11\/RESULTADO-PRELIMINAR-Alimentos.pdf\">Resultado Preliminar Alimentos<\/a><\/li><li><a rel=\"noreferrer noopener\" target=\"_blank\" href=\"https:\/\/concurso.ifbaiano.edu.br\/portal\/fic-santa-ines-novembro-2022\/wp-content\/uploads\/sites\/708\/2022\/11\/RESULTADO-PRELIMINAR-Metodologias-Ativas.pdf\">Resultado Preliminar Metodologias Ativas<\/a><\/li><li><a rel=\"noreferrer noopener\" target=\"_blank\" href=\"https:\/\/concurso.ifbaiano.edu.br\/portal\/fic-santa-ines-novembro-2022\/wp-content\/uploads\/sites\/708\/2022\/11\/RESULTADO-PRELIMINAR-Libras.pdf\">Resultado Preliminar Libras<\/a><\/li><li><a rel=\"noreferrer noopener\" target=\"_blank\" href=\"https:\/\/concurso.ifbaiano.edu.br\/portal\/fic-santa-ines-novembro-2022\/wp-content\/uploads\/sites\/708\/2022\/12\/retificacao_edital_FIC_197.pdf\">Retifica\u00e7\u00e3o do Edital<\/a><\/li><li><a href=\"https:\/\/www.ifbaiano.edu.br\/unidades\/santaines\/files\/2023\/02\/Informativo-Curso-Libras-Edital-197.pdf\">Informativo: Curso Libras Edital n\u00ba 197<\/a><\/li><\/ul>\n\n\n\n<hr class=\"wp-block-separator\" \/>\n\n\n\n<p><\/p>\n\n\n\n<p><br><\/p>\n","protected":false},"excerpt":{"rendered":"<p>O IF Baiano publicou Edital n\u00b0 197 com provimento de vagas em cursos de Qualifica\u00e7\u00e3o Profissional, na modalidade de Forma\u00e7\u00e3o Inicial e\/ou Continuada \u2013 FIC que ser\u00e3o ofertados no Campus Santa In\u00eas. Todos os cursos s\u00e3o gratuitos e n\u00e3o possuem taxa de inscri\u00e7\u00e3o. Os(As) Candidatos(as) interessados, podem se inscrever no per\u00edodo de 17 de novembro [&hellip;]<\/p>\n","protected":false},"author":86,"featured_media":0,"comment_status":"closed","ping_status":"closed","sticky":false,"template":"","format":"standard","meta":[],"categories":[4,5,10,8,57],"tags":[],"_links":{"self":[{"href":"https:\/\/www.ifbaiano.edu.br\/unidades\/santaines\/wp-json\/wp\/v2\/posts\/17670"}],"collection":[{"href":"https:\/\/www.ifbaiano.edu.br\/unidades\/santaines\/wp-json\/wp\/v2\/posts"}],"about":[{"href":"https:\/\/www.ifbaiano.edu.br\/unidades\/santaines\/wp-json\/wp\/v2\/types\/post"}],"author":[{"embeddable":true,"href":"https:\/\/www.ifbaiano.edu.br\/unidades\/santaines\/wp-json\/wp\/v2\/users\/86"}],"replies":[{"embeddable":true,"href":"https:\/\/www.ifbaiano.edu.br\/unidades\/santaines\/wp-json\/wp\/v2\/comments?post=17670"}],"version-history":[{"count":12,"href":"https:\/\/www.ifbaiano.edu.br\/unidades\/santaines\/wp-json\/wp\/v2\/posts\/17670\/revisions"}],"predecessor-version":[{"id":18237,"href":"https:\/\/www.ifbaiano.edu.br\/unidades\/santaines\/wp-json\/wp\/v2\/posts\/17670\/revisions\/18237"}],"wp:attachment":[{"href":"https:\/\/www.ifbaiano.edu.br\/unidades\/santaines\/wp-json\/wp\/v2\/media?parent=17670"}],"wp:term":[{"taxonomy":"category","embeddable":true,"href":"https:\/\/www.ifbaiano.edu.br\/unidades\/santaines\/wp-json\/wp\/v2\/categories?post=17670"},{"taxonomy":"post_tag","embeddable":true,"href":"https:\/\/www.ifbaiano.edu.br\/unidades\/santaines\/wp-json\/wp\/v2\/tags?post=17670"}],"curies":[{"name":"wp","href":"https:\/\/api.w.org\/{rel}","templated":true}]}}