{"id":1769,"date":"2012-04-25T12:45:19","date_gmt":"2012-04-25T15:45:19","guid":{"rendered":"http:\/\/www.ifbaiano.edu.br\/unidades\/santaines\/?p=1769"},"modified":"2012-04-25T12:45:19","modified_gmt":"2012-04-25T15:45:19","slug":"informacoes-aos-alunos-sobre-o-inicio-das-aulas-2","status":"publish","type":"post","link":"https:\/\/www.ifbaiano.edu.br\/unidades\/santaines\/informacoes-aos-alunos-sobre-o-inicio-das-aulas-2\/","title":{"rendered":"Informa\u00e7\u00f5es aos Alunos sobre o In\u00edcio das Aulas"},"content":{"rendered":"<p>Convidamos os novos alunos(1\u00aa s\u00e9ries) dos cursos integrados para\u00a0 a aula inaugural que ser\u00e1 realizada no dia 24\/04\u00a0 a partir das 8 horas da manh\u00e3. O convite tamb\u00e9m se estende aos pais desses alunos. Confira a programa\u00e7\u00e3o do in\u00edcio das Aulas em nosso Campus.<\/p>\n<p><strong>Dia 24\/04\/2012\u00a0<\/strong><\/p>\n<p>In\u00edcio das Aulas para os Cursos Subsequentes\u00a0 e Superior.<\/p>\n<p><strong>Dia 24\/04\/2012 a partir das 08:00hs<\/strong><\/p>\n<p>Realiza\u00e7\u00e3o da aula inaugural para os novos\u00a0 alunos (1\u00aa series) dos cursos integrados ( T\u00e9cnico em Agropecu\u00e1ria, T\u00e9cnico em Zootecnia e T\u00e9cnico em Alimentos).<\/p>\n<p>Obs.: O convite se estende aos pais desses alunos.<\/p>\n<p><strong>Dia 25\/04\/2012<\/strong><\/p>\n<p>Inicio das aulas para os estudantes das 2\u00aa e 3\u00aa series dos cursos integrados ( T\u00e9cnico em Agropecu\u00e1ria, T\u00e9cnico em Zootecnia e T\u00e9cnico em Alimentos).<\/p>\n<p>&nbsp;<\/p>\n","protected":false},"excerpt":{"rendered":"<p>Convidamos os novos alunos(1\u00aa s\u00e9ries) dos cursos integrados para\u00a0 a aula inaugural que ser\u00e1 realizada no dia 24\/04\u00a0 a partir das 8 horas da manh\u00e3. O convite tamb\u00e9m se estende aos pais desses alunos. Confira a programa\u00e7\u00e3o do in\u00edcio das Aulas em nosso Campus. Dia 24\/04\/2012\u00a0 In\u00edcio das Aulas para os Cursos Subsequentes\u00a0 e Superior. [&hellip;]<\/p>\n","protected":false},"author":26,"featured_media":0,"comment_status":"closed","ping_status":"closed","sticky":false,"template":"","format":"standard","meta":[],"categories":[10],"tags":[],"_links":{"self":[{"href":"https:\/\/www.ifbaiano.edu.br\/unidades\/santaines\/wp-json\/wp\/v2\/posts\/1769"}],"collection":[{"href":"https:\/\/www.ifbaiano.edu.br\/unidades\/santaines\/wp-json\/wp\/v2\/posts"}],"about":[{"href":"https:\/\/www.ifbaiano.edu.br\/unidades\/santaines\/wp-json\/wp\/v2\/types\/post"}],"author":[{"embeddable":true,"href":"https:\/\/www.ifbaiano.edu.br\/unidades\/santaines\/wp-json\/wp\/v2\/users\/26"}],"replies":[{"embeddable":true,"href":"https:\/\/www.ifbaiano.edu.br\/unidades\/santaines\/wp-json\/wp\/v2\/comments?post=1769"}],"version-history":[{"count":1,"href":"https:\/\/www.ifbaiano.edu.br\/unidades\/santaines\/wp-json\/wp\/v2\/posts\/1769\/revisions"}],"predecessor-version":[{"id":1770,"href":"https:\/\/www.ifbaiano.edu.br\/unidades\/santaines\/wp-json\/wp\/v2\/posts\/1769\/revisions\/1770"}],"wp:attachment":[{"href":"https:\/\/www.ifbaiano.edu.br\/unidades\/santaines\/wp-json\/wp\/v2\/media?parent=1769"}],"wp:term":[{"taxonomy":"category","embeddable":true,"href":"https:\/\/www.ifbaiano.edu.br\/unidades\/santaines\/wp-json\/wp\/v2\/categories?post=1769"},{"taxonomy":"post_tag","embeddable":true,"href":"https:\/\/www.ifbaiano.edu.br\/unidades\/santaines\/wp-json\/wp\/v2\/tags?post=1769"}],"curies":[{"name":"wp","href":"https:\/\/api.w.org\/{rel}","templated":true}]}}