{"id":17695,"date":"2022-12-05T17:44:00","date_gmt":"2022-12-05T20:44:00","guid":{"rendered":"https:\/\/www.ifbaiano.edu.br\/unidades\/santaines\/?p=17695"},"modified":"2022-12-05T17:45:05","modified_gmt":"2022-12-05T20:45:05","slug":"processo-seletivo-preve-bolsas-para-monitoria-no-if-baiano-campus-santa-ines","status":"publish","type":"post","link":"https:\/\/www.ifbaiano.edu.br\/unidades\/santaines\/processo-seletivo-preve-bolsas-para-monitoria-no-if-baiano-campus-santa-ines\/","title":{"rendered":"Processo seletivo prev\u00ea bolsas para monitoria no IF Baiano &#8211; Campus Santa In\u00eas"},"content":{"rendered":"\n<p>Abertas no per\u00edodo de 21 a 23 de novembro, as inscri\u00e7\u00f5es para monitoria no Campus Santa In\u00eas. Das vagas ofertadas, sete s\u00e3o com bolsas . O processo de sele\u00e7\u00e3o acontece por meio de an\u00e1lise do hist\u00f3rico escolar e an\u00e1lise da carta de inten\u00e7\u00e3o.<\/p>\n\n\n\n<p>As inscri\u00e7\u00f5es dever\u00e3o ser realizadas no per\u00edodo de 21 a 23 de novembro, exclusivamente online, atrav\u00e9s do <a href=\"https:\/\/forms.gle\/gEZJoKg76Dt2xSg37\">formul\u00e1rio eletr\u00f4nico<\/a>. Para se inscrever o(a) Candidato(a) precisa preencher da ficha de inscri\u00e7\u00e3o online devidamente preenchida, c\u00f3pia do Hist\u00f3rico Escolar SUAP, c\u00f3pia de documento oficial com foto (frente e verso), CPF e carta de inten\u00e7\u00e3o.<\/p>\n\n\n\n<p>Somente poder\u00e3o candidatar-se a uma vaga no Programa de Monitoria os(as) estudantes regularmente matriculados que: tenham sido aprovados no componente curricular que caracteriza a \u00e1rea da monitoria pretendida; tenham compatibilidade entre os hor\u00e1rios de suas atividades acad\u00eamicas e os propostos para o desenvolvimento da monitoria; n\u00e3o tenham desistido da atividade de monitoria anteriormente; e n\u00e3o estejam respondendo a Processo Disciplinar Discente.<\/p>\n\n\n\n<p>O Programa de Monitoria \u00e9 compreendido como uma atividade acad\u00eamica para a melhoria do ensino dos cursos t\u00e9cnicos de n\u00edvel m\u00e9dio e dos cursos de gradua\u00e7\u00e3o, atrav\u00e9s do estabelecimento de novas pr\u00e1ticas e experi\u00eancias educacionais, a articula\u00e7\u00e3o entre teoria e pr\u00e1tica, bem como a integra\u00e7\u00e3o curricular em seus diferentes aspectos.<br><br>Para esclarecer d\u00favidas, basta entrar em contato pelo e-mail: selecaomonitoria@si.ifbaiano.edu.br<\/p>\n\n\n\n<p><strong>Documentos \/ Etapas do Processo Seletivo<\/strong><\/p>\n\n\n\n<ul><li><a href=\"https:\/\/concurso.ifbaiano.edu.br\/portal\/bolsas-monitoria-santa-ines-novembro-2022\/wp-content\/uploads\/sites\/714\/2022\/11\/Edital-No-38-2022.pdf\">Edital<\/a>  <\/li><li><a href=\"https:\/\/www.ifbaiano.edu.br\/unidades\/santaines\/files\/2022\/11\/Edital-de-Retificacao_Monitoria-39-2022.pdf\">Edital de retifica\u00e7\u00e3o<\/a><\/li><li><a href=\"https:\/\/www.ifbaiano.edu.br\/unidades\/santaines\/files\/2022\/11\/HOMOLOGACAO-DAS-INSCRICOES-_-Monitoria.pdf\">Homologa\u00e7\u00e3o das Inscri\u00e7\u00f5es<\/a> <\/li><li><a href=\"https:\/\/www.ifbaiano.edu.br\/unidades\/santaines\/files\/2022\/11\/Homologacoes-pos-recurso-Monitoria.pdf\">Homologa\u00e7\u00e3o das Inscri\u00e7\u00f5es &#8211; P\u00f3s-recurso<\/a><\/li><li><a rel=\"noreferrer noopener\" target=\"_blank\" href=\"https:\/\/concurso.ifbaiano.edu.br\/portal\/bolsas-monitoria-santa-ines-novembro-2022\/wp-content\/uploads\/sites\/714\/2022\/12\/Edital-No-38_resultado-final.pdf\">Resultado Final da Classifica\u00e7\u00e3o<\/a><\/li><\/ul>\n\n\n\n<hr class=\"wp-block-separator\" \/>\n\n\n\n<p><\/p>\n","protected":false},"excerpt":{"rendered":"<p>Abertas no per\u00edodo de 21 a 23 de novembro, as inscri\u00e7\u00f5es para monitoria no Campus Santa In\u00eas. Das vagas ofertadas, sete s\u00e3o com bolsas . O processo de sele\u00e7\u00e3o acontece por meio de an\u00e1lise do hist\u00f3rico escolar e an\u00e1lise da carta de inten\u00e7\u00e3o. As inscri\u00e7\u00f5es dever\u00e3o ser realizadas no per\u00edodo de 21 a 23 de [&hellip;]<\/p>\n","protected":false},"author":86,"featured_media":0,"comment_status":"closed","ping_status":"closed","sticky":false,"template":"","format":"standard","meta":[],"categories":[4,38,8,57],"tags":[],"_links":{"self":[{"href":"https:\/\/www.ifbaiano.edu.br\/unidades\/santaines\/wp-json\/wp\/v2\/posts\/17695"}],"collection":[{"href":"https:\/\/www.ifbaiano.edu.br\/unidades\/santaines\/wp-json\/wp\/v2\/posts"}],"about":[{"href":"https:\/\/www.ifbaiano.edu.br\/unidades\/santaines\/wp-json\/wp\/v2\/types\/post"}],"author":[{"embeddable":true,"href":"https:\/\/www.ifbaiano.edu.br\/unidades\/santaines\/wp-json\/wp\/v2\/users\/86"}],"replies":[{"embeddable":true,"href":"https:\/\/www.ifbaiano.edu.br\/unidades\/santaines\/wp-json\/wp\/v2\/comments?post=17695"}],"version-history":[{"count":12,"href":"https:\/\/www.ifbaiano.edu.br\/unidades\/santaines\/wp-json\/wp\/v2\/posts\/17695\/revisions"}],"predecessor-version":[{"id":17835,"href":"https:\/\/www.ifbaiano.edu.br\/unidades\/santaines\/wp-json\/wp\/v2\/posts\/17695\/revisions\/17835"}],"wp:attachment":[{"href":"https:\/\/www.ifbaiano.edu.br\/unidades\/santaines\/wp-json\/wp\/v2\/media?parent=17695"}],"wp:term":[{"taxonomy":"category","embeddable":true,"href":"https:\/\/www.ifbaiano.edu.br\/unidades\/santaines\/wp-json\/wp\/v2\/categories?post=17695"},{"taxonomy":"post_tag","embeddable":true,"href":"https:\/\/www.ifbaiano.edu.br\/unidades\/santaines\/wp-json\/wp\/v2\/tags?post=17695"}],"curies":[{"name":"wp","href":"https:\/\/api.w.org\/{rel}","templated":true}]}}