{"id":17702,"date":"2022-11-22T18:17:08","date_gmt":"2022-11-22T21:17:08","guid":{"rendered":"https:\/\/www.ifbaiano.edu.br\/unidades\/santaines\/?p=17702"},"modified":"2022-11-22T18:17:08","modified_gmt":"2022-11-22T21:17:08","slug":"campus-santa-ines-realiza-snct-e-feira-de-saude-e-cidadania","status":"publish","type":"post","link":"https:\/\/www.ifbaiano.edu.br\/unidades\/santaines\/campus-santa-ines-realiza-snct-e-feira-de-saude-e-cidadania\/","title":{"rendered":"Campus Santa In\u00eas realiza SNCT e Feira de Sa\u00fade e Cidadania"},"content":{"rendered":"\n<p>Na noite desta segunda-feira, 21, aconteceu a abertura da Semana Nacional de Ci\u00eancia e Tecnologia (SNCT) do IF Baiano \u2013&nbsp;<em>Campus&nbsp;<\/em>Santa In\u00eas. A SNCT \u00e9 uma iniciativa promovida h\u00e1 19 anos pelo Minist\u00e9rio de Ci\u00eancia, Tecnologia e Inova\u00e7\u00f5es que visa mobilizar a popula\u00e7\u00e3o, principalmente crian\u00e7as e jovens, com temas e atividades de ci\u00eancia, cultura e arte, valorizando a criatividade, a atitude cient\u00edfica e a inova\u00e7\u00e3o. Em 2022, a SNCT traz o tema \u201cO Bicenten\u00e1rio da Independ\u00eancia \u2013 200 anos de Ci\u00eancia, Tecnologia e Inova\u00e7\u00e3o no Brasil\u201d, trabalhado em v\u00e1rias institui\u00e7\u00f5es por todo o pa\u00eds.&nbsp;<\/p>\n\n\n\n<p>Esta \u00e9 a 6\u00aa edi\u00e7\u00e3o do evento no\u00a0<em>campus<\/em>\u00a0Santa In\u00eas e trouxe como tema os progressos e retrocessos da Ci\u00eancia e Tecnologia nestes 200 anos de independ\u00eancia. A diretora do\u00a0<em>campus<\/em>, Genilda Lima, abriu o evento e, ap\u00f3s seus agradecimentos, iniciou-se a mesa de abertura mediada pela professora Cleomar Job de Andrade, do IF Baiano \u2013\u00a0<em>Campus<\/em>\u00a0Santa In\u00eas, com os debatedores: Rafaella Elisa Santos Rolim Miranda Brito, professora EBTT do IF Baiano \u2013\u00a0<em>Campus<\/em>\u00a0Alagoinhas; Fabr\u00edcio Lyrio Santos, professor do Magist\u00e9rio Superior, Centro de Artes, Humanidades e Letras, da Universidade Federal do Rec\u00f4ncavo da Bahia\u00a0 (UFRB); e Marcos Lopes de Souza,\u00a0 professor do Magist\u00e9rio Superior da Universidade Estadual do Sudoeste da Bahia (UESB).\u00a0\u00a0<\/p>\n\n\n\n<figure class=\"wp-block-gallery columns-2 is-cropped wp-block-gallery-1 is-layout-flex\"><ul class=\"blocks-gallery-grid\"><li class=\"blocks-gallery-item\"><figure><a href=\"https:\/\/www.ifbaiano.edu.br\/unidades\/santaines\/files\/2022\/11\/8768767.jpg\"><img decoding=\"async\" loading=\"lazy\" width=\"1280\" height=\"590\" src=\"https:\/\/www.ifbaiano.edu.br\/unidades\/santaines\/files\/2022\/11\/8768767.jpg\" alt=\"\" data-id=\"17704\" data-link=\"https:\/\/www.ifbaiano.edu.br\/unidades\/santaines\/?attachment_id=17704\" class=\"wp-image-17704\" \/><\/a><\/figure><\/li><li class=\"blocks-gallery-item\"><figure><a href=\"https:\/\/www.ifbaiano.edu.br\/unidades\/santaines\/files\/2022\/11\/8978768-1.jpg\"><img decoding=\"async\" loading=\"lazy\" width=\"1600\" height=\"738\" src=\"https:\/\/www.ifbaiano.edu.br\/unidades\/santaines\/files\/2022\/11\/8978768-1.jpg\" alt=\"\" data-id=\"17705\" data-link=\"https:\/\/www.ifbaiano.edu.br\/unidades\/santaines\/?attachment_id=17705\" class=\"wp-image-17705\" \/><\/a><\/figure><\/li><\/ul><\/figure>\n\n\n\n<p>A mesa trouxe a reflex\u00e3o sobre a rela\u00e7\u00e3o entre minorias e grupos socialmente exclu\u00eddos e o processo de produ\u00e7\u00e3o do conhecimento cient\u00edfico. \u201cDentro da discuss\u00e3o sobre progressos e retrocessos nestes 200 anos, a ideia \u00e9 pensar sobre Ci\u00eancia, Tecnologia e Inova\u00e7\u00e3o: para qu\u00ea e para quem? Pensamos justamente em trazer uma reflex\u00e3o sobre progressos e retrocessos da produ\u00e7\u00e3o de ci\u00eancia e tecnologia no Brasil para as popula\u00e7\u00f5es ind\u00edgenas origin\u00e1rias do Brasil, para as popula\u00e7\u00f5es negras, para as popula\u00e7\u00f5es LGBTQIAP+\u201d, explicou Cleomar.<\/p>\n\n\n\n<p>Fabr\u00edcio Lyrio Santos destacou que \u00e9 preciso fortalecer o debate sobre o papel dos povos ind\u00edgenas na constru\u00e7\u00e3o do Brasil e abordou a necessidade de valorizar e fortalecer os saberes e conhecimentos ind\u00edgenas entre os conhecimentos socialmente reconhecidos \/ validados. \u201cOs ind\u00edgenas fazem parte do presente e estar\u00e3o presentes no futuro do Brasil: nas aldeias, sim, mas tamb\u00e9m nas cidades, nas escolas, nas universidades, na literatura, na luta ambientalista, na arte, no artesanato, no direito, na ONU e em Bras\u00edlia\u201d.<\/p>\n\n\n\n<p>A professora Rafaella Elisa Brito pontuou a necessidade de que as institui\u00e7\u00f5es acad\u00eamicas e cient\u00edficas reforcem o sistema decolonial e promovam a valoriza\u00e7\u00e3o das minorias nas suas pr\u00e1ticas de legitima\u00e7\u00e3o e valida\u00e7\u00e3o da produ\u00e7\u00e3o de conhecimento por pesquisadoras e pesquisadores.&nbsp; J\u00e1 o docente Marcos Lopes de Souza trouxe a reflex\u00e3o de que pensar sobre a ci\u00eancia \u00e9 pensar qual o lugar da ci\u00eancia na sociedade. \u201cQueremos uma ci\u00eancia que transforme nossas vidas\u201d, afirma o professor.<\/p>\n\n\n\n<p><strong>Minicursos e Oficinas<\/strong><\/p>\n\n\n\n<p>A programa\u00e7\u00e3o prosseguiu, na manh\u00e3 desta ter\u00e7a-feira, 22, com a realiza\u00e7\u00e3o de comunica\u00e7\u00f5es orais, oficinas de liculiteria, pintura decorativa em objetos de madeira e isopor, geleia artesanal de frutas, photoshop e desenvolvimento web, al\u00e9m do minicurso \u201cgordofobia: uma conversa inicial\u201d.&nbsp;<\/p>\n\n\n\n<p>\u00c0 tarde, aconteceu a apresenta\u00e7\u00e3o de trabalhos e, na sequ\u00eancia, a premia\u00e7\u00e3o das apresenta\u00e7\u00f5es que mais se destacaram. Os trabalhos premiados foram: \u201cUso de bambu na constru\u00e7\u00e3o de galinheiro de fundo de quintal no munic\u00edpio de Santa In\u00eas\u201d; \u201cSistemas religiosos no espa\u00e7o campesino do povoado de Lagoa Queimada\u201d; \u201cEstante encantada: uma experi\u00eancia de leitura liter\u00e1ria na educa\u00e7\u00e3o infantil\u201d. O evento encerrou com uma apresenta\u00e7\u00e3o de dan\u00e7a de um grupo de estudantes.<\/p>\n\n\n\n<p><strong>Feira de Sa\u00fade e Cidadania<\/strong><\/p>\n\n\n\n<p>Ap\u00f3s a SNCT, o&nbsp;<em>campus<\/em>&nbsp;ainda tem as atividades da Feira de Sa\u00fade e Cidadania que volta a acontecer, ap\u00f3s dois anos de suspens\u00e3o por conta da pandemia. O evento acontece na manh\u00e3 e tarde do dia 23 de novembro e tem como objetivo principal&nbsp; fornecer para a comunidade interna e externa acesso a servi\u00e7os de educa\u00e7\u00e3o em sa\u00fade e que promovam a forma\u00e7\u00e3o cidad\u00e3.<\/p>\n\n\n\n<p>Nesta edi\u00e7\u00e3o, o evento traz em sua programa\u00e7\u00e3o atividades como estandes, oficinas, apresenta\u00e7\u00f5es culturais e servi\u00e7os como corte de cabelo, argiloterapia, aromaterapia e massoterapia.<\/p>\n\n\n\n<h2 class=\"wp-block-heading\">Confira a&nbsp;<strong>Programa\u00e7\u00e3o:<\/strong><\/h2>\n\n\n\n<p>8h \u2013 Abertura (quadra poliesportiva)<\/p>\n\n\n\n<p>8h10min \u2013 Apresenta\u00e7\u00e3o cultural<\/p>\n\n\n\n<p>09:00h \u2013 Abertura dos estandes e demais atividades<\/p>\n\n\n\n<p>10h \u2013 Aula de dan\u00e7a<\/p>\n\n\n\n<p>11h30min \u2013 Almo\u00e7o<\/p>\n\n\n\n<p>13h \u2013 Apresenta\u00e7\u00e3o cultural<\/p>\n\n\n\n<p>13h30min \u2013 Visita\u00e7\u00e3o aos estandes<\/p>\n\n\n\n<p>14h30min \u2013 Apresenta\u00e7\u00e3o de grupo de capoeira<\/p>\n\n\n\n<p>16h \u2013 Samba de roda \u2013 Reunindo Primaveras<\/p>\n\n\n\n<p>16h30min \u2013 Apresenta\u00e7\u00e3o Cultural<\/p>\n\n\n\n<p>17h \u2013 Encerramento<\/p>\n\n\n\n<hr class=\"wp-block-separator\" \/>\n\n\n\n<p>Mat\u00e9ria Ascom dispon\u00edvel em: https:\/\/ifbaiano.edu.br\/portal\/blog\/campus-santa-ines-realiza-snct-e-feira-de-saude-e-cidadania\/<\/p>\n","protected":false},"excerpt":{"rendered":"<p>Semana de eventos com palestras, oficinas, minicursos, exposi\u00e7\u00e3o de trabalhos e atendimentos \u00e0 sa\u00fade da comunidade movimentam o campus<\/p>\n","protected":false},"author":86,"featured_media":17703,"comment_status":"closed","ping_status":"closed","sticky":false,"template":"","format":"standard","meta":[],"categories":[4,57],"tags":[],"_links":{"self":[{"href":"https:\/\/www.ifbaiano.edu.br\/unidades\/santaines\/wp-json\/wp\/v2\/posts\/17702"}],"collection":[{"href":"https:\/\/www.ifbaiano.edu.br\/unidades\/santaines\/wp-json\/wp\/v2\/posts"}],"about":[{"href":"https:\/\/www.ifbaiano.edu.br\/unidades\/santaines\/wp-json\/wp\/v2\/types\/post"}],"author":[{"embeddable":true,"href":"https:\/\/www.ifbaiano.edu.br\/unidades\/santaines\/wp-json\/wp\/v2\/users\/86"}],"replies":[{"embeddable":true,"href":"https:\/\/www.ifbaiano.edu.br\/unidades\/santaines\/wp-json\/wp\/v2\/comments?post=17702"}],"version-history":[{"count":1,"href":"https:\/\/www.ifbaiano.edu.br\/unidades\/santaines\/wp-json\/wp\/v2\/posts\/17702\/revisions"}],"predecessor-version":[{"id":17706,"href":"https:\/\/www.ifbaiano.edu.br\/unidades\/santaines\/wp-json\/wp\/v2\/posts\/17702\/revisions\/17706"}],"wp:featuredmedia":[{"embeddable":true,"href":"https:\/\/www.ifbaiano.edu.br\/unidades\/santaines\/wp-json\/wp\/v2\/media\/17703"}],"wp:attachment":[{"href":"https:\/\/www.ifbaiano.edu.br\/unidades\/santaines\/wp-json\/wp\/v2\/media?parent=17702"}],"wp:term":[{"taxonomy":"category","embeddable":true,"href":"https:\/\/www.ifbaiano.edu.br\/unidades\/santaines\/wp-json\/wp\/v2\/categories?post=17702"},{"taxonomy":"post_tag","embeddable":true,"href":"https:\/\/www.ifbaiano.edu.br\/unidades\/santaines\/wp-json\/wp\/v2\/tags?post=17702"}],"curies":[{"name":"wp","href":"https:\/\/api.w.org\/{rel}","templated":true}]}}