{"id":17714,"date":"2022-11-23T21:26:11","date_gmt":"2022-11-24T00:26:11","guid":{"rendered":"https:\/\/www.ifbaiano.edu.br\/unidades\/santaines\/?p=17714"},"modified":"2022-11-23T21:27:09","modified_gmt":"2022-11-24T00:27:09","slug":"if-baiano-facilita-acesso-a-informacoes-sobre-a-instituicao","status":"publish","type":"post","link":"https:\/\/www.ifbaiano.edu.br\/unidades\/santaines\/if-baiano-facilita-acesso-a-informacoes-sobre-a-instituicao\/","title":{"rendered":"IF Baiano facilita acesso a informa\u00e7\u00f5es sobre a Institui\u00e7\u00e3o"},"content":{"rendered":"\n<p>A partir de agora, para ter acesso direto a todas as informa\u00e7\u00f5es institucionais do IF Baiano, basta apontar o celular para o c\u00f3digo QR disponibilizado nos nossos s\u00edtios eletr\u00f4nicos e redes sociais. A medida faz parte da Portaria n\u00ba 879, de 11 de novembro de 2022, que disp\u00f5e sobre a publiciza\u00e7\u00e3o do cadastro das IES no Sistema e-MEC.&nbsp;<\/p>\n\n\n\n<figure class=\"wp-block-image\"><img decoding=\"async\" src=\"https:\/\/ifbaiano.edu.br\/portal\/wp-content\/uploads\/2022\/11\/banner_comqrcode.png\" alt=\"\" class=\"wp-image-25614\" \/><\/figure>\n\n\n\n<p>O Sistema&nbsp; e-MEC concentra as informa\u00e7\u00f5es sobre as Institui\u00e7\u00f5es de Ensino Superior \u2013 IES brasileiras e possibilita o acesso \u00e0 base de dados oficiais dos cursos e das IES. Os dados do cadastro no Sistema guardam conformidade com os atos autorizativos dos cursos e das IES, editados pelo Poder P\u00fablico ou \u00f3rg\u00e3o competente das institui\u00e7\u00f5es no limite do exerc\u00edcio da sua autonomia.<\/p>\n\n\n\n<hr class=\"wp-block-separator\" \/>\n\n\n\n<p><\/p>\n","protected":false},"excerpt":{"rendered":"<p>A partir de agora, para ter acesso direto a todas as informa\u00e7\u00f5es institucionais do IF Baiano, basta apontar o celular para o c\u00f3digo QR disponibilizado nos nossos s\u00edtios eletr\u00f4nicos e redes sociais. A medida faz parte da Portaria n\u00ba 879, de 11 de novembro de 2022, que disp\u00f5e sobre a publiciza\u00e7\u00e3o do cadastro das IES [&hellip;]<\/p>\n","protected":false},"author":86,"featured_media":17715,"comment_status":"closed","ping_status":"closed","sticky":false,"template":"","format":"standard","meta":[],"categories":[4,57],"tags":[],"_links":{"self":[{"href":"https:\/\/www.ifbaiano.edu.br\/unidades\/santaines\/wp-json\/wp\/v2\/posts\/17714"}],"collection":[{"href":"https:\/\/www.ifbaiano.edu.br\/unidades\/santaines\/wp-json\/wp\/v2\/posts"}],"about":[{"href":"https:\/\/www.ifbaiano.edu.br\/unidades\/santaines\/wp-json\/wp\/v2\/types\/post"}],"author":[{"embeddable":true,"href":"https:\/\/www.ifbaiano.edu.br\/unidades\/santaines\/wp-json\/wp\/v2\/users\/86"}],"replies":[{"embeddable":true,"href":"https:\/\/www.ifbaiano.edu.br\/unidades\/santaines\/wp-json\/wp\/v2\/comments?post=17714"}],"version-history":[{"count":2,"href":"https:\/\/www.ifbaiano.edu.br\/unidades\/santaines\/wp-json\/wp\/v2\/posts\/17714\/revisions"}],"predecessor-version":[{"id":17717,"href":"https:\/\/www.ifbaiano.edu.br\/unidades\/santaines\/wp-json\/wp\/v2\/posts\/17714\/revisions\/17717"}],"wp:featuredmedia":[{"embeddable":true,"href":"https:\/\/www.ifbaiano.edu.br\/unidades\/santaines\/wp-json\/wp\/v2\/media\/17715"}],"wp:attachment":[{"href":"https:\/\/www.ifbaiano.edu.br\/unidades\/santaines\/wp-json\/wp\/v2\/media?parent=17714"}],"wp:term":[{"taxonomy":"category","embeddable":true,"href":"https:\/\/www.ifbaiano.edu.br\/unidades\/santaines\/wp-json\/wp\/v2\/categories?post=17714"},{"taxonomy":"post_tag","embeddable":true,"href":"https:\/\/www.ifbaiano.edu.br\/unidades\/santaines\/wp-json\/wp\/v2\/tags?post=17714"}],"curies":[{"name":"wp","href":"https:\/\/api.w.org\/{rel}","templated":true}]}}