{"id":17727,"date":"2022-11-24T16:10:56","date_gmt":"2022-11-24T19:10:56","guid":{"rendered":"https:\/\/www.ifbaiano.edu.br\/unidades\/santaines\/?p=17727"},"modified":"2022-11-24T20:40:39","modified_gmt":"2022-11-24T23:40:39","slug":"feira-de-saude-e-cidadania-presta-servicos-e-atendimentos-a-comunidade-em-santa-ines","status":"publish","type":"post","link":"https:\/\/www.ifbaiano.edu.br\/unidades\/santaines\/feira-de-saude-e-cidadania-presta-servicos-e-atendimentos-a-comunidade-em-santa-ines\/","title":{"rendered":"Feira de Sa\u00fade e Cidadania presta servi\u00e7os e atendimentos \u00e0 comunidade em Santa In\u00eas"},"content":{"rendered":"\n<p>Na quarta-feira, 23, ap\u00f3s dois anos sem acontecer, devido \u00e0 pandemia de Covid-19, a Feira de Sa\u00fade e Cidadania do IF Baiano \u2013 Campus Santa In\u00eas chega \u00e0 sua quarta edi\u00e7\u00e3o em 2022. Idealizada pela Comiss\u00e3o Pr\u00f3-Sa\u00fade, a iniciativa promoveu um dia inteiro de atividades dedicadas \u00e0 sa\u00fade e ao bem-estar, com a participa\u00e7\u00e3o de estudantes, servidores t\u00e9cnico-Administrativos, colaboradores, professores,  e parceiros na presta\u00e7\u00e3o de servi\u00e7os \u00e0 comunidade.<\/p>\n\n\n\n<p>A programa\u00e7\u00e3o contou com oficinas, aulas de dan\u00e7a e yoga, palestras, estandes e apresenta\u00e7\u00f5es culturais, al\u00e9m de servi\u00e7os de sa\u00fade e cuidados pessoais.<\/p>\n\n\n\n<figure class=\"wp-block-gallery columns-3 is-cropped wp-block-gallery-1 is-layout-flex\"><ul class=\"blocks-gallery-grid\"><li class=\"blocks-gallery-item\"><figure><a href=\"https:\/\/www.ifbaiano.edu.br\/unidades\/santaines\/files\/2022\/11\/60049c44-86ad-46d6-9506-78025ac914f5.jpg\"><img decoding=\"async\" loading=\"lazy\" width=\"1600\" height=\"1200\" src=\"https:\/\/www.ifbaiano.edu.br\/unidades\/santaines\/files\/2022\/11\/60049c44-86ad-46d6-9506-78025ac914f5.jpg\" alt=\"\" data-id=\"17741\" data-full-url=\"https:\/\/www.ifbaiano.edu.br\/unidades\/santaines\/files\/2022\/11\/60049c44-86ad-46d6-9506-78025ac914f5.jpg\" data-link=\"https:\/\/www.ifbaiano.edu.br\/unidades\/santaines\/?attachment_id=17741\" class=\"wp-image-17741\" \/><\/a><\/figure><\/li><li class=\"blocks-gallery-item\"><figure><a href=\"https:\/\/www.ifbaiano.edu.br\/unidades\/santaines\/files\/2022\/11\/4dffbbeb-e74c-4218-83f5-f5d431ff134d.jpg\"><img decoding=\"async\" loading=\"lazy\" width=\"1024\" height=\"768\" src=\"https:\/\/www.ifbaiano.edu.br\/unidades\/santaines\/files\/2022\/11\/4dffbbeb-e74c-4218-83f5-f5d431ff134d.jpg\" alt=\"\" data-id=\"17749\" data-full-url=\"https:\/\/www.ifbaiano.edu.br\/unidades\/santaines\/files\/2022\/11\/4dffbbeb-e74c-4218-83f5-f5d431ff134d.jpg\" data-link=\"https:\/\/www.ifbaiano.edu.br\/unidades\/santaines\/?attachment_id=17749\" class=\"wp-image-17749\" \/><\/a><\/figure><\/li><li class=\"blocks-gallery-item\"><figure><a href=\"https:\/\/www.ifbaiano.edu.br\/unidades\/santaines\/files\/2022\/11\/9638c31f-39fe-46b0-8186-d985be6199dd.jpg\"><img decoding=\"async\" loading=\"lazy\" width=\"1600\" height=\"1200\" src=\"https:\/\/www.ifbaiano.edu.br\/unidades\/santaines\/files\/2022\/11\/9638c31f-39fe-46b0-8186-d985be6199dd.jpg\" alt=\"\" data-id=\"17739\" data-full-url=\"https:\/\/www.ifbaiano.edu.br\/unidades\/santaines\/files\/2022\/11\/9638c31f-39fe-46b0-8186-d985be6199dd.jpg\" data-link=\"https:\/\/www.ifbaiano.edu.br\/unidades\/santaines\/?attachment_id=17739\" class=\"wp-image-17739\" \/><\/a><\/figure><\/li><\/ul><\/figure>\n\n\n\n<p>\u201cRealizar a Feira de Sa\u00fade e Cidadania nesse contexto, de p\u00f3s-pandemia, de retorno \u00e0s nossas atividades, tem um significado muito especial para o nosso campus, porque estamos promovendo a\u00e7\u00f5es em educa\u00e7\u00e3o e voltadas \u00e0 sa\u00fade, alinhadas \u00e0 forma\u00e7\u00e3o cidad\u00e3 e a esse di\u00e1logo com o nosso territ\u00f3rio\u201d, afirma Genilda Lima, diretora geral do campus. \u201cNos nossos estandes, os expositores s\u00e3o da&nbsp; comunidade e estudantes aqui do campus, que se tornam os protagonistas das atividades. Nesse momento, que estamos em processo de ingresso de estudantes, a\u00e7\u00f5es como essas mostram a import\u00e2ncia do IF Baiano como institui\u00e7\u00e3o de educa\u00e7\u00e3o\u201d.<\/p>\n\n\n\n<div class=\"wp-block-media-text alignwide is-stacked-on-mobile\"><figure class=\"wp-block-media-text__media\"><img decoding=\"async\" loading=\"lazy\" width=\"1280\" height=\"933\" src=\"https:\/\/www.ifbaiano.edu.br\/unidades\/santaines\/files\/2022\/11\/a1db4248-a651-49a1-85d0-fddecd607002.jpg\" alt=\"\" class=\"wp-image-17728 size-full\" \/><\/figure><div class=\"wp-block-media-text__content\">\n<p>Ana Beatriz Santos, estudante do 3\u00b0 ano do curso T\u00e9cnico em Alimentos, conta que participava da Feira antes mesmo de ingressar no IF Baiano.&nbsp; \u201cEu sempre quis muito participar do evento como estudante, porque eu j\u00e1 participei quando estudava em uma escola estadual. Eu vinha pra c\u00e1 e sempre gostei muito da Feira de Sa\u00fade e Cidadania\u201d.<\/p>\n<\/div><\/div>\n\n\n\n<p>Nesta edi\u00e7\u00e3o, Ana participou como expositora: \u201cacho muito importante este evento, pois pudemos, a partir da pesquisa que a gente fez, socializar as informa\u00e7\u00f5es com as pessoas, como a import\u00e2ncia da alimenta\u00e7\u00e3o saud\u00e1vel, a diferen\u00e7a entre misturas l\u00e1cteas, entre outras informa\u00e7\u00f5es. \u00c9 um evento que abre oportunidades para as pessoas\u201d.<\/p>\n\n\n\n<p>Tharcila Pessoa, coordenadora de ensino, explica que o evento tem import\u00e2ncia tamb\u00e9m para a sa\u00fade mental dos alunos. \u201cA Feira de Sa\u00fade \u00e9 uma tradi\u00e7\u00e3o do campus, que acontece no final do ano e \u00e9 importante para que os alunos tenham esse vigor. Temos diversos estandes relacionados a terapias, atividades afetivas, sa\u00fade, vacinas, ent\u00e3o traz todo esse cuidado com os alunos. No sentido pedag\u00f3gico, \u00e9 uma renova\u00e7\u00e3o de energia para as aulas, e, ao mesmo tempo, promover o entendimento da sa\u00fade, seguran\u00e7a, biosseguran\u00e7a, seguran\u00e7a com animais pe\u00e7onhentos, como se comportar, se encontrar, a import\u00e2ncia da vacina\u00e7\u00e3o, ent\u00e3o s\u00e3o v\u00e1rias atividades para que os estudantes possam dar prioridade \u00e0 sa\u00fade. E al\u00e9m de ser uma atividade deles, \u00e9 uma atividade deles para os outros tamb\u00e9m, ent\u00e3o eles tamb\u00e9m se envolvem na promo\u00e7\u00e3o de sa\u00fade para a popula\u00e7\u00e3o das redondezas do instituto\u201d.<\/p>\n\n\n\n<div class=\"wp-block-media-text alignwide is-stacked-on-mobile\"><figure class=\"wp-block-media-text__media\"><img decoding=\"async\" loading=\"lazy\" width=\"1600\" height=\"1200\" src=\"https:\/\/www.ifbaiano.edu.br\/unidades\/santaines\/files\/2022\/11\/820942f2-9941-4c2a-b1a3-2b9cb6e602d7.jpg\" alt=\"\" class=\"wp-image-17758 size-full\" \/><\/figure><div class=\"wp-block-media-text__content\">\n<p>Parceira do evento, a Universidade Estadual do Sudoeste da Bahia (UESB) esteve presente atrav\u00e9s do Programa de P\u00f3s-Gradua\u00e7\u00e3o em Enfermagem e Sa\u00fade, que tem sede no campus de Jequi\u00e9 da UESB. Segundo Adriana Nery, professora do Programa, \u201cessa parceria entre nosso programa e o IF Baiano, uma parceria entre educa\u00e7\u00e3o e sa\u00fade, s\u00f3 fortalece a pr\u00e1tica da educa\u00e7\u00e3o, da sa\u00fade, e o Sistema \u00danico de Sa\u00fade. Ao mesmo tempo, d\u00e1 voz aos estudantes, e a gente pode observar aqui uma diversidade de talentos, de perspectivas para o futuro, ao mesmo tempo em que conseguimos trabalhar na preven\u00e7\u00e3o de doen\u00e7as e na promo\u00e7\u00e3o da sa\u00fade\u201d.<\/p>\n<\/div><\/div>\n\n\n\n<p>O evento teve como parceiros institucionais a Secretaria Municipal de Sa\u00fade de Santa In\u00eas, a Secretaria Municipal de Sa\u00fade de Jiquiri\u00e7\u00e1 e a Universidade Estadual do Sudoeste da Bahia, e contou com a participa\u00e7\u00e3o volunt\u00e1ria de diversos profissionais da \u00e1rea da sa\u00fade e dos cuidados pessoais. Entre os estandes e servi\u00e7os ofertados est\u00e3o aulas de dan\u00e7a e yoga, massoterapia, reflexologia, argiloterapia, sa\u00fade adolescente, corte de cabelo e manicure, orienta\u00e7\u00f5es sobre contato e lida com animais pe\u00e7onhentos, arte e afetividade, plantas medicinais, licureteria, ci\u00eancia dos alimentos, oficina de dan\u00e7a afro, oficina de capoeira, entre outros.<\/p>\n\n\n\n<p><\/p>\n\n\n\n<figure class=\"wp-block-gallery columns-3 is-cropped wp-block-gallery-3 is-layout-flex\"><ul class=\"blocks-gallery-grid\"><li class=\"blocks-gallery-item\"><figure><a href=\"https:\/\/www.ifbaiano.edu.br\/unidades\/santaines\/files\/2022\/11\/9638c31f-39fe-46b0-8186-d985be6199dd-1.jpg\"><img decoding=\"async\" loading=\"lazy\" width=\"1600\" height=\"1200\" src=\"https:\/\/www.ifbaiano.edu.br\/unidades\/santaines\/files\/2022\/11\/9638c31f-39fe-46b0-8186-d985be6199dd-1.jpg\" alt=\"\" data-id=\"17745\" data-link=\"https:\/\/www.ifbaiano.edu.br\/unidades\/santaines\/?attachment_id=17745\" class=\"wp-image-17745\" \/><\/a><\/figure><\/li><li class=\"blocks-gallery-item\"><figure><a href=\"https:\/\/www.ifbaiano.edu.br\/unidades\/santaines\/files\/2022\/11\/c7b8e517-d744-4086-87c1-a98e8ade81ea.jpg\"><img decoding=\"async\" loading=\"lazy\" width=\"1600\" height=\"1200\" src=\"https:\/\/www.ifbaiano.edu.br\/unidades\/santaines\/files\/2022\/11\/c7b8e517-d744-4086-87c1-a98e8ade81ea.jpg\" alt=\"\" data-id=\"17751\" data-link=\"https:\/\/www.ifbaiano.edu.br\/unidades\/santaines\/?attachment_id=17751\" class=\"wp-image-17751\" \/><\/a><\/figure><\/li><li class=\"blocks-gallery-item\"><figure><a href=\"https:\/\/www.ifbaiano.edu.br\/unidades\/santaines\/files\/2022\/11\/86b0d170-bd32-405b-8e84-62b8c26c0d8c-1.jpg\"><img decoding=\"async\" loading=\"lazy\" width=\"1600\" height=\"1200\" src=\"https:\/\/www.ifbaiano.edu.br\/unidades\/santaines\/files\/2022\/11\/86b0d170-bd32-405b-8e84-62b8c26c0d8c-1.jpg\" alt=\"\" data-id=\"17752\" data-link=\"https:\/\/www.ifbaiano.edu.br\/unidades\/santaines\/?attachment_id=17752\" class=\"wp-image-17752\" \/><\/a><\/figure><\/li><\/ul><\/figure>\n\n\n\n<div class=\"wp-block-media-text alignwide is-stacked-on-mobile\"><figure class=\"wp-block-media-text__media\"><img decoding=\"async\" loading=\"lazy\" width=\"1600\" height=\"1200\" src=\"https:\/\/www.ifbaiano.edu.br\/unidades\/santaines\/files\/2022\/11\/a435a796-8f25-4cdf-9b15-b47d1628df36.jpg\" alt=\"\" class=\"wp-image-17738 size-full\" \/><\/figure><div class=\"wp-block-media-text__content\">\n<p>Para Anderson Jambeiro, presidente da Comiss\u00e3o Pr\u00f3-Sa\u00fade, \u201co evento tem o significado importante de&nbsp; fazer essa reuni\u00e3o de colaboradores e parceiros do Vale, a UESB, as secretarias municipais de sa\u00fade, que est\u00e3o juntos em diversas atividades da \u00e1rea de sa\u00fade. Significa muito tamb\u00e9m para n\u00f3s, que somos profissionais da \u00e1rea de sa\u00fade do campus, \u00e9 tamb\u00e9m um fortalecimento da institui\u00e7\u00e3o, da nossa a\u00e7\u00e3o cidad\u00e3 p\u00f3s-pandemia, e ainda refor\u00e7a a import\u00e2ncia do fortalecimento do SUS, que \u00e9 o sistema \u00fanico de sa\u00fade brasileiro, e que n\u00f3s estamos sempre trazendo como carro-chefe em nossos eventos e atividades\u201d.<\/p>\n<\/div><\/div>\n\n\n\n<p>Seu Ant\u00f4nio Soares, de Santa In\u00eas, levou plantas medicinais ao evento. \u201cAcho muito importante a participa\u00e7\u00e3o, al\u00e9m de expor as minhas plantas, eu aprendo muito tamb\u00e9m\u201d.<\/p>\n\n\n\n<figure class=\"wp-block-gallery columns-3 is-cropped wp-block-gallery-5 is-layout-flex\"><ul class=\"blocks-gallery-grid\"><li class=\"blocks-gallery-item\"><figure><a href=\"https:\/\/www.ifbaiano.edu.br\/unidades\/santaines\/files\/2022\/11\/3e2ab229-8091-49ca-aa12-a626a83e8e81.jpg\"><img decoding=\"async\" loading=\"lazy\" width=\"1280\" height=\"819\" src=\"https:\/\/www.ifbaiano.edu.br\/unidades\/santaines\/files\/2022\/11\/3e2ab229-8091-49ca-aa12-a626a83e8e81.jpg\" alt=\"\" data-id=\"17731\" data-link=\"https:\/\/www.ifbaiano.edu.br\/unidades\/santaines\/?attachment_id=17731\" class=\"wp-image-17731\" \/><\/a><\/figure><\/li><li class=\"blocks-gallery-item\"><figure><a href=\"https:\/\/www.ifbaiano.edu.br\/unidades\/santaines\/files\/2022\/11\/b69b7acc-5825-4712-a54d-229d05575b2e.jpg\"><img decoding=\"async\" loading=\"lazy\" width=\"1600\" height=\"738\" src=\"https:\/\/www.ifbaiano.edu.br\/unidades\/santaines\/files\/2022\/11\/b69b7acc-5825-4712-a54d-229d05575b2e.jpg\" alt=\"\" data-id=\"17732\" data-link=\"https:\/\/www.ifbaiano.edu.br\/unidades\/santaines\/?attachment_id=17732\" class=\"wp-image-17732\" \/><\/a><\/figure><\/li><li class=\"blocks-gallery-item\"><figure><a href=\"https:\/\/www.ifbaiano.edu.br\/unidades\/santaines\/files\/2022\/11\/e2cba767-c560-49fb-9a29-37c814838bda.jpg\"><img decoding=\"async\" loading=\"lazy\" width=\"1600\" height=\"738\" src=\"https:\/\/www.ifbaiano.edu.br\/unidades\/santaines\/files\/2022\/11\/e2cba767-c560-49fb-9a29-37c814838bda.jpg\" alt=\"\" data-id=\"17733\" data-link=\"https:\/\/www.ifbaiano.edu.br\/unidades\/santaines\/?attachment_id=17733\" class=\"wp-image-17733\" \/><\/a><\/figure><\/li><li class=\"blocks-gallery-item\"><figure><a href=\"https:\/\/www.ifbaiano.edu.br\/unidades\/santaines\/files\/2022\/11\/efe8cbd1-2965-491f-98a5-b179b68430d0.jpg\"><img decoding=\"async\" loading=\"lazy\" width=\"1600\" height=\"738\" src=\"https:\/\/www.ifbaiano.edu.br\/unidades\/santaines\/files\/2022\/11\/efe8cbd1-2965-491f-98a5-b179b68430d0.jpg\" alt=\"\" data-id=\"17734\" data-link=\"https:\/\/www.ifbaiano.edu.br\/unidades\/santaines\/?attachment_id=17734\" class=\"wp-image-17734\" \/><\/a><\/figure><\/li><li class=\"blocks-gallery-item\"><figure><a href=\"https:\/\/www.ifbaiano.edu.br\/unidades\/santaines\/files\/2022\/11\/1215a197-3631-4731-8f6d-9725e8da6fe2.jpg\"><img decoding=\"async\" loading=\"lazy\" width=\"1600\" height=\"738\" src=\"https:\/\/www.ifbaiano.edu.br\/unidades\/santaines\/files\/2022\/11\/1215a197-3631-4731-8f6d-9725e8da6fe2.jpg\" alt=\"\" data-id=\"17735\" data-link=\"https:\/\/www.ifbaiano.edu.br\/unidades\/santaines\/?attachment_id=17735\" class=\"wp-image-17735\" \/><\/a><\/figure><\/li><li class=\"blocks-gallery-item\"><figure><a href=\"https:\/\/www.ifbaiano.edu.br\/unidades\/santaines\/files\/2022\/11\/b13bcff2-aa74-4854-9320-0e2440f32fa3.jpg\"><img decoding=\"async\" loading=\"lazy\" width=\"1600\" height=\"738\" src=\"https:\/\/www.ifbaiano.edu.br\/unidades\/santaines\/files\/2022\/11\/b13bcff2-aa74-4854-9320-0e2440f32fa3.jpg\" alt=\"\" data-id=\"17736\" data-link=\"https:\/\/www.ifbaiano.edu.br\/unidades\/santaines\/?attachment_id=17736\" class=\"wp-image-17736\" \/><\/a><\/figure><\/li><li class=\"blocks-gallery-item\"><figure><a href=\"https:\/\/www.ifbaiano.edu.br\/unidades\/santaines\/files\/2022\/11\/4ebbbe5e-b0d5-4b49-9296-f2857ea94c84.jpg\"><img decoding=\"async\" loading=\"lazy\" width=\"1600\" height=\"738\" src=\"https:\/\/www.ifbaiano.edu.br\/unidades\/santaines\/files\/2022\/11\/4ebbbe5e-b0d5-4b49-9296-f2857ea94c84.jpg\" alt=\"\" data-id=\"17737\" data-link=\"https:\/\/www.ifbaiano.edu.br\/unidades\/santaines\/?attachment_id=17737\" class=\"wp-image-17737\" \/><\/a><\/figure><\/li><li class=\"blocks-gallery-item\"><figure><a href=\"https:\/\/www.ifbaiano.edu.br\/unidades\/santaines\/files\/2022\/11\/7a408a02-c4e5-46dc-96ad-713576b20067.jpg\"><img decoding=\"async\" loading=\"lazy\" width=\"1600\" height=\"900\" src=\"https:\/\/www.ifbaiano.edu.br\/unidades\/santaines\/files\/2022\/11\/7a408a02-c4e5-46dc-96ad-713576b20067.jpg\" alt=\"\" data-id=\"17740\" data-link=\"https:\/\/www.ifbaiano.edu.br\/unidades\/santaines\/?attachment_id=17740\" class=\"wp-image-17740\" \/><\/a><\/figure><\/li><li class=\"blocks-gallery-item\"><figure><a href=\"https:\/\/www.ifbaiano.edu.br\/unidades\/santaines\/files\/2022\/11\/6865700e-e417-4ee3-a835-adaed5629b1f.jpg\"><img decoding=\"async\" loading=\"lazy\" width=\"1600\" height=\"901\" src=\"https:\/\/www.ifbaiano.edu.br\/unidades\/santaines\/files\/2022\/11\/6865700e-e417-4ee3-a835-adaed5629b1f.jpg\" alt=\"\" data-id=\"17743\" data-link=\"https:\/\/www.ifbaiano.edu.br\/unidades\/santaines\/?attachment_id=17743\" class=\"wp-image-17743\" \/><\/a><\/figure><\/li><li class=\"blocks-gallery-item\"><figure><a href=\"https:\/\/www.ifbaiano.edu.br\/unidades\/santaines\/files\/2022\/11\/722e9ab5-e907-4e21-a9db-763c701ea862.jpg\"><img decoding=\"async\" loading=\"lazy\" width=\"1600\" height=\"1200\" src=\"https:\/\/www.ifbaiano.edu.br\/unidades\/santaines\/files\/2022\/11\/722e9ab5-e907-4e21-a9db-763c701ea862.jpg\" alt=\"\" data-id=\"17742\" data-link=\"https:\/\/www.ifbaiano.edu.br\/unidades\/santaines\/?attachment_id=17742\" class=\"wp-image-17742\" \/><\/a><\/figure><\/li><li class=\"blocks-gallery-item\"><figure><a href=\"https:\/\/www.ifbaiano.edu.br\/unidades\/santaines\/files\/2022\/11\/9ee0b00f-672f-4c43-a416-6c7a523e7a2d.jpg\"><img decoding=\"async\" loading=\"lazy\" width=\"1600\" height=\"1200\" src=\"https:\/\/www.ifbaiano.edu.br\/unidades\/santaines\/files\/2022\/11\/9ee0b00f-672f-4c43-a416-6c7a523e7a2d.jpg\" alt=\"\" data-id=\"17744\" data-link=\"https:\/\/www.ifbaiano.edu.br\/unidades\/santaines\/?attachment_id=17744\" class=\"wp-image-17744\" \/><\/a><\/figure><\/li><li class=\"blocks-gallery-item\"><figure><a href=\"https:\/\/www.ifbaiano.edu.br\/unidades\/santaines\/files\/2022\/11\/29dc86f4-36e7-4d74-b816-d2e36d79299e.jpg\"><img decoding=\"async\" loading=\"lazy\" width=\"1600\" height=\"1200\" src=\"https:\/\/www.ifbaiano.edu.br\/unidades\/santaines\/files\/2022\/11\/29dc86f4-36e7-4d74-b816-d2e36d79299e.jpg\" alt=\"\" data-id=\"17746\" data-link=\"https:\/\/www.ifbaiano.edu.br\/unidades\/santaines\/?attachment_id=17746\" class=\"wp-image-17746\" \/><\/a><\/figure><\/li><li class=\"blocks-gallery-item\"><figure><a href=\"https:\/\/www.ifbaiano.edu.br\/unidades\/santaines\/files\/2022\/11\/6c663cbb-eae4-4567-981f-2ecc901569c1.jpg\"><img decoding=\"async\" loading=\"lazy\" width=\"1600\" height=\"1200\" src=\"https:\/\/www.ifbaiano.edu.br\/unidades\/santaines\/files\/2022\/11\/6c663cbb-eae4-4567-981f-2ecc901569c1.jpg\" alt=\"\" data-id=\"17747\" data-link=\"https:\/\/www.ifbaiano.edu.br\/unidades\/santaines\/?attachment_id=17747\" class=\"wp-image-17747\" \/><\/a><\/figure><\/li><\/ul><\/figure>\n\n\n\n<hr class=\"wp-block-separator\" \/>\n\n\n\n<p><\/p>\n","protected":false},"excerpt":{"rendered":"<p>Na quarta-feira, 23, ap\u00f3s dois anos sem acontecer, devido \u00e0 pandemia de Covid-19, a Feira de Sa\u00fade e Cidadania do IF Baiano \u2013 Campus Santa In\u00eas chega \u00e0 sua quarta edi\u00e7\u00e3o em 2022. Idealizada pela Comiss\u00e3o Pr\u00f3-Sa\u00fade, a iniciativa promoveu um dia inteiro de atividades dedicadas \u00e0 sa\u00fade e ao bem-estar, com a participa\u00e7\u00e3o de [&hellip;]<\/p>\n","protected":false},"author":86,"featured_media":17744,"comment_status":"closed","ping_status":"closed","sticky":false,"template":"","format":"standard","meta":[],"categories":[4,5,37,57],"tags":[],"_links":{"self":[{"href":"https:\/\/www.ifbaiano.edu.br\/unidades\/santaines\/wp-json\/wp\/v2\/posts\/17727"}],"collection":[{"href":"https:\/\/www.ifbaiano.edu.br\/unidades\/santaines\/wp-json\/wp\/v2\/posts"}],"about":[{"href":"https:\/\/www.ifbaiano.edu.br\/unidades\/santaines\/wp-json\/wp\/v2\/types\/post"}],"author":[{"embeddable":true,"href":"https:\/\/www.ifbaiano.edu.br\/unidades\/santaines\/wp-json\/wp\/v2\/users\/86"}],"replies":[{"embeddable":true,"href":"https:\/\/www.ifbaiano.edu.br\/unidades\/santaines\/wp-json\/wp\/v2\/comments?post=17727"}],"version-history":[{"count":9,"href":"https:\/\/www.ifbaiano.edu.br\/unidades\/santaines\/wp-json\/wp\/v2\/posts\/17727\/revisions"}],"predecessor-version":[{"id":17762,"href":"https:\/\/www.ifbaiano.edu.br\/unidades\/santaines\/wp-json\/wp\/v2\/posts\/17727\/revisions\/17762"}],"wp:featuredmedia":[{"embeddable":true,"href":"https:\/\/www.ifbaiano.edu.br\/unidades\/santaines\/wp-json\/wp\/v2\/media\/17744"}],"wp:attachment":[{"href":"https:\/\/www.ifbaiano.edu.br\/unidades\/santaines\/wp-json\/wp\/v2\/media?parent=17727"}],"wp:term":[{"taxonomy":"category","embeddable":true,"href":"https:\/\/www.ifbaiano.edu.br\/unidades\/santaines\/wp-json\/wp\/v2\/categories?post=17727"},{"taxonomy":"post_tag","embeddable":true,"href":"https:\/\/www.ifbaiano.edu.br\/unidades\/santaines\/wp-json\/wp\/v2\/tags?post=17727"}],"curies":[{"name":"wp","href":"https:\/\/api.w.org\/{rel}","templated":true}]}}